{"id":1052,"date":"2025-07-30T11:01:15","date_gmt":"2025-07-30T17:01:15","guid":{"rendered":"https:\/\/daxel.mx\/blog\/?p=1052"},"modified":"2025-07-03T11:39:12","modified_gmt":"2025-07-03T17:39:12","slug":"cuales-son-los-dispositivos-mas-usados-en-espacios-de-videoconferencia","status":"publish","type":"post","link":"https:\/\/daxel.mx\/blog\/2025\/07\/30\/cuales-son-los-dispositivos-mas-usados-en-espacios-de-videoconferencia\/","title":{"rendered":"\u00bfCu\u00e1les son los dispositivos m\u00e1s usados en espacios de videoconferencia?"},"content":{"rendered":"<p>En los espacios o salas para videoconferencia resulta muy com\u00fan hallar la presencia de diversos tipos de dispositivos, sistemas y equipos tecnol\u00f3gicos. Desde la <a href=\"https:\/\/daxel.mx\/camara-para-videoconferencia.php\"><strong>c\u00e1mara para videoconferencia<\/strong><\/a> y los micr\u00f3fonos hasta pantallas, dispositivos de reserva y sistemas de automatizaci\u00f3n. Cada uno de estos ofrecen funciones de importancia para optimizar los procesos y la experiencia de los participantes.<\/p>\n<p>Es importante implementar dispositivos de alta calidad que se adapten a las necesidades espec\u00edficas de cada espacio de reuniones. De esta manera se podr\u00e1 disfrutar de una experiencia inmersiva que contribuye en la concentraci\u00f3n, productividad y toma de decisiones de las empresas modernas.<\/p>\n<h2>\u00bfQu\u00e9 dispositivos se usan en los espacios de videoconferencia?<\/h2>\n<p>Como mencionamos antes, en los espacios de videoconferencia se requiere de diversos elementos con el fin de optimizar la experiencia y los niveles de productividad durante las reuniones. Uno de los m\u00e1s importantes es la <a href=\"https:\/\/daxel.mx\/camara-para-videoconferencia.php\"><strong>c\u00e1mara para videoconferencia<\/strong><\/a>, un dispositivo capaz de transmitir im\u00e1genes n\u00edtidas en tiempo real de una ubicaci\u00f3n a otra mediante conexi\u00f3n a Internet.<\/p>\n<p>Estas c\u00e1maras resultan de crucial importancia pues permiten a los participantes y asistentes visualizar expresiones faciales y lenguaje corporal de los facilitadores. Lo que contribuye enormemente en la comunicaci\u00f3n y participaci\u00f3n adem\u00e1s de optimizar la experiencia a un siguiente nivel. Sin embargo, esto es solo el inicio pues existen algunos otros componentes y soluciones tecnol\u00f3gicas de importancia a considerar. D\u00e1xel le ense\u00f1a los m\u00e1s relevantes, a continuaci\u00f3n:<\/p>\n<h3>Micr\u00f3fonos<\/h3>\n<p>El <a href=\"https:\/\/daxel.mx\/microfono-para-sala-de-juntas.php\"><strong>micr\u00f3fono para la sala de juntas<\/strong><\/a>, al igual que las c\u00e1maras, resulta de mucha relevancia. Esto se debe a que permiten mejorar la calidad del audio para lograr una comunicaci\u00f3n clara entre los facilitadores o presentadores y los participantes o asistentes. Existen distintos tipos de micr\u00f3fonos como los de mesa, los integrados en barras de video, micr\u00f3fonos con cancelaci\u00f3n de ruido y otros m\u00e1s.<\/p>\n<p>Es importante tener en cuenta las necesidades espec\u00edficas del espacio para videoconferencia para elegir el adecuado. En salas con ruido alrededor o de fondo, por ejemplo, se recomienda utilizar un micr\u00f3fono con cancelaci\u00f3n de ruido para evitar las interferencias inc\u00f3modas.<\/p>\n<h3>Altavoces o bocinas<\/h3>\n<p>Los altavoces o bocinas son dispositivos especialmente dise\u00f1ados para proporcionar un sonido claro y m\u00e1s potente en las salas para videoconferencia. Por lo general est\u00e1n integrados en barras de video, aunque se pueden contar con dispositivos independientes como las bocinas hi fi que se integran a un sistema completo de videoconferencia.<\/p>\n<h3>Pantallas de visualizaci\u00f3n<\/h3>\n<p>Las pantallas de visualizaci\u00f3n resultan cruciales, ya que permiten generar mayor concentraci\u00f3n en los participantes y compartir elementos multimedia. Desde im\u00e1genes y hasta videos, incluso con un sistema de audio integrado se pueden reproducir notas de voz y contar con un funcionamiento combinado y efectivo.<\/p>\n<h3>Pantallas para controlar la videoconferencia<\/h3>\n<p>Adem\u00e1s de la pantalla de visualizaci\u00f3n, es posible contar con dispositivos como la <a href=\"https:\/\/daxel.mx\/pantalla-tactil-para-controlar-videoconferencia.php\"><strong>pantalla t\u00e1ctil para controlar la videoconferencia<\/strong><\/a>. Este es un dispositivo enfocado en el control de lo que sucede en el espacio de reuniones. Mediante su funcionamiento es posible controlar la accesibilidad a la reuni\u00f3n, diversas funciones de los sistemas de audio y video y otros elementos m\u00e1s. Lo que contribuye enormemente a la eficiencia del proceso al evitar interrupciones, fallas t\u00e9cnicas y otros problemas comunes.<\/p>\n<h3>Conectividad y accesorios<\/h3>\n<p>La conectividad es clave para las salas de videoconferencia ya que es la que permite que el evento se desarrolle con normalidad y de manera estable. Es importante contar con una excelente velocidad de Internet para transmitir audio y video en tiempo real y sin presencia de fallas o interrupciones.<\/p>\n<p>De igual forma, los hubs USB y cables se requieren para conectar los diferentes componentes a un ordenador o sistema centralizado. Tambi\u00e9n existen dispositivos de reserva de salas, tabletas, controles remotos y otros accesorios para llevar la experiencia al m\u00e1ximo nivel.<\/p>\n<h2>\u00bfD\u00f3nde adquirir estos dispositivos?<\/h2>\n<p>Lo m\u00e1s aconsejable es contar con una empresa proveedora responsable y reconocida como D\u00e1xel. Esto con el fin de adquirir dispositivos y sistemas de la m\u00e1s alta calidad en el mercado que ofrezcan un ciclo de vida \u00fatil prolongado y un funcionamiento confiable y eficiente.<\/p>\n<p>En D\u00e1xel, por ejemplo, podr\u00e1 acceder a una amplia gama de alternativas adem\u00e1s de asesoramiento e informaci\u00f3n relevante para disipar cualquier tipo de duda relacionada. Algo de suma relevancia cuando se trata del m\u00e1ximo aprovechamiento de cada dispositivo y funcionamiento disponible.<\/p>\n<h2>\u00a1D\u00e1xel tiene las mejores soluciones tecnol\u00f3gicas para videoconferencia en el mercado!<\/h2>\n<p>En D\u00e1xel somos una empresa con a\u00f1os de experiencia y una reputaci\u00f3n intachable que deja a su disposici\u00f3n una amplia gama de soluciones tecnol\u00f3gicas y servicios de la m\u00e1s alta calidad. Desde la <a href=\"https:\/\/daxel.mx\/camara-para-videoconferencia.php\"><strong>c\u00e1mara para videoconferencia<\/strong><\/a>, bocinas y pantallas, hasta dispositivos de reserva, sistemas de automatizaci\u00f3n y mucho m\u00e1s.<\/p>\n<p>Si desea saber m\u00e1s sobre nuestro cat\u00e1logo de equipos o sobre nuestros servicios le invitamos a comunicarse con nosotros mediante el correo electr\u00f3nico <a href=\"mailto:contacto@daxel.mx\">contacto@daxel.mx<\/a> o a trav\u00e9s del n\u00famero <a href=\"about:blank\">(477) 555 7200<\/a>. Con gusto responderemos a la brevedad con toda la informaci\u00f3n necesaria.<\/p>\n","protected":false},"excerpt":{"rendered":"<p>En los espacios o salas para videoconferencia resulta muy com\u00fan hallar la presencia de diversos tipos de dispositivos, sistemas y equipos tecnol\u00f3gicos. Desde la c\u00e1mara para videoconferencia y los micr\u00f3fonos hasta pantallas, dispositivos de reserva y sistemas de automatizaci\u00f3n. Cada uno de estos ofrecen funciones de importancia para optimizar los procesos y la experiencia de&hellip; <br \/> <a class=\"read-more\" href=\"https:\/\/daxel.mx\/blog\/2025\/07\/30\/cuales-son-los-dispositivos-mas-usados-en-espacios-de-videoconferencia\/\">Leer m\u00e1s<\/a><\/p>\n","protected":false},"author":342,"featured_media":1011,"comment_status":"closed","ping_status":"closed","sticky":false,"template":"","format":"standard","meta":{"footnotes":"","jetpack_publicize_message":"","jetpack_publicize_feature_enabled":true,"jetpack_social_post_already_shared":true,"jetpack_social_options":{"image_generator_settings":{"template":"highway","default_image_id":0,"font":"","enabled":false},"version":2}},"categories":[37],"tags":[],"class_list":["post-1052","post","type-post","status-publish","format-standard","has-post-thumbnail","hentry","category-blog"],"yoast_head":"<!-- This site is optimized with the Yoast SEO plugin v27.3 - https:\/\/yoast.com\/product\/yoast-seo-wordpress\/ -->\n<title>\u00bfCu\u00e1les son los dispositivos m\u00e1s usados en espacios de videoconferencia?<\/title>\n<meta name=\"description\" content=\"Conozca algunos de los dispositivos m\u00e1s utilizados en espacios para videoconferencia, desde la c\u00e1mara para videoconferencia hasta micr\u00f3fonos y otros m\u00e1s\" \/>\n<meta name=\"robots\" content=\"index, follow, max-snippet:-1, max-image-preview:large, max-video-preview:-1\" \/>\n<link rel=\"canonical\" href=\"https:\/\/daxel.mx\/blog\/2025\/07\/30\/cuales-son-los-dispositivos-mas-usados-en-espacios-de-videoconferencia\/\" \/>\n<meta property=\"og:locale\" content=\"es_MX\" \/>\n<meta property=\"og:type\" content=\"article\" \/>\n<meta property=\"og:title\" content=\"\u00bfCu\u00e1les son los dispositivos m\u00e1s usados en espacios de videoconferencia?\" \/>\n<meta property=\"og:description\" content=\"Conozca algunos de los dispositivos m\u00e1s utilizados en espacios para videoconferencia, desde la c\u00e1mara para videoconferencia hasta micr\u00f3fonos y otros m\u00e1s\" \/>\n<meta property=\"og:url\" content=\"https:\/\/daxel.mx\/blog\/2025\/07\/30\/cuales-son-los-dispositivos-mas-usados-en-espacios-de-videoconferencia\/\" \/>\n<meta property=\"og:site_name\" content=\"D\u00e1xel Blog\" \/>\n<meta property=\"article:publisher\" content=\"https:\/\/www.facebook.com\/DaxelDomoticaAudiovisual\/\" \/>\n<meta property=\"article:published_time\" content=\"2025-07-30T17:01:15+00:00\" \/>\n<meta property=\"og:image\" content=\"https:\/\/daxel.mx\/blog\/wp-content\/uploads\/2025\/05\/kramer-k-cam4k-pi-1-min-1-min.jpg\" \/>\n\t<meta property=\"og:image:width\" content=\"1000\" \/>\n\t<meta property=\"og:image:height\" content=\"442\" \/>\n\t<meta property=\"og:image:type\" content=\"image\/jpeg\" \/>\n<meta name=\"author\" content=\"programacion\" \/>\n<meta name=\"twitter:card\" content=\"summary_large_image\" \/>\n<meta name=\"twitter:label1\" content=\"Escrito por\" \/>\n\t<meta name=\"twitter:data1\" content=\"programacion\" \/>\n\t<meta name=\"twitter:label2\" content=\"Tiempo de lectura\" \/>\n\t<meta name=\"twitter:data2\" content=\"4 minutos\" \/>\n<script type=\"application\/ld+json\" class=\"yoast-schema-graph\">{\"@context\":\"https:\\\/\\\/schema.org\",\"@graph\":[{\"@type\":\"Article\",\"@id\":\"https:\\\/\\\/daxel.mx\\\/blog\\\/2025\\\/07\\\/30\\\/cuales-son-los-dispositivos-mas-usados-en-espacios-de-videoconferencia\\\/#article\",\"isPartOf\":{\"@id\":\"https:\\\/\\\/daxel.mx\\\/blog\\\/2025\\\/07\\\/30\\\/cuales-son-los-dispositivos-mas-usados-en-espacios-de-videoconferencia\\\/\"},\"author\":{\"name\":\"programacion\",\"@id\":\"https:\\\/\\\/daxel.mx\\\/blog\\\/#\\\/schema\\\/person\\\/da4f122a1134e8607516450127da9dfa\"},\"headline\":\"\u00bfCu\u00e1les son los dispositivos m\u00e1s usados en espacios de videoconferencia?\",\"datePublished\":\"2025-07-30T17:01:15+00:00\",\"mainEntityOfPage\":{\"@id\":\"https:\\\/\\\/daxel.mx\\\/blog\\\/2025\\\/07\\\/30\\\/cuales-son-los-dispositivos-mas-usados-en-espacios-de-videoconferencia\\\/\"},\"wordCount\":896,\"publisher\":{\"@id\":\"https:\\\/\\\/daxel.mx\\\/blog\\\/#organization\"},\"image\":{\"@id\":\"https:\\\/\\\/daxel.mx\\\/blog\\\/2025\\\/07\\\/30\\\/cuales-son-los-dispositivos-mas-usados-en-espacios-de-videoconferencia\\\/#primaryimage\"},\"thumbnailUrl\":\"https:\\\/\\\/daxel.mx\\\/blog\\\/wp-content\\\/uploads\\\/2025\\\/05\\\/kramer-k-cam4k-pi-1-min-1-min.jpg\",\"articleSection\":[\"blog\"],\"inLanguage\":\"es\"},{\"@type\":\"WebPage\",\"@id\":\"https:\\\/\\\/daxel.mx\\\/blog\\\/2025\\\/07\\\/30\\\/cuales-son-los-dispositivos-mas-usados-en-espacios-de-videoconferencia\\\/\",\"url\":\"https:\\\/\\\/daxel.mx\\\/blog\\\/2025\\\/07\\\/30\\\/cuales-son-los-dispositivos-mas-usados-en-espacios-de-videoconferencia\\\/\",\"name\":\"\u00bfCu\u00e1les son los dispositivos m\u00e1s usados en espacios de videoconferencia?\",\"isPartOf\":{\"@id\":\"https:\\\/\\\/daxel.mx\\\/blog\\\/#website\"},\"primaryImageOfPage\":{\"@id\":\"https:\\\/\\\/daxel.mx\\\/blog\\\/2025\\\/07\\\/30\\\/cuales-son-los-dispositivos-mas-usados-en-espacios-de-videoconferencia\\\/#primaryimage\"},\"image\":{\"@id\":\"https:\\\/\\\/daxel.mx\\\/blog\\\/2025\\\/07\\\/30\\\/cuales-son-los-dispositivos-mas-usados-en-espacios-de-videoconferencia\\\/#primaryimage\"},\"thumbnailUrl\":\"https:\\\/\\\/daxel.mx\\\/blog\\\/wp-content\\\/uploads\\\/2025\\\/05\\\/kramer-k-cam4k-pi-1-min-1-min.jpg\",\"datePublished\":\"2025-07-30T17:01:15+00:00\",\"description\":\"Conozca algunos de los dispositivos m\u00e1s utilizados en espacios para videoconferencia, desde la c\u00e1mara para videoconferencia hasta micr\u00f3fonos y otros m\u00e1s\",\"breadcrumb\":{\"@id\":\"https:\\\/\\\/daxel.mx\\\/blog\\\/2025\\\/07\\\/30\\\/cuales-son-los-dispositivos-mas-usados-en-espacios-de-videoconferencia\\\/#breadcrumb\"},\"inLanguage\":\"es\",\"potentialAction\":[{\"@type\":\"ReadAction\",\"target\":[\"https:\\\/\\\/daxel.mx\\\/blog\\\/2025\\\/07\\\/30\\\/cuales-son-los-dispositivos-mas-usados-en-espacios-de-videoconferencia\\\/\"]}]},{\"@type\":\"ImageObject\",\"inLanguage\":\"es\",\"@id\":\"https:\\\/\\\/daxel.mx\\\/blog\\\/2025\\\/07\\\/30\\\/cuales-son-los-dispositivos-mas-usados-en-espacios-de-videoconferencia\\\/#primaryimage\",\"url\":\"https:\\\/\\\/daxel.mx\\\/blog\\\/wp-content\\\/uploads\\\/2025\\\/05\\\/kramer-k-cam4k-pi-1-min-1-min.jpg\",\"contentUrl\":\"https:\\\/\\\/daxel.mx\\\/blog\\\/wp-content\\\/uploads\\\/2025\\\/05\\\/kramer-k-cam4k-pi-1-min-1-min.jpg\",\"width\":1000,\"height\":442,\"caption\":\"c\u00e1mara para videoconferencia\"},{\"@type\":\"BreadcrumbList\",\"@id\":\"https:\\\/\\\/daxel.mx\\\/blog\\\/2025\\\/07\\\/30\\\/cuales-son-los-dispositivos-mas-usados-en-espacios-de-videoconferencia\\\/#breadcrumb\",\"itemListElement\":[{\"@type\":\"ListItem\",\"position\":1,\"name\":\"Inicio\",\"item\":\"https:\\\/\\\/daxel.mx\\\/blog\\\/\"},{\"@type\":\"ListItem\",\"position\":2,\"name\":\"\u00bfCu\u00e1les son los dispositivos m\u00e1s usados en espacios de videoconferencia?\"}]},{\"@type\":\"WebSite\",\"@id\":\"https:\\\/\\\/daxel.mx\\\/blog\\\/#website\",\"url\":\"https:\\\/\\\/daxel.mx\\\/blog\\\/\",\"name\":\"D\u00e1xel Blog\",\"description\":\"Temas de Dom\u00f3tica Audiovisual\",\"publisher\":{\"@id\":\"https:\\\/\\\/daxel.mx\\\/blog\\\/#organization\"},\"potentialAction\":[{\"@type\":\"SearchAction\",\"target\":{\"@type\":\"EntryPoint\",\"urlTemplate\":\"https:\\\/\\\/daxel.mx\\\/blog\\\/?s={search_term_string}\"},\"query-input\":{\"@type\":\"PropertyValueSpecification\",\"valueRequired\":true,\"valueName\":\"search_term_string\"}}],\"inLanguage\":\"es\"},{\"@type\":\"Organization\",\"@id\":\"https:\\\/\\\/daxel.mx\\\/blog\\\/#organization\",\"name\":\"D\u00e1xel\",\"url\":\"https:\\\/\\\/daxel.mx\\\/blog\\\/\",\"logo\":{\"@type\":\"ImageObject\",\"inLanguage\":\"es\",\"@id\":\"https:\\\/\\\/daxel.mx\\\/blog\\\/#\\\/schema\\\/logo\\\/image\\\/\",\"url\":\"https:\\\/\\\/daxel.mx\\\/blog\\\/wp-content\\\/uploads\\\/2018\\\/01\\\/Horizontal-Gradiente.png\",\"contentUrl\":\"https:\\\/\\\/daxel.mx\\\/blog\\\/wp-content\\\/uploads\\\/2018\\\/01\\\/Horizontal-Gradiente.png\",\"width\":2748,\"height\":1152,\"caption\":\"D\u00e1xel\"},\"image\":{\"@id\":\"https:\\\/\\\/daxel.mx\\\/blog\\\/#\\\/schema\\\/logo\\\/image\\\/\"},\"sameAs\":[\"https:\\\/\\\/www.facebook.com\\\/DaxelDomoticaAudiovisual\\\/\",\"https:\\\/\\\/www.linkedin.com\\\/company\\\/d\u00e1xel\\\/\"]},{\"@type\":\"Person\",\"@id\":\"https:\\\/\\\/daxel.mx\\\/blog\\\/#\\\/schema\\\/person\\\/da4f122a1134e8607516450127da9dfa\",\"name\":\"programacion\",\"image\":{\"@type\":\"ImageObject\",\"inLanguage\":\"es\",\"@id\":\"https:\\\/\\\/secure.gravatar.com\\\/avatar\\\/9d3dfe9b12b7a0a3e2fb00f12839f14fd06d5319a3517c04f2fd4ba0024ec4f0?s=96&d=identicon&r=g\",\"url\":\"https:\\\/\\\/secure.gravatar.com\\\/avatar\\\/9d3dfe9b12b7a0a3e2fb00f12839f14fd06d5319a3517c04f2fd4ba0024ec4f0?s=96&d=identicon&r=g\",\"contentUrl\":\"https:\\\/\\\/secure.gravatar.com\\\/avatar\\\/9d3dfe9b12b7a0a3e2fb00f12839f14fd06d5319a3517c04f2fd4ba0024ec4f0?s=96&d=identicon&r=g\",\"caption\":\"programacion\"},\"url\":\"https:\\\/\\\/daxel.mx\\\/blog\\\/author\\\/programacion\\\/\"}]}<\/script>\n<!-- \/ Yoast SEO plugin. -->","yoast_head_json":{"title":"\u00bfCu\u00e1les son los dispositivos m\u00e1s usados en espacios de videoconferencia?","description":"Conozca algunos de los dispositivos m\u00e1s utilizados en espacios para videoconferencia, desde la c\u00e1mara para videoconferencia hasta micr\u00f3fonos y otros m\u00e1s","robots":{"index":"index","follow":"follow","max-snippet":"max-snippet:-1","max-image-preview":"max-image-preview:large","max-video-preview":"max-video-preview:-1"},"canonical":"https:\/\/daxel.mx\/blog\/2025\/07\/30\/cuales-son-los-dispositivos-mas-usados-en-espacios-de-videoconferencia\/","og_locale":"es_MX","og_type":"article","og_title":"\u00bfCu\u00e1les son los dispositivos m\u00e1s usados en espacios de videoconferencia?","og_description":"Conozca algunos de los dispositivos m\u00e1s utilizados en espacios para videoconferencia, desde la c\u00e1mara para videoconferencia hasta micr\u00f3fonos y otros m\u00e1s","og_url":"https:\/\/daxel.mx\/blog\/2025\/07\/30\/cuales-son-los-dispositivos-mas-usados-en-espacios-de-videoconferencia\/","og_site_name":"D\u00e1xel Blog","article_publisher":"https:\/\/www.facebook.com\/DaxelDomoticaAudiovisual\/","article_published_time":"2025-07-30T17:01:15+00:00","og_image":[{"width":1000,"height":442,"url":"https:\/\/daxel.mx\/blog\/wp-content\/uploads\/2025\/05\/kramer-k-cam4k-pi-1-min-1-min.jpg","type":"image\/jpeg"}],"author":"programacion","twitter_card":"summary_large_image","twitter_misc":{"Escrito por":"programacion","Tiempo de lectura":"4 minutos"},"schema":{"@context":"https:\/\/schema.org","@graph":[{"@type":"Article","@id":"https:\/\/daxel.mx\/blog\/2025\/07\/30\/cuales-son-los-dispositivos-mas-usados-en-espacios-de-videoconferencia\/#article","isPartOf":{"@id":"https:\/\/daxel.mx\/blog\/2025\/07\/30\/cuales-son-los-dispositivos-mas-usados-en-espacios-de-videoconferencia\/"},"author":{"name":"programacion","@id":"https:\/\/daxel.mx\/blog\/#\/schema\/person\/da4f122a1134e8607516450127da9dfa"},"headline":"\u00bfCu\u00e1les son los dispositivos m\u00e1s usados en espacios de videoconferencia?","datePublished":"2025-07-30T17:01:15+00:00","mainEntityOfPage":{"@id":"https:\/\/daxel.mx\/blog\/2025\/07\/30\/cuales-son-los-dispositivos-mas-usados-en-espacios-de-videoconferencia\/"},"wordCount":896,"publisher":{"@id":"https:\/\/daxel.mx\/blog\/#organization"},"image":{"@id":"https:\/\/daxel.mx\/blog\/2025\/07\/30\/cuales-son-los-dispositivos-mas-usados-en-espacios-de-videoconferencia\/#primaryimage"},"thumbnailUrl":"https:\/\/daxel.mx\/blog\/wp-content\/uploads\/2025\/05\/kramer-k-cam4k-pi-1-min-1-min.jpg","articleSection":["blog"],"inLanguage":"es"},{"@type":"WebPage","@id":"https:\/\/daxel.mx\/blog\/2025\/07\/30\/cuales-son-los-dispositivos-mas-usados-en-espacios-de-videoconferencia\/","url":"https:\/\/daxel.mx\/blog\/2025\/07\/30\/cuales-son-los-dispositivos-mas-usados-en-espacios-de-videoconferencia\/","name":"\u00bfCu\u00e1les son los dispositivos m\u00e1s usados en espacios de videoconferencia?","isPartOf":{"@id":"https:\/\/daxel.mx\/blog\/#website"},"primaryImageOfPage":{"@id":"https:\/\/daxel.mx\/blog\/2025\/07\/30\/cuales-son-los-dispositivos-mas-usados-en-espacios-de-videoconferencia\/#primaryimage"},"image":{"@id":"https:\/\/daxel.mx\/blog\/2025\/07\/30\/cuales-son-los-dispositivos-mas-usados-en-espacios-de-videoconferencia\/#primaryimage"},"thumbnailUrl":"https:\/\/daxel.mx\/blog\/wp-content\/uploads\/2025\/05\/kramer-k-cam4k-pi-1-min-1-min.jpg","datePublished":"2025-07-30T17:01:15+00:00","description":"Conozca algunos de los dispositivos m\u00e1s utilizados en espacios para videoconferencia, desde la c\u00e1mara para videoconferencia hasta micr\u00f3fonos y otros m\u00e1s","breadcrumb":{"@id":"https:\/\/daxel.mx\/blog\/2025\/07\/30\/cuales-son-los-dispositivos-mas-usados-en-espacios-de-videoconferencia\/#breadcrumb"},"inLanguage":"es","potentialAction":[{"@type":"ReadAction","target":["https:\/\/daxel.mx\/blog\/2025\/07\/30\/cuales-son-los-dispositivos-mas-usados-en-espacios-de-videoconferencia\/"]}]},{"@type":"ImageObject","inLanguage":"es","@id":"https:\/\/daxel.mx\/blog\/2025\/07\/30\/cuales-son-los-dispositivos-mas-usados-en-espacios-de-videoconferencia\/#primaryimage","url":"https:\/\/daxel.mx\/blog\/wp-content\/uploads\/2025\/05\/kramer-k-cam4k-pi-1-min-1-min.jpg","contentUrl":"https:\/\/daxel.mx\/blog\/wp-content\/uploads\/2025\/05\/kramer-k-cam4k-pi-1-min-1-min.jpg","width":1000,"height":442,"caption":"c\u00e1mara para videoconferencia"},{"@type":"BreadcrumbList","@id":"https:\/\/daxel.mx\/blog\/2025\/07\/30\/cuales-son-los-dispositivos-mas-usados-en-espacios-de-videoconferencia\/#breadcrumb","itemListElement":[{"@type":"ListItem","position":1,"name":"Inicio","item":"https:\/\/daxel.mx\/blog\/"},{"@type":"ListItem","position":2,"name":"\u00bfCu\u00e1les son los dispositivos m\u00e1s usados en espacios de videoconferencia?"}]},{"@type":"WebSite","@id":"https:\/\/daxel.mx\/blog\/#website","url":"https:\/\/daxel.mx\/blog\/","name":"D\u00e1xel Blog","description":"Temas de Dom\u00f3tica Audiovisual","publisher":{"@id":"https:\/\/daxel.mx\/blog\/#organization"},"potentialAction":[{"@type":"SearchAction","target":{"@type":"EntryPoint","urlTemplate":"https:\/\/daxel.mx\/blog\/?s={search_term_string}"},"query-input":{"@type":"PropertyValueSpecification","valueRequired":true,"valueName":"search_term_string"}}],"inLanguage":"es"},{"@type":"Organization","@id":"https:\/\/daxel.mx\/blog\/#organization","name":"D\u00e1xel","url":"https:\/\/daxel.mx\/blog\/","logo":{"@type":"ImageObject","inLanguage":"es","@id":"https:\/\/daxel.mx\/blog\/#\/schema\/logo\/image\/","url":"https:\/\/daxel.mx\/blog\/wp-content\/uploads\/2018\/01\/Horizontal-Gradiente.png","contentUrl":"https:\/\/daxel.mx\/blog\/wp-content\/uploads\/2018\/01\/Horizontal-Gradiente.png","width":2748,"height":1152,"caption":"D\u00e1xel"},"image":{"@id":"https:\/\/daxel.mx\/blog\/#\/schema\/logo\/image\/"},"sameAs":["https:\/\/www.facebook.com\/DaxelDomoticaAudiovisual\/","https:\/\/www.linkedin.com\/company\/d\u00e1xel\/"]},{"@type":"Person","@id":"https:\/\/daxel.mx\/blog\/#\/schema\/person\/da4f122a1134e8607516450127da9dfa","name":"programacion","image":{"@type":"ImageObject","inLanguage":"es","@id":"https:\/\/secure.gravatar.com\/avatar\/9d3dfe9b12b7a0a3e2fb00f12839f14fd06d5319a3517c04f2fd4ba0024ec4f0?s=96&d=identicon&r=g","url":"https:\/\/secure.gravatar.com\/avatar\/9d3dfe9b12b7a0a3e2fb00f12839f14fd06d5319a3517c04f2fd4ba0024ec4f0?s=96&d=identicon&r=g","contentUrl":"https:\/\/secure.gravatar.com\/avatar\/9d3dfe9b12b7a0a3e2fb00f12839f14fd06d5319a3517c04f2fd4ba0024ec4f0?s=96&d=identicon&r=g","caption":"programacion"},"url":"https:\/\/daxel.mx\/blog\/author\/programacion\/"}]}},"jetpack_publicize_connections":[],"_links":{"self":[{"href":"https:\/\/daxel.mx\/blog\/wp-json\/wp\/v2\/posts\/1052","targetHints":{"allow":["GET"]}}],"collection":[{"href":"https:\/\/daxel.mx\/blog\/wp-json\/wp\/v2\/posts"}],"about":[{"href":"https:\/\/daxel.mx\/blog\/wp-json\/wp\/v2\/types\/post"}],"author":[{"embeddable":true,"href":"https:\/\/daxel.mx\/blog\/wp-json\/wp\/v2\/users\/342"}],"replies":[{"embeddable":true,"href":"https:\/\/daxel.mx\/blog\/wp-json\/wp\/v2\/comments?post=1052"}],"version-history":[{"count":1,"href":"https:\/\/daxel.mx\/blog\/wp-json\/wp\/v2\/posts\/1052\/revisions"}],"predecessor-version":[{"id":1062,"href":"https:\/\/daxel.mx\/blog\/wp-json\/wp\/v2\/posts\/1052\/revisions\/1062"}],"wp:featuredmedia":[{"embeddable":true,"href":"https:\/\/daxel.mx\/blog\/wp-json\/wp\/v2\/media\/1011"}],"wp:attachment":[{"href":"https:\/\/daxel.mx\/blog\/wp-json\/wp\/v2\/media?parent=1052"}],"wp:term":[{"taxonomy":"category","embeddable":true,"href":"https:\/\/daxel.mx\/blog\/wp-json\/wp\/v2\/categories?post=1052"},{"taxonomy":"post_tag","embeddable":true,"href":"https:\/\/daxel.mx\/blog\/wp-json\/wp\/v2\/tags?post=1052"}],"curies":[{"name":"wp","href":"https:\/\/api.w.org\/{rel}","templated":true}]}}