{"id":1069,"date":"2025-08-11T12:57:18","date_gmt":"2025-08-11T18:57:18","guid":{"rendered":"https:\/\/daxel.mx\/blog\/?p=1069"},"modified":"2025-08-08T13:02:35","modified_gmt":"2025-08-08T19:02:35","slug":"por-que-es-indispensable-la-camara-para-videoconferencia-en-empresas-modernas","status":"publish","type":"post","link":"https:\/\/daxel.mx\/blog\/2025\/08\/11\/por-que-es-indispensable-la-camara-para-videoconferencia-en-empresas-modernas\/","title":{"rendered":"\u00bfPor qu\u00e9 es indispensable la c\u00e1mara para videoconferencia en empresas modernas?"},"content":{"rendered":"<p>La <a href=\"https:\/\/daxel.mx\/camara-para-videoconferencia.php\"><strong>c\u00e1mara para videoconferencia<\/strong><\/a> es una herramienta indispensable para las empresas modernas debido a que facilita la comunicaci\u00f3n y colaboraci\u00f3n a distancia. En muchas de las empresas de la actualidad se cuenta con colaboradores remotos que requieren mantenerse conectados para una comunicaci\u00f3n clara, abierta y que contribuya al crecimiento empresarial.<\/p>\n<p>La c\u00e1mara, en este sentido, ofrece la oportunidad de optimizar la comunicaci\u00f3n para que tanto las empresas como los colaboradores puedan contar con un mayor nivel de comprensi\u00f3n. No se trata \u00fanicamente de un accesorio, se trata de un elemento clave que contribuye en gran medida en la eficiencia, productividad y precisi\u00f3n durante los procesos de reuni\u00f3n.<\/p>\n<h2>\u00bfC\u00f3mo facilita la comunicaci\u00f3n la <strong>c\u00e1mara para videoconferencia<\/strong>?<\/h2>\n<p>La <a href=\"https:\/\/daxel.mx\/camara-para-videoconferencia.php\"><strong>c\u00e1mara para videoconferencia<\/strong><\/a> permite conectar equipos y colaboradores de manera global mediante conexi\u00f3n a Internet. Esto significa que sin importar la ubicaci\u00f3n de la empresa y la de sus colaboradores es posible mantener una comunicaci\u00f3n a distancia clara y beneficiosa. Principalmente debido a que se eliminan las barreras geogr\u00e1ficas y permite la colaboraci\u00f3n en proyectos, reuniones y presentaciones. Todo esto, por supuesto, sin necesidad de incurrir en los costos y en los tiempos de viaje.<\/p>\n<p>Por otra parte, y a diferencia de las llamadas de voz o los correos electr\u00f3nicos, la c\u00e1mara permite una comunicaci\u00f3n m\u00e1s rica. Se debe a que es posible observar las expresiones faciales, el lenguaje corporal y las reacciones de los participantes. Lo que enriquece la comunicaci\u00f3n, facilita una comprensi\u00f3n mutua y ayuda a construir relaciones m\u00e1s s\u00f3lidas incluso a miles de kil\u00f3metros de distancia.<\/p>\n<p>Un punto clave sobre estos dispositivos es que es posible mantener una interacci\u00f3n en tiempo real. De hecho, facilita la discusi\u00f3n de temas importantes y los procesos de toma de decisiones simulando una din\u00e1mica de reuni\u00f3n de tipo presencial. Algo que agiliza los procesos y mejora la eficiencia de los equipos de trabajo. Sin mencionar que se pueden integrar a <a href=\"https:\/\/daxel.mx\/sistemas-de-videoconferencia.php\"><strong>sistemas de videoconferencia<\/strong><\/a> para obtener un funcionamiento m\u00e1s completo y beneficioso.<\/p>\n<h3>Mayor eficiencia mediante un menor costo<\/h3>\n<p>Uno de los desaf\u00edos para las empresas modernas son los costos relacionados a viajes, tiempo y desarrollo de procesos. Pues bien, la c\u00e1mara permite reducir significativamente los gastos asociados a los viajes de negocio como los billetes de avi\u00f3n, alojamiento y tiempo de traslado.<\/p>\n<p>De igual forma, se elimina la necesidad de viajar, lo que permite a los empleados dedicar m\u00e1s tiempo a sus tareas principales. Algo que se traduce como mayor productividad general dentro de la empresa.<\/p>\n<p>La c\u00e1mara de videoconferencia tambi\u00e9n proporciona la posibilidad de llevar a cabo reuniones m\u00e1s frecuentes y \u00e1giles. La facilidad de organizar videoconferencias en cuesti\u00f3n de minutos permite discutir temas importantes con mayor efectividad. Al igual que se pueden resolver problemas con mayor rapidez y mantener a todos los miembros del equipo en perfecta sincron\u00eda.<\/p>\n<h3>Mejor comunicaci\u00f3n interna y externa<\/h3>\n<p>Al igual que sucede con el <a href=\"https:\/\/daxel.mx\/microfono-para-sala-de-juntas.php\"><strong>micr\u00f3fono para sala de juntas<\/strong><\/a>, la c\u00e1mara optimiza la comunicaci\u00f3n interna. Principalmente debido a que facilita las sesiones de formaci\u00f3n, las actualizaciones generales de la empresa y la comunicaci\u00f3n entre diferentes departamentos. Al mismo tiempo brinda la oportunidad de fortalecer la cultura organizacional y el sentido de pertenencia.<\/p>\n<p>Es necesario destacar que al utilizar una c\u00e1mara de videoconferencia se pueden realizar presentaciones de venta, ofrecer soporte t\u00e9cnico personalizado y llevar a cabo reuniones de seguimiento efectivas. Lo que se traduce como la posibilidad de construir relaciones m\u00e1s cercanas con socios y clientes en casos donde se encuentran en ubicaciones geogr\u00e1ficas distantes.<\/p>\n<h3>Procesos de contrataci\u00f3n m\u00e1s eficientes<\/h3>\n<p>Las empresas modernas buscan acceder a nuevos talentos de manera global, por lo que la colaboraci\u00f3n remota es fundamental para alcanzar su m\u00e1ximo potencial. En este sentido, la c\u00e1mara brinda la posibilidad de facilitar el desarrollo de entrevistas de trabajo a candidatos que se encuentran en otras ciudades o pa\u00edses. Lo que ampl\u00eda la captaci\u00f3n de talento y agiliza el proceso de selecci\u00f3n.<\/p>\n<p>De igual forma, al utilizar una c\u00e1mara de videoconferencia se puede brindar un servicio de atenci\u00f3n personalizado a potenciales clientes que buscan contratar servicios o adquirir productos. Lo que contribuye enormemente a la imagen profesional de la empresa, al crecimiento y al alcance de las organizaciones.<\/p>\n<h2>\u00bfNecesita una c\u00e1mara de videoconferencia para su empresa? \u00a1En D\u00e1xel la encuentra!<\/h2>\n<p>La <a href=\"https:\/\/daxel.mx\/camara-para-videoconferencia.php\"><strong>c\u00e1mara para videoconferencia<\/strong><\/a> es un dispositivo que no puede faltar cuando se trata de empresas modernas que buscan alcanzar su m\u00e1ximo potencial. Es por esto por lo que D\u00e1xel deja a su disposici\u00f3n una amplia gama de soluciones en c\u00e1maras de la m\u00e1s alta calidad en el mercado con el fin de satisfacer las necesidades de su organizaci\u00f3n. Podr\u00e1 contar con asesoramiento personalizado para disipar cualquier tipo de duda relacionada y garantizar la compra del dispositivo ideal para sus procesos.<\/p>\n<p>\u00bfDesea saber m\u00e1s sobre nuestra disponibilidad en c\u00e1maras o alg\u00fan otro dispositivo? Comun\u00edquese a trav\u00e9s del correo electr\u00f3nico <a href=\"mailto:contacto@daxel.mx\">contacto@daxel.mx<\/a> o mediante el n\u00famero de tel\u00e9fono (477) 555 7200. Con gusto responderemos a la brevedad con toda la informaci\u00f3n solicitada.<\/p>\n","protected":false},"excerpt":{"rendered":"<p>La c\u00e1mara para videoconferencia es una herramienta indispensable para las empresas modernas debido a que facilita la comunicaci\u00f3n y colaboraci\u00f3n a distancia. En muchas de las empresas de la actualidad se cuenta con colaboradores remotos que requieren mantenerse conectados para una comunicaci\u00f3n clara, abierta y que contribuya al crecimiento empresarial. La c\u00e1mara, en este sentido,&hellip; <br \/> <a class=\"read-more\" href=\"https:\/\/daxel.mx\/blog\/2025\/08\/11\/por-que-es-indispensable-la-camara-para-videoconferencia-en-empresas-modernas\/\">Leer m\u00e1s<\/a><\/p>\n","protected":false},"author":342,"featured_media":1015,"comment_status":"closed","ping_status":"closed","sticky":false,"template":"","format":"standard","meta":{"footnotes":"","jetpack_publicize_message":"","jetpack_publicize_feature_enabled":true,"jetpack_social_post_already_shared":true,"jetpack_social_options":{"image_generator_settings":{"template":"highway","default_image_id":0,"font":"","enabled":false},"version":2}},"categories":[37],"tags":[],"class_list":["post-1069","post","type-post","status-publish","format-standard","has-post-thumbnail","hentry","category-blog"],"yoast_head":"<!-- This site is optimized with the Yoast SEO plugin v27.3 - https:\/\/yoast.com\/product\/yoast-seo-wordpress\/ -->\n<title>\u00bfPor qu\u00e9 es indispensable la c\u00e1mara para videoconferencia en empresas modernas?<\/title>\n<meta name=\"description\" content=\"Descubra algunos de los principales motivos por los que contar con una c\u00e1mara para videoconferencia resulta indispensable para las empresas modernas\" \/>\n<meta name=\"robots\" content=\"index, follow, max-snippet:-1, max-image-preview:large, max-video-preview:-1\" \/>\n<link rel=\"canonical\" href=\"https:\/\/daxel.mx\/blog\/2025\/08\/11\/por-que-es-indispensable-la-camara-para-videoconferencia-en-empresas-modernas\/\" \/>\n<meta property=\"og:locale\" content=\"es_MX\" \/>\n<meta property=\"og:type\" content=\"article\" \/>\n<meta property=\"og:title\" content=\"\u00bfPor qu\u00e9 es indispensable la c\u00e1mara para videoconferencia en empresas modernas?\" \/>\n<meta property=\"og:description\" content=\"Descubra algunos de los principales motivos por los que contar con una c\u00e1mara para videoconferencia resulta indispensable para las empresas modernas\" \/>\n<meta property=\"og:url\" content=\"https:\/\/daxel.mx\/blog\/2025\/08\/11\/por-que-es-indispensable-la-camara-para-videoconferencia-en-empresas-modernas\/\" \/>\n<meta property=\"og:site_name\" content=\"D\u00e1xel Blog\" \/>\n<meta property=\"article:publisher\" content=\"https:\/\/www.facebook.com\/DaxelDomoticaAudiovisual\/\" \/>\n<meta property=\"article:published_time\" content=\"2025-08-11T18:57:18+00:00\" \/>\n<meta property=\"og:image\" content=\"https:\/\/daxel.mx\/blog\/wp-content\/uploads\/2025\/05\/LOGI-VC-RALLY-CAM-960-001227-3-min.png\" \/>\n\t<meta property=\"og:image:width\" content=\"900\" \/>\n\t<meta property=\"og:image:height\" content=\"773\" \/>\n\t<meta property=\"og:image:type\" content=\"image\/png\" \/>\n<meta name=\"author\" content=\"programacion\" \/>\n<meta name=\"twitter:card\" content=\"summary_large_image\" \/>\n<meta name=\"twitter:label1\" content=\"Escrito por\" \/>\n\t<meta name=\"twitter:data1\" content=\"programacion\" \/>\n\t<meta name=\"twitter:label2\" content=\"Tiempo de lectura\" \/>\n\t<meta name=\"twitter:data2\" content=\"4 minutos\" \/>\n<script type=\"application\/ld+json\" class=\"yoast-schema-graph\">{\"@context\":\"https:\\\/\\\/schema.org\",\"@graph\":[{\"@type\":\"Article\",\"@id\":\"https:\\\/\\\/daxel.mx\\\/blog\\\/2025\\\/08\\\/11\\\/por-que-es-indispensable-la-camara-para-videoconferencia-en-empresas-modernas\\\/#article\",\"isPartOf\":{\"@id\":\"https:\\\/\\\/daxel.mx\\\/blog\\\/2025\\\/08\\\/11\\\/por-que-es-indispensable-la-camara-para-videoconferencia-en-empresas-modernas\\\/\"},\"author\":{\"name\":\"programacion\",\"@id\":\"https:\\\/\\\/daxel.mx\\\/blog\\\/#\\\/schema\\\/person\\\/da4f122a1134e8607516450127da9dfa\"},\"headline\":\"\u00bfPor qu\u00e9 es indispensable la c\u00e1mara para videoconferencia en empresas modernas?\",\"datePublished\":\"2025-08-11T18:57:18+00:00\",\"mainEntityOfPage\":{\"@id\":\"https:\\\/\\\/daxel.mx\\\/blog\\\/2025\\\/08\\\/11\\\/por-que-es-indispensable-la-camara-para-videoconferencia-en-empresas-modernas\\\/\"},\"wordCount\":913,\"publisher\":{\"@id\":\"https:\\\/\\\/daxel.mx\\\/blog\\\/#organization\"},\"image\":{\"@id\":\"https:\\\/\\\/daxel.mx\\\/blog\\\/2025\\\/08\\\/11\\\/por-que-es-indispensable-la-camara-para-videoconferencia-en-empresas-modernas\\\/#primaryimage\"},\"thumbnailUrl\":\"https:\\\/\\\/daxel.mx\\\/blog\\\/wp-content\\\/uploads\\\/2025\\\/05\\\/LOGI-VC-RALLY-CAM-960-001227-3-min.png\",\"articleSection\":[\"blog\"],\"inLanguage\":\"es\"},{\"@type\":\"WebPage\",\"@id\":\"https:\\\/\\\/daxel.mx\\\/blog\\\/2025\\\/08\\\/11\\\/por-que-es-indispensable-la-camara-para-videoconferencia-en-empresas-modernas\\\/\",\"url\":\"https:\\\/\\\/daxel.mx\\\/blog\\\/2025\\\/08\\\/11\\\/por-que-es-indispensable-la-camara-para-videoconferencia-en-empresas-modernas\\\/\",\"name\":\"\u00bfPor qu\u00e9 es indispensable la c\u00e1mara para videoconferencia en empresas modernas?\",\"isPartOf\":{\"@id\":\"https:\\\/\\\/daxel.mx\\\/blog\\\/#website\"},\"primaryImageOfPage\":{\"@id\":\"https:\\\/\\\/daxel.mx\\\/blog\\\/2025\\\/08\\\/11\\\/por-que-es-indispensable-la-camara-para-videoconferencia-en-empresas-modernas\\\/#primaryimage\"},\"image\":{\"@id\":\"https:\\\/\\\/daxel.mx\\\/blog\\\/2025\\\/08\\\/11\\\/por-que-es-indispensable-la-camara-para-videoconferencia-en-empresas-modernas\\\/#primaryimage\"},\"thumbnailUrl\":\"https:\\\/\\\/daxel.mx\\\/blog\\\/wp-content\\\/uploads\\\/2025\\\/05\\\/LOGI-VC-RALLY-CAM-960-001227-3-min.png\",\"datePublished\":\"2025-08-11T18:57:18+00:00\",\"description\":\"Descubra algunos de los principales motivos por los que contar con una c\u00e1mara para videoconferencia resulta indispensable para las empresas modernas\",\"breadcrumb\":{\"@id\":\"https:\\\/\\\/daxel.mx\\\/blog\\\/2025\\\/08\\\/11\\\/por-que-es-indispensable-la-camara-para-videoconferencia-en-empresas-modernas\\\/#breadcrumb\"},\"inLanguage\":\"es\",\"potentialAction\":[{\"@type\":\"ReadAction\",\"target\":[\"https:\\\/\\\/daxel.mx\\\/blog\\\/2025\\\/08\\\/11\\\/por-que-es-indispensable-la-camara-para-videoconferencia-en-empresas-modernas\\\/\"]}]},{\"@type\":\"ImageObject\",\"inLanguage\":\"es\",\"@id\":\"https:\\\/\\\/daxel.mx\\\/blog\\\/2025\\\/08\\\/11\\\/por-que-es-indispensable-la-camara-para-videoconferencia-en-empresas-modernas\\\/#primaryimage\",\"url\":\"https:\\\/\\\/daxel.mx\\\/blog\\\/wp-content\\\/uploads\\\/2025\\\/05\\\/LOGI-VC-RALLY-CAM-960-001227-3-min.png\",\"contentUrl\":\"https:\\\/\\\/daxel.mx\\\/blog\\\/wp-content\\\/uploads\\\/2025\\\/05\\\/LOGI-VC-RALLY-CAM-960-001227-3-min.png\",\"width\":900,\"height\":773,\"caption\":\"C\u00e1mara para videoconferencia\"},{\"@type\":\"BreadcrumbList\",\"@id\":\"https:\\\/\\\/daxel.mx\\\/blog\\\/2025\\\/08\\\/11\\\/por-que-es-indispensable-la-camara-para-videoconferencia-en-empresas-modernas\\\/#breadcrumb\",\"itemListElement\":[{\"@type\":\"ListItem\",\"position\":1,\"name\":\"Inicio\",\"item\":\"https:\\\/\\\/daxel.mx\\\/blog\\\/\"},{\"@type\":\"ListItem\",\"position\":2,\"name\":\"\u00bfPor qu\u00e9 es indispensable la c\u00e1mara para videoconferencia en empresas modernas?\"}]},{\"@type\":\"WebSite\",\"@id\":\"https:\\\/\\\/daxel.mx\\\/blog\\\/#website\",\"url\":\"https:\\\/\\\/daxel.mx\\\/blog\\\/\",\"name\":\"D\u00e1xel Blog\",\"description\":\"Temas de Dom\u00f3tica Audiovisual\",\"publisher\":{\"@id\":\"https:\\\/\\\/daxel.mx\\\/blog\\\/#organization\"},\"potentialAction\":[{\"@type\":\"SearchAction\",\"target\":{\"@type\":\"EntryPoint\",\"urlTemplate\":\"https:\\\/\\\/daxel.mx\\\/blog\\\/?s={search_term_string}\"},\"query-input\":{\"@type\":\"PropertyValueSpecification\",\"valueRequired\":true,\"valueName\":\"search_term_string\"}}],\"inLanguage\":\"es\"},{\"@type\":\"Organization\",\"@id\":\"https:\\\/\\\/daxel.mx\\\/blog\\\/#organization\",\"name\":\"D\u00e1xel\",\"url\":\"https:\\\/\\\/daxel.mx\\\/blog\\\/\",\"logo\":{\"@type\":\"ImageObject\",\"inLanguage\":\"es\",\"@id\":\"https:\\\/\\\/daxel.mx\\\/blog\\\/#\\\/schema\\\/logo\\\/image\\\/\",\"url\":\"https:\\\/\\\/daxel.mx\\\/blog\\\/wp-content\\\/uploads\\\/2018\\\/01\\\/Horizontal-Gradiente.png\",\"contentUrl\":\"https:\\\/\\\/daxel.mx\\\/blog\\\/wp-content\\\/uploads\\\/2018\\\/01\\\/Horizontal-Gradiente.png\",\"width\":2748,\"height\":1152,\"caption\":\"D\u00e1xel\"},\"image\":{\"@id\":\"https:\\\/\\\/daxel.mx\\\/blog\\\/#\\\/schema\\\/logo\\\/image\\\/\"},\"sameAs\":[\"https:\\\/\\\/www.facebook.com\\\/DaxelDomoticaAudiovisual\\\/\",\"https:\\\/\\\/www.linkedin.com\\\/company\\\/d\u00e1xel\\\/\"]},{\"@type\":\"Person\",\"@id\":\"https:\\\/\\\/daxel.mx\\\/blog\\\/#\\\/schema\\\/person\\\/da4f122a1134e8607516450127da9dfa\",\"name\":\"programacion\",\"image\":{\"@type\":\"ImageObject\",\"inLanguage\":\"es\",\"@id\":\"https:\\\/\\\/secure.gravatar.com\\\/avatar\\\/9d3dfe9b12b7a0a3e2fb00f12839f14fd06d5319a3517c04f2fd4ba0024ec4f0?s=96&d=identicon&r=g\",\"url\":\"https:\\\/\\\/secure.gravatar.com\\\/avatar\\\/9d3dfe9b12b7a0a3e2fb00f12839f14fd06d5319a3517c04f2fd4ba0024ec4f0?s=96&d=identicon&r=g\",\"contentUrl\":\"https:\\\/\\\/secure.gravatar.com\\\/avatar\\\/9d3dfe9b12b7a0a3e2fb00f12839f14fd06d5319a3517c04f2fd4ba0024ec4f0?s=96&d=identicon&r=g\",\"caption\":\"programacion\"},\"url\":\"https:\\\/\\\/daxel.mx\\\/blog\\\/author\\\/programacion\\\/\"}]}<\/script>\n<!-- \/ Yoast SEO plugin. -->","yoast_head_json":{"title":"\u00bfPor qu\u00e9 es indispensable la c\u00e1mara para videoconferencia en empresas modernas?","description":"Descubra algunos de los principales motivos por los que contar con una c\u00e1mara para videoconferencia resulta indispensable para las empresas modernas","robots":{"index":"index","follow":"follow","max-snippet":"max-snippet:-1","max-image-preview":"max-image-preview:large","max-video-preview":"max-video-preview:-1"},"canonical":"https:\/\/daxel.mx\/blog\/2025\/08\/11\/por-que-es-indispensable-la-camara-para-videoconferencia-en-empresas-modernas\/","og_locale":"es_MX","og_type":"article","og_title":"\u00bfPor qu\u00e9 es indispensable la c\u00e1mara para videoconferencia en empresas modernas?","og_description":"Descubra algunos de los principales motivos por los que contar con una c\u00e1mara para videoconferencia resulta indispensable para las empresas modernas","og_url":"https:\/\/daxel.mx\/blog\/2025\/08\/11\/por-que-es-indispensable-la-camara-para-videoconferencia-en-empresas-modernas\/","og_site_name":"D\u00e1xel Blog","article_publisher":"https:\/\/www.facebook.com\/DaxelDomoticaAudiovisual\/","article_published_time":"2025-08-11T18:57:18+00:00","og_image":[{"width":900,"height":773,"url":"https:\/\/daxel.mx\/blog\/wp-content\/uploads\/2025\/05\/LOGI-VC-RALLY-CAM-960-001227-3-min.png","type":"image\/png"}],"author":"programacion","twitter_card":"summary_large_image","twitter_misc":{"Escrito por":"programacion","Tiempo de lectura":"4 minutos"},"schema":{"@context":"https:\/\/schema.org","@graph":[{"@type":"Article","@id":"https:\/\/daxel.mx\/blog\/2025\/08\/11\/por-que-es-indispensable-la-camara-para-videoconferencia-en-empresas-modernas\/#article","isPartOf":{"@id":"https:\/\/daxel.mx\/blog\/2025\/08\/11\/por-que-es-indispensable-la-camara-para-videoconferencia-en-empresas-modernas\/"},"author":{"name":"programacion","@id":"https:\/\/daxel.mx\/blog\/#\/schema\/person\/da4f122a1134e8607516450127da9dfa"},"headline":"\u00bfPor qu\u00e9 es indispensable la c\u00e1mara para videoconferencia en empresas modernas?","datePublished":"2025-08-11T18:57:18+00:00","mainEntityOfPage":{"@id":"https:\/\/daxel.mx\/blog\/2025\/08\/11\/por-que-es-indispensable-la-camara-para-videoconferencia-en-empresas-modernas\/"},"wordCount":913,"publisher":{"@id":"https:\/\/daxel.mx\/blog\/#organization"},"image":{"@id":"https:\/\/daxel.mx\/blog\/2025\/08\/11\/por-que-es-indispensable-la-camara-para-videoconferencia-en-empresas-modernas\/#primaryimage"},"thumbnailUrl":"https:\/\/daxel.mx\/blog\/wp-content\/uploads\/2025\/05\/LOGI-VC-RALLY-CAM-960-001227-3-min.png","articleSection":["blog"],"inLanguage":"es"},{"@type":"WebPage","@id":"https:\/\/daxel.mx\/blog\/2025\/08\/11\/por-que-es-indispensable-la-camara-para-videoconferencia-en-empresas-modernas\/","url":"https:\/\/daxel.mx\/blog\/2025\/08\/11\/por-que-es-indispensable-la-camara-para-videoconferencia-en-empresas-modernas\/","name":"\u00bfPor qu\u00e9 es indispensable la c\u00e1mara para videoconferencia en empresas modernas?","isPartOf":{"@id":"https:\/\/daxel.mx\/blog\/#website"},"primaryImageOfPage":{"@id":"https:\/\/daxel.mx\/blog\/2025\/08\/11\/por-que-es-indispensable-la-camara-para-videoconferencia-en-empresas-modernas\/#primaryimage"},"image":{"@id":"https:\/\/daxel.mx\/blog\/2025\/08\/11\/por-que-es-indispensable-la-camara-para-videoconferencia-en-empresas-modernas\/#primaryimage"},"thumbnailUrl":"https:\/\/daxel.mx\/blog\/wp-content\/uploads\/2025\/05\/LOGI-VC-RALLY-CAM-960-001227-3-min.png","datePublished":"2025-08-11T18:57:18+00:00","description":"Descubra algunos de los principales motivos por los que contar con una c\u00e1mara para videoconferencia resulta indispensable para las empresas modernas","breadcrumb":{"@id":"https:\/\/daxel.mx\/blog\/2025\/08\/11\/por-que-es-indispensable-la-camara-para-videoconferencia-en-empresas-modernas\/#breadcrumb"},"inLanguage":"es","potentialAction":[{"@type":"ReadAction","target":["https:\/\/daxel.mx\/blog\/2025\/08\/11\/por-que-es-indispensable-la-camara-para-videoconferencia-en-empresas-modernas\/"]}]},{"@type":"ImageObject","inLanguage":"es","@id":"https:\/\/daxel.mx\/blog\/2025\/08\/11\/por-que-es-indispensable-la-camara-para-videoconferencia-en-empresas-modernas\/#primaryimage","url":"https:\/\/daxel.mx\/blog\/wp-content\/uploads\/2025\/05\/LOGI-VC-RALLY-CAM-960-001227-3-min.png","contentUrl":"https:\/\/daxel.mx\/blog\/wp-content\/uploads\/2025\/05\/LOGI-VC-RALLY-CAM-960-001227-3-min.png","width":900,"height":773,"caption":"C\u00e1mara para videoconferencia"},{"@type":"BreadcrumbList","@id":"https:\/\/daxel.mx\/blog\/2025\/08\/11\/por-que-es-indispensable-la-camara-para-videoconferencia-en-empresas-modernas\/#breadcrumb","itemListElement":[{"@type":"ListItem","position":1,"name":"Inicio","item":"https:\/\/daxel.mx\/blog\/"},{"@type":"ListItem","position":2,"name":"\u00bfPor qu\u00e9 es indispensable la c\u00e1mara para videoconferencia en empresas modernas?"}]},{"@type":"WebSite","@id":"https:\/\/daxel.mx\/blog\/#website","url":"https:\/\/daxel.mx\/blog\/","name":"D\u00e1xel Blog","description":"Temas de Dom\u00f3tica Audiovisual","publisher":{"@id":"https:\/\/daxel.mx\/blog\/#organization"},"potentialAction":[{"@type":"SearchAction","target":{"@type":"EntryPoint","urlTemplate":"https:\/\/daxel.mx\/blog\/?s={search_term_string}"},"query-input":{"@type":"PropertyValueSpecification","valueRequired":true,"valueName":"search_term_string"}}],"inLanguage":"es"},{"@type":"Organization","@id":"https:\/\/daxel.mx\/blog\/#organization","name":"D\u00e1xel","url":"https:\/\/daxel.mx\/blog\/","logo":{"@type":"ImageObject","inLanguage":"es","@id":"https:\/\/daxel.mx\/blog\/#\/schema\/logo\/image\/","url":"https:\/\/daxel.mx\/blog\/wp-content\/uploads\/2018\/01\/Horizontal-Gradiente.png","contentUrl":"https:\/\/daxel.mx\/blog\/wp-content\/uploads\/2018\/01\/Horizontal-Gradiente.png","width":2748,"height":1152,"caption":"D\u00e1xel"},"image":{"@id":"https:\/\/daxel.mx\/blog\/#\/schema\/logo\/image\/"},"sameAs":["https:\/\/www.facebook.com\/DaxelDomoticaAudiovisual\/","https:\/\/www.linkedin.com\/company\/d\u00e1xel\/"]},{"@type":"Person","@id":"https:\/\/daxel.mx\/blog\/#\/schema\/person\/da4f122a1134e8607516450127da9dfa","name":"programacion","image":{"@type":"ImageObject","inLanguage":"es","@id":"https:\/\/secure.gravatar.com\/avatar\/9d3dfe9b12b7a0a3e2fb00f12839f14fd06d5319a3517c04f2fd4ba0024ec4f0?s=96&d=identicon&r=g","url":"https:\/\/secure.gravatar.com\/avatar\/9d3dfe9b12b7a0a3e2fb00f12839f14fd06d5319a3517c04f2fd4ba0024ec4f0?s=96&d=identicon&r=g","contentUrl":"https:\/\/secure.gravatar.com\/avatar\/9d3dfe9b12b7a0a3e2fb00f12839f14fd06d5319a3517c04f2fd4ba0024ec4f0?s=96&d=identicon&r=g","caption":"programacion"},"url":"https:\/\/daxel.mx\/blog\/author\/programacion\/"}]}},"jetpack_publicize_connections":[],"_links":{"self":[{"href":"https:\/\/daxel.mx\/blog\/wp-json\/wp\/v2\/posts\/1069","targetHints":{"allow":["GET"]}}],"collection":[{"href":"https:\/\/daxel.mx\/blog\/wp-json\/wp\/v2\/posts"}],"about":[{"href":"https:\/\/daxel.mx\/blog\/wp-json\/wp\/v2\/types\/post"}],"author":[{"embeddable":true,"href":"https:\/\/daxel.mx\/blog\/wp-json\/wp\/v2\/users\/342"}],"replies":[{"embeddable":true,"href":"https:\/\/daxel.mx\/blog\/wp-json\/wp\/v2\/comments?post=1069"}],"version-history":[{"count":1,"href":"https:\/\/daxel.mx\/blog\/wp-json\/wp\/v2\/posts\/1069\/revisions"}],"predecessor-version":[{"id":1079,"href":"https:\/\/daxel.mx\/blog\/wp-json\/wp\/v2\/posts\/1069\/revisions\/1079"}],"wp:featuredmedia":[{"embeddable":true,"href":"https:\/\/daxel.mx\/blog\/wp-json\/wp\/v2\/media\/1015"}],"wp:attachment":[{"href":"https:\/\/daxel.mx\/blog\/wp-json\/wp\/v2\/media?parent=1069"}],"wp:term":[{"taxonomy":"category","embeddable":true,"href":"https:\/\/daxel.mx\/blog\/wp-json\/wp\/v2\/categories?post=1069"},{"taxonomy":"post_tag","embeddable":true,"href":"https:\/\/daxel.mx\/blog\/wp-json\/wp\/v2\/tags?post=1069"}],"curies":[{"name":"wp","href":"https:\/\/api.w.org\/{rel}","templated":true}]}}