{"id":1075,"date":"2025-08-25T12:57:24","date_gmt":"2025-08-25T18:57:24","guid":{"rendered":"https:\/\/daxel.mx\/blog\/?p=1075"},"modified":"2025-08-08T13:13:47","modified_gmt":"2025-08-08T19:13:47","slug":"reserva-de-salas-inteligente-transforma-la-gestion-de-tu-espacio","status":"publish","type":"post","link":"https:\/\/daxel.mx\/blog\/2025\/08\/25\/reserva-de-salas-inteligente-transforma-la-gestion-de-tu-espacio\/","title":{"rendered":"Reserva de salas inteligente: Transforma la gesti\u00f3n de tu espacio"},"content":{"rendered":"<p>En el ajetreo diario de la oficina moderna, donde las reuniones surgen por cualquier motivo \u2014desde cerrar un trato hasta alinear al equipo para el lanzamiento de un nuevo proyecto\u2014 una cosa es segura: nadie quiere andar adivinando si la sala de juntas est\u00e1 libre. Si alguna vez corriste por los pasillos con tu laptop en mano buscando desesperadamente un espacio libre para reunirte.<\/p>\n<p>Hoy hablaremos sobre los <strong>sistemas de <\/strong><a href=\"https:\/\/daxel.mx\/reserva-de-salas.php\"><strong>reserva de salas<\/strong><\/a>, esas peque\u00f1as grandes soluciones que van mucho m\u00e1s all\u00e1 de mostrar si una sala est\u00e1 ocupada o no.<\/p>\n<h2>\u00bfDe verdad necesitamos un sistema para reservar salas?<\/h2>\n<p>S\u00ed. Y no es exageraci\u00f3n.<\/p>\n<p>Piensa en esto: cada vez que una sala est\u00e1 ocupada sin estar registrada, alguien m\u00e1s podr\u00eda estar perdiendo tiempo valioso esperando que se libere. Ahora imagina si eso pasa en toda la oficina, varias veces al d\u00eda. Horas perdidas, recursos desaprovechados y frustraciones innecesarias.<\/p>\n<p>Con un sistema de <a href=\"https:\/\/daxel.mx\/reserva-de-salas.php\"><strong>reserva de salas<\/strong><\/a> bien implementado, no s\u00f3lo sabes qu\u00e9 espacio est\u00e1 disponible y cu\u00e1ndo. Tambi\u00e9n puedes:<\/p>\n<ul>\n<li>Organizar mejor las reuniones, evitando empalmes y sorpresas.<\/li>\n<li>Optimizar el uso de los espacios (\u00bfsab\u00edas que muchas salas se reservan m\u00e1s tiempo del necesario?).<\/li>\n<li>Y lo mejor: puedes hacer todo desde tu computadora, celular o directamente en una pantalla frente a la sala.<\/li>\n<\/ul>\n<h2>\u00bfC\u00f3mo funcionan?<\/h2>\n<p>Estos sistemas generalmente est\u00e1n compuestos por pantallas t\u00e1ctiles instaladas justo afuera de las salas. Desde ah\u00ed puedes ver si est\u00e1 libre, qui\u00e9n la reserv\u00f3 y por cu\u00e1nto tiempo. Tambi\u00e9n <a href=\"https:\/\/daxel.mx\/blog\/2025\/07\/04\/como-mejoran-la-productividad-los-sistemas-de-reserva-de-salas\/\">puedes agendar directamente desde esa pantalla<\/a>.<\/p>\n<p>Algunos modelos incluso tienen luces tipo sem\u00e1foro (verde si est\u00e1 libre, rojo si est\u00e1 ocupada) que se ven desde el pasillo, evitando interrupciones inc\u00f3modas.<\/p>\n<p>Adem\u00e1s, se integran con calendarios como Outlook, Google Calendar o plataformas como Microsoft Teams y Zoom, as\u00ed que no necesitas aprender nada nuevo: todo se maneja desde donde ya trabajas.<\/p>\n<h2>M\u00e1s que organizar salas: optimizaci\u00f3n, mantenimiento y soporte<\/h2>\n<p>Y aqu\u00ed es donde viene lo bueno: m\u00e1s all\u00e1 de saber si hay una sala libre, los sistemas de reserva ofrecen beneficios que impactan en la eficiencia general de la oficina.<\/p>\n<h3>1.\u00a0\u00a0\u00a0\u00a0\u00a0\u00a0\u00a0\u00a0\u00a0\u00a0\u00a0\u00a0\u00a0\u00a0\u00a0\u00a0\u00a0 Uso inteligente de los recursos<\/h3>\n<p>Los sistemas permiten a los administradores conocer datos clave como:<\/p>\n<ul>\n<li>\u00bfQu\u00e9 salas se usan m\u00e1s?<\/li>\n<li>\u00bfCu\u00e1ntas veces se reservan sin usarse?<\/li>\n<li>\u00bfCu\u00e1nto tiempo promedio duran las reuniones?<\/li>\n<\/ul>\n<p>Con esta informaci\u00f3n, es posible ajustar espacios, reorganizar agendas y hacer que cada metro cuadrado de oficina valga la pena.<\/p>\n<h3>2.\u00a0\u00a0\u00a0\u00a0\u00a0\u00a0\u00a0\u00a0\u00a0\u00a0\u00a0\u00a0\u00a0\u00a0\u00a0\u00a0\u00a0 Mantenimiento preventivo sin interrumpir reuniones<\/h3>\n<p>Cuando los equipos de TI saben exactamente cu\u00e1ndo se usar\u00e1n las salas (y cu\u00e1ndo no), pueden programar mantenimiento t\u00e9cnico sin afectar ninguna reuni\u00f3n. Y si algo falla, el sistema puede incluso enviar alertas o solicitudes de soporte de forma autom\u00e1tica.<\/p>\n<h3>3.\u00a0\u00a0\u00a0\u00a0\u00a0\u00a0\u00a0\u00a0\u00a0\u00a0\u00a0\u00a0\u00a0\u00a0\u00a0\u00a0\u00a0 Una experiencia m\u00e1s fluida para todos<\/h3>\n<p>\u00bfNecesitas caf\u00e9 para tu junta de tres horas? \u00bfO soporte t\u00e9cnico porque el proyector no enciende? Muchos sistemas permiten solicitar estos servicios al momento de agendar, todo desde la misma interfaz. As\u00ed, cuando entres a la reuni\u00f3n, todo ya est\u00e1 listo.<\/p>\n<h2>\u00bfQu\u00e9 opciones hay en el mercado?<\/h2>\n<p>En M\u00e9xico, existen varias marcas l\u00edderes que ofrecen soluciones eficaces y f\u00e1ciles de usar. Aqu\u00ed te mencionamos dos:<\/p>\n<h3>Tap Scheduler de Logitech<\/h3>\n<p>Una opci\u00f3n pr\u00e1ctica y elegante. Sus pantallas de 10\u201d vienen con accesorios para montar en muros o vidrio y se integran con plataformas como Microsoft, Zoom, Appspace, entre otras. Adem\u00e1s, si tienes equipos de videoconferencia Logitech, puedes sincronizarlo todo para tener una experiencia conectada de inicio a fin.<\/p>\n<h2>Crestron: una soluci\u00f3n m\u00e1s robusta<\/h2>\n<p>Crestron va un paso m\u00e1s all\u00e1 con sus pantallas de 7 y 10 pulgadas y su sistema de se\u00f1alizaci\u00f3n luminosa personalizada.<\/p>\n<p>Sus soluciones se integran con m\u00faltiples plataformas de calendario y permiten agregar sensores para detectar si una sala reservada realmente est\u00e1 ocupada. Si no, se libera autom\u00e1ticamente para que alguien m\u00e1s la use. Nada se desperdicia.<\/p>\n<p>Tambi\u00e9n puedes <a href=\"https:\/\/daxel.mx\/blog\/2025\/07\/14\/consigue-reuniones-efectivas-con-la-tecnologia-del-microfono-para-sala-de-juntas\/\">integrar funciones como videollamadas<\/a>, pantallas de bienvenida y hasta analizar m\u00e9tricas de uso con su software Crestron Fusion.<\/p>\n<h2>\u00bfY c\u00f3mo empiezo?<\/h2>\n<p>En D\u00e1xel contamos con las mejores soluciones del mercado para que tu oficina funcione como reloj suizo. Nuestro equipo te asesora en todo: desde la selecci\u00f3n del sistema ideal para tu espacio, hasta su instalaci\u00f3n y configuraci\u00f3n.<\/p>\n<p>Recuerda: la <a href=\"https:\/\/daxel.mx\/reserva-de-salas.php\"><strong>reserva de salas<\/strong><\/a> se trata de aprovechar mejor el tiempo, los recursos y facilitar la colaboraci\u00f3n sin fricciones.<\/p>\n<p>Haz que cada reuni\u00f3n cuente. Y que encontrar una sala nunca m\u00e1s sea un problema.<\/p>\n<h2>Proveedores de soluciones tecnol\u00f3gicas en M\u00e9xico<\/h2>\n<p>En Daxel ofrecemos esta soluci\u00f3n de se\u00f1alizaci\u00f3n y muchas otras soluciones dentro del campo tecnol\u00f3gico. Somos expertos en crear espacios inteligentes que generen una experiencia audiovisual de excelencia y nos especializamos en <a href=\"https:\/\/daxel.mx\/diseno-de-domotica.php\">dise\u00f1o de dom\u00f3tica<\/a>.<\/p>\n<p>Es decir que, programamos sistemas de<a href=\"https:\/\/daxel.mx\/automatizacion-de-casas-inteligentes.php\"> automatizaci\u00f3n de casas inteligentes<\/a> que controlan el audio, video, iluminaci\u00f3n, persianas, climas y mucho m\u00e1s desde un iPhone, un iPad o comandos de voz.<\/p>\n<p>Si gustas conocer m\u00e1s acerca de los productos y servicios que podemos ofrecer en D\u00e1xel, no dudes en ponerte en contacto con nosotros por WhatsApp al <a href=\"https:\/\/api.whatsapp.com\/send\/?phone=5215581361829&amp;text=Hola%21+Me+interesa+una+soluci%C3%B3n+para+&amp;type=phone_number&amp;app_absent=0\">+52 (55) 8136 1829<\/a> o <a href=\"https:\/\/api.whatsapp.com\/send\/?phone=5214771147307&amp;text=Hola%21+Me+interesa+una+soluci%C3%B3n+para+&amp;type=phone_number&amp;app_absent=0\">+52 (477) 114 7307<\/a>, por el correo electr\u00f3nico <a href=\"mailto:contacto@daxel.mx\">contacto<\/a><a href=\"mailto:contacto@daxel.mx\">@<\/a><a href=\"mailto:contacto@daxel.mx\">daxel.mx<\/a> y s\u00edguenos en nuestras redes sociales: <a href=\"https:\/\/www.facebook.com\/DaxelDomoticaAudiovisual\/\">Facebook<\/a>, <a href=\"https:\/\/www.instagram.com\/daxelmx\/\">Instagram<\/a>, <a href=\"https:\/\/www.linkedin.com\/company\/d%C3%A1xel\/\">LinkedIn<\/a> y <a href=\"https:\/\/www.youtube.com\/channel\/UC7qU4fQHw6IN8gSjhihlXfQ\">YouTube<\/a>.<\/p>\n<p>Tenemos sedes en Le\u00f3n, Celaya y el Valle de M\u00e9xico con cobertura en m\u00e1s de 20 ciudades. Recuerda que tenemos un proceso de servicio que te acompa\u00f1a desde el dise\u00f1o de tu proyecto hasta la puesta en marcha llave en mano.<\/p>\n","protected":false},"excerpt":{"rendered":"<p>En el ajetreo diario de la oficina moderna, donde las reuniones surgen por cualquier motivo \u2014desde cerrar un trato hasta alinear al equipo para el lanzamiento de un nuevo proyecto\u2014 una cosa es segura: nadie quiere andar adivinando si la sala de juntas est\u00e1 libre. Si alguna vez corriste por los pasillos con tu laptop&hellip; <br \/> <a class=\"read-more\" href=\"https:\/\/daxel.mx\/blog\/2025\/08\/25\/reserva-de-salas-inteligente-transforma-la-gestion-de-tu-espacio\/\">Leer m\u00e1s<\/a><\/p>\n","protected":false},"author":342,"featured_media":1013,"comment_status":"closed","ping_status":"closed","sticky":false,"template":"","format":"standard","meta":{"footnotes":"","jetpack_publicize_message":"","jetpack_publicize_feature_enabled":true,"jetpack_social_post_already_shared":true,"jetpack_social_options":{"image_generator_settings":{"template":"highway","default_image_id":0,"font":"","enabled":false},"version":2}},"categories":[37],"tags":[],"class_list":["post-1075","post","type-post","status-publish","format-standard","has-post-thumbnail","hentry","category-blog"],"yoast_head":"<!-- This site is optimized with the Yoast SEO plugin v27.3 - https:\/\/yoast.com\/product\/yoast-seo-wordpress\/ -->\n<title>Reserva de salas inteligente: Transforma la gesti\u00f3n de tu espacio<\/title>\n<meta name=\"description\" content=\"Optimiza tu oficina con la reserva de salas inteligente. Descubre c\u00f3mo transformar la gesti\u00f3n de tus espacios y acabar con la b\u00fasqueda de salones libres\" \/>\n<meta name=\"robots\" content=\"index, follow, max-snippet:-1, max-image-preview:large, max-video-preview:-1\" \/>\n<link rel=\"canonical\" href=\"https:\/\/daxel.mx\/blog\/2025\/08\/25\/reserva-de-salas-inteligente-transforma-la-gestion-de-tu-espacio\/\" \/>\n<meta property=\"og:locale\" content=\"es_MX\" \/>\n<meta property=\"og:type\" content=\"article\" \/>\n<meta property=\"og:title\" content=\"Reserva de salas inteligente: Transforma la gesti\u00f3n de tu espacio\" \/>\n<meta property=\"og:description\" content=\"Optimiza tu oficina con la reserva de salas inteligente. Descubre c\u00f3mo transformar la gesti\u00f3n de tus espacios y acabar con la b\u00fasqueda de salones libres\" \/>\n<meta property=\"og:url\" content=\"https:\/\/daxel.mx\/blog\/2025\/08\/25\/reserva-de-salas-inteligente-transforma-la-gestion-de-tu-espacio\/\" \/>\n<meta property=\"og:site_name\" content=\"D\u00e1xel Blog\" \/>\n<meta property=\"article:publisher\" content=\"https:\/\/www.facebook.com\/DaxelDomoticaAudiovisual\/\" \/>\n<meta property=\"article:published_time\" content=\"2025-08-25T18:57:24+00:00\" \/>\n<meta property=\"og:image\" content=\"https:\/\/daxel.mx\/blog\/wp-content\/uploads\/2025\/05\/unnamed-min.jpg\" \/>\n\t<meta property=\"og:image:width\" content=\"1560\" \/>\n\t<meta property=\"og:image:height\" content=\"439\" \/>\n\t<meta property=\"og:image:type\" content=\"image\/jpeg\" \/>\n<meta name=\"author\" content=\"programacion\" \/>\n<meta name=\"twitter:card\" content=\"summary_large_image\" \/>\n<meta name=\"twitter:label1\" content=\"Escrito por\" \/>\n\t<meta name=\"twitter:data1\" content=\"programacion\" \/>\n\t<meta name=\"twitter:label2\" content=\"Tiempo de lectura\" \/>\n\t<meta name=\"twitter:data2\" content=\"5 minutos\" \/>\n<script type=\"application\/ld+json\" class=\"yoast-schema-graph\">{\"@context\":\"https:\\\/\\\/schema.org\",\"@graph\":[{\"@type\":\"Article\",\"@id\":\"https:\\\/\\\/daxel.mx\\\/blog\\\/2025\\\/08\\\/25\\\/reserva-de-salas-inteligente-transforma-la-gestion-de-tu-espacio\\\/#article\",\"isPartOf\":{\"@id\":\"https:\\\/\\\/daxel.mx\\\/blog\\\/2025\\\/08\\\/25\\\/reserva-de-salas-inteligente-transforma-la-gestion-de-tu-espacio\\\/\"},\"author\":{\"name\":\"programacion\",\"@id\":\"https:\\\/\\\/daxel.mx\\\/blog\\\/#\\\/schema\\\/person\\\/da4f122a1134e8607516450127da9dfa\"},\"headline\":\"Reserva de salas inteligente: Transforma la gesti\u00f3n de tu espacio\",\"datePublished\":\"2025-08-25T18:57:24+00:00\",\"mainEntityOfPage\":{\"@id\":\"https:\\\/\\\/daxel.mx\\\/blog\\\/2025\\\/08\\\/25\\\/reserva-de-salas-inteligente-transforma-la-gestion-de-tu-espacio\\\/\"},\"wordCount\":962,\"publisher\":{\"@id\":\"https:\\\/\\\/daxel.mx\\\/blog\\\/#organization\"},\"image\":{\"@id\":\"https:\\\/\\\/daxel.mx\\\/blog\\\/2025\\\/08\\\/25\\\/reserva-de-salas-inteligente-transforma-la-gestion-de-tu-espacio\\\/#primaryimage\"},\"thumbnailUrl\":\"https:\\\/\\\/daxel.mx\\\/blog\\\/wp-content\\\/uploads\\\/2025\\\/05\\\/unnamed-min.jpg\",\"articleSection\":[\"blog\"],\"inLanguage\":\"es\"},{\"@type\":\"WebPage\",\"@id\":\"https:\\\/\\\/daxel.mx\\\/blog\\\/2025\\\/08\\\/25\\\/reserva-de-salas-inteligente-transforma-la-gestion-de-tu-espacio\\\/\",\"url\":\"https:\\\/\\\/daxel.mx\\\/blog\\\/2025\\\/08\\\/25\\\/reserva-de-salas-inteligente-transforma-la-gestion-de-tu-espacio\\\/\",\"name\":\"Reserva de salas inteligente: Transforma la gesti\u00f3n de tu espacio\",\"isPartOf\":{\"@id\":\"https:\\\/\\\/daxel.mx\\\/blog\\\/#website\"},\"primaryImageOfPage\":{\"@id\":\"https:\\\/\\\/daxel.mx\\\/blog\\\/2025\\\/08\\\/25\\\/reserva-de-salas-inteligente-transforma-la-gestion-de-tu-espacio\\\/#primaryimage\"},\"image\":{\"@id\":\"https:\\\/\\\/daxel.mx\\\/blog\\\/2025\\\/08\\\/25\\\/reserva-de-salas-inteligente-transforma-la-gestion-de-tu-espacio\\\/#primaryimage\"},\"thumbnailUrl\":\"https:\\\/\\\/daxel.mx\\\/blog\\\/wp-content\\\/uploads\\\/2025\\\/05\\\/unnamed-min.jpg\",\"datePublished\":\"2025-08-25T18:57:24+00:00\",\"description\":\"Optimiza tu oficina con la reserva de salas inteligente. Descubre c\u00f3mo transformar la gesti\u00f3n de tus espacios y acabar con la b\u00fasqueda de salones libres\",\"breadcrumb\":{\"@id\":\"https:\\\/\\\/daxel.mx\\\/blog\\\/2025\\\/08\\\/25\\\/reserva-de-salas-inteligente-transforma-la-gestion-de-tu-espacio\\\/#breadcrumb\"},\"inLanguage\":\"es\",\"potentialAction\":[{\"@type\":\"ReadAction\",\"target\":[\"https:\\\/\\\/daxel.mx\\\/blog\\\/2025\\\/08\\\/25\\\/reserva-de-salas-inteligente-transforma-la-gestion-de-tu-espacio\\\/\"]}]},{\"@type\":\"ImageObject\",\"inLanguage\":\"es\",\"@id\":\"https:\\\/\\\/daxel.mx\\\/blog\\\/2025\\\/08\\\/25\\\/reserva-de-salas-inteligente-transforma-la-gestion-de-tu-espacio\\\/#primaryimage\",\"url\":\"https:\\\/\\\/daxel.mx\\\/blog\\\/wp-content\\\/uploads\\\/2025\\\/05\\\/unnamed-min.jpg\",\"contentUrl\":\"https:\\\/\\\/daxel.mx\\\/blog\\\/wp-content\\\/uploads\\\/2025\\\/05\\\/unnamed-min.jpg\",\"width\":1560,\"height\":439,\"caption\":\"reserva de salas\"},{\"@type\":\"BreadcrumbList\",\"@id\":\"https:\\\/\\\/daxel.mx\\\/blog\\\/2025\\\/08\\\/25\\\/reserva-de-salas-inteligente-transforma-la-gestion-de-tu-espacio\\\/#breadcrumb\",\"itemListElement\":[{\"@type\":\"ListItem\",\"position\":1,\"name\":\"Inicio\",\"item\":\"https:\\\/\\\/daxel.mx\\\/blog\\\/\"},{\"@type\":\"ListItem\",\"position\":2,\"name\":\"Reserva de salas inteligente: Transforma la gesti\u00f3n de tu espacio\"}]},{\"@type\":\"WebSite\",\"@id\":\"https:\\\/\\\/daxel.mx\\\/blog\\\/#website\",\"url\":\"https:\\\/\\\/daxel.mx\\\/blog\\\/\",\"name\":\"D\u00e1xel Blog\",\"description\":\"Temas de Dom\u00f3tica Audiovisual\",\"publisher\":{\"@id\":\"https:\\\/\\\/daxel.mx\\\/blog\\\/#organization\"},\"potentialAction\":[{\"@type\":\"SearchAction\",\"target\":{\"@type\":\"EntryPoint\",\"urlTemplate\":\"https:\\\/\\\/daxel.mx\\\/blog\\\/?s={search_term_string}\"},\"query-input\":{\"@type\":\"PropertyValueSpecification\",\"valueRequired\":true,\"valueName\":\"search_term_string\"}}],\"inLanguage\":\"es\"},{\"@type\":\"Organization\",\"@id\":\"https:\\\/\\\/daxel.mx\\\/blog\\\/#organization\",\"name\":\"D\u00e1xel\",\"url\":\"https:\\\/\\\/daxel.mx\\\/blog\\\/\",\"logo\":{\"@type\":\"ImageObject\",\"inLanguage\":\"es\",\"@id\":\"https:\\\/\\\/daxel.mx\\\/blog\\\/#\\\/schema\\\/logo\\\/image\\\/\",\"url\":\"https:\\\/\\\/daxel.mx\\\/blog\\\/wp-content\\\/uploads\\\/2018\\\/01\\\/Horizontal-Gradiente.png\",\"contentUrl\":\"https:\\\/\\\/daxel.mx\\\/blog\\\/wp-content\\\/uploads\\\/2018\\\/01\\\/Horizontal-Gradiente.png\",\"width\":2748,\"height\":1152,\"caption\":\"D\u00e1xel\"},\"image\":{\"@id\":\"https:\\\/\\\/daxel.mx\\\/blog\\\/#\\\/schema\\\/logo\\\/image\\\/\"},\"sameAs\":[\"https:\\\/\\\/www.facebook.com\\\/DaxelDomoticaAudiovisual\\\/\",\"https:\\\/\\\/www.linkedin.com\\\/company\\\/d\u00e1xel\\\/\"]},{\"@type\":\"Person\",\"@id\":\"https:\\\/\\\/daxel.mx\\\/blog\\\/#\\\/schema\\\/person\\\/da4f122a1134e8607516450127da9dfa\",\"name\":\"programacion\",\"image\":{\"@type\":\"ImageObject\",\"inLanguage\":\"es\",\"@id\":\"https:\\\/\\\/secure.gravatar.com\\\/avatar\\\/9d3dfe9b12b7a0a3e2fb00f12839f14fd06d5319a3517c04f2fd4ba0024ec4f0?s=96&d=identicon&r=g\",\"url\":\"https:\\\/\\\/secure.gravatar.com\\\/avatar\\\/9d3dfe9b12b7a0a3e2fb00f12839f14fd06d5319a3517c04f2fd4ba0024ec4f0?s=96&d=identicon&r=g\",\"contentUrl\":\"https:\\\/\\\/secure.gravatar.com\\\/avatar\\\/9d3dfe9b12b7a0a3e2fb00f12839f14fd06d5319a3517c04f2fd4ba0024ec4f0?s=96&d=identicon&r=g\",\"caption\":\"programacion\"},\"url\":\"https:\\\/\\\/daxel.mx\\\/blog\\\/author\\\/programacion\\\/\"}]}<\/script>\n<!-- \/ Yoast SEO plugin. -->","yoast_head_json":{"title":"Reserva de salas inteligente: Transforma la gesti\u00f3n de tu espacio","description":"Optimiza tu oficina con la reserva de salas inteligente. Descubre c\u00f3mo transformar la gesti\u00f3n de tus espacios y acabar con la b\u00fasqueda de salones libres","robots":{"index":"index","follow":"follow","max-snippet":"max-snippet:-1","max-image-preview":"max-image-preview:large","max-video-preview":"max-video-preview:-1"},"canonical":"https:\/\/daxel.mx\/blog\/2025\/08\/25\/reserva-de-salas-inteligente-transforma-la-gestion-de-tu-espacio\/","og_locale":"es_MX","og_type":"article","og_title":"Reserva de salas inteligente: Transforma la gesti\u00f3n de tu espacio","og_description":"Optimiza tu oficina con la reserva de salas inteligente. Descubre c\u00f3mo transformar la gesti\u00f3n de tus espacios y acabar con la b\u00fasqueda de salones libres","og_url":"https:\/\/daxel.mx\/blog\/2025\/08\/25\/reserva-de-salas-inteligente-transforma-la-gestion-de-tu-espacio\/","og_site_name":"D\u00e1xel Blog","article_publisher":"https:\/\/www.facebook.com\/DaxelDomoticaAudiovisual\/","article_published_time":"2025-08-25T18:57:24+00:00","og_image":[{"width":1560,"height":439,"url":"https:\/\/daxel.mx\/blog\/wp-content\/uploads\/2025\/05\/unnamed-min.jpg","type":"image\/jpeg"}],"author":"programacion","twitter_card":"summary_large_image","twitter_misc":{"Escrito por":"programacion","Tiempo de lectura":"5 minutos"},"schema":{"@context":"https:\/\/schema.org","@graph":[{"@type":"Article","@id":"https:\/\/daxel.mx\/blog\/2025\/08\/25\/reserva-de-salas-inteligente-transforma-la-gestion-de-tu-espacio\/#article","isPartOf":{"@id":"https:\/\/daxel.mx\/blog\/2025\/08\/25\/reserva-de-salas-inteligente-transforma-la-gestion-de-tu-espacio\/"},"author":{"name":"programacion","@id":"https:\/\/daxel.mx\/blog\/#\/schema\/person\/da4f122a1134e8607516450127da9dfa"},"headline":"Reserva de salas inteligente: Transforma la gesti\u00f3n de tu espacio","datePublished":"2025-08-25T18:57:24+00:00","mainEntityOfPage":{"@id":"https:\/\/daxel.mx\/blog\/2025\/08\/25\/reserva-de-salas-inteligente-transforma-la-gestion-de-tu-espacio\/"},"wordCount":962,"publisher":{"@id":"https:\/\/daxel.mx\/blog\/#organization"},"image":{"@id":"https:\/\/daxel.mx\/blog\/2025\/08\/25\/reserva-de-salas-inteligente-transforma-la-gestion-de-tu-espacio\/#primaryimage"},"thumbnailUrl":"https:\/\/daxel.mx\/blog\/wp-content\/uploads\/2025\/05\/unnamed-min.jpg","articleSection":["blog"],"inLanguage":"es"},{"@type":"WebPage","@id":"https:\/\/daxel.mx\/blog\/2025\/08\/25\/reserva-de-salas-inteligente-transforma-la-gestion-de-tu-espacio\/","url":"https:\/\/daxel.mx\/blog\/2025\/08\/25\/reserva-de-salas-inteligente-transforma-la-gestion-de-tu-espacio\/","name":"Reserva de salas inteligente: Transforma la gesti\u00f3n de tu espacio","isPartOf":{"@id":"https:\/\/daxel.mx\/blog\/#website"},"primaryImageOfPage":{"@id":"https:\/\/daxel.mx\/blog\/2025\/08\/25\/reserva-de-salas-inteligente-transforma-la-gestion-de-tu-espacio\/#primaryimage"},"image":{"@id":"https:\/\/daxel.mx\/blog\/2025\/08\/25\/reserva-de-salas-inteligente-transforma-la-gestion-de-tu-espacio\/#primaryimage"},"thumbnailUrl":"https:\/\/daxel.mx\/blog\/wp-content\/uploads\/2025\/05\/unnamed-min.jpg","datePublished":"2025-08-25T18:57:24+00:00","description":"Optimiza tu oficina con la reserva de salas inteligente. Descubre c\u00f3mo transformar la gesti\u00f3n de tus espacios y acabar con la b\u00fasqueda de salones libres","breadcrumb":{"@id":"https:\/\/daxel.mx\/blog\/2025\/08\/25\/reserva-de-salas-inteligente-transforma-la-gestion-de-tu-espacio\/#breadcrumb"},"inLanguage":"es","potentialAction":[{"@type":"ReadAction","target":["https:\/\/daxel.mx\/blog\/2025\/08\/25\/reserva-de-salas-inteligente-transforma-la-gestion-de-tu-espacio\/"]}]},{"@type":"ImageObject","inLanguage":"es","@id":"https:\/\/daxel.mx\/blog\/2025\/08\/25\/reserva-de-salas-inteligente-transforma-la-gestion-de-tu-espacio\/#primaryimage","url":"https:\/\/daxel.mx\/blog\/wp-content\/uploads\/2025\/05\/unnamed-min.jpg","contentUrl":"https:\/\/daxel.mx\/blog\/wp-content\/uploads\/2025\/05\/unnamed-min.jpg","width":1560,"height":439,"caption":"reserva de salas"},{"@type":"BreadcrumbList","@id":"https:\/\/daxel.mx\/blog\/2025\/08\/25\/reserva-de-salas-inteligente-transforma-la-gestion-de-tu-espacio\/#breadcrumb","itemListElement":[{"@type":"ListItem","position":1,"name":"Inicio","item":"https:\/\/daxel.mx\/blog\/"},{"@type":"ListItem","position":2,"name":"Reserva de salas inteligente: Transforma la gesti\u00f3n de tu espacio"}]},{"@type":"WebSite","@id":"https:\/\/daxel.mx\/blog\/#website","url":"https:\/\/daxel.mx\/blog\/","name":"D\u00e1xel Blog","description":"Temas de Dom\u00f3tica Audiovisual","publisher":{"@id":"https:\/\/daxel.mx\/blog\/#organization"},"potentialAction":[{"@type":"SearchAction","target":{"@type":"EntryPoint","urlTemplate":"https:\/\/daxel.mx\/blog\/?s={search_term_string}"},"query-input":{"@type":"PropertyValueSpecification","valueRequired":true,"valueName":"search_term_string"}}],"inLanguage":"es"},{"@type":"Organization","@id":"https:\/\/daxel.mx\/blog\/#organization","name":"D\u00e1xel","url":"https:\/\/daxel.mx\/blog\/","logo":{"@type":"ImageObject","inLanguage":"es","@id":"https:\/\/daxel.mx\/blog\/#\/schema\/logo\/image\/","url":"https:\/\/daxel.mx\/blog\/wp-content\/uploads\/2018\/01\/Horizontal-Gradiente.png","contentUrl":"https:\/\/daxel.mx\/blog\/wp-content\/uploads\/2018\/01\/Horizontal-Gradiente.png","width":2748,"height":1152,"caption":"D\u00e1xel"},"image":{"@id":"https:\/\/daxel.mx\/blog\/#\/schema\/logo\/image\/"},"sameAs":["https:\/\/www.facebook.com\/DaxelDomoticaAudiovisual\/","https:\/\/www.linkedin.com\/company\/d\u00e1xel\/"]},{"@type":"Person","@id":"https:\/\/daxel.mx\/blog\/#\/schema\/person\/da4f122a1134e8607516450127da9dfa","name":"programacion","image":{"@type":"ImageObject","inLanguage":"es","@id":"https:\/\/secure.gravatar.com\/avatar\/9d3dfe9b12b7a0a3e2fb00f12839f14fd06d5319a3517c04f2fd4ba0024ec4f0?s=96&d=identicon&r=g","url":"https:\/\/secure.gravatar.com\/avatar\/9d3dfe9b12b7a0a3e2fb00f12839f14fd06d5319a3517c04f2fd4ba0024ec4f0?s=96&d=identicon&r=g","contentUrl":"https:\/\/secure.gravatar.com\/avatar\/9d3dfe9b12b7a0a3e2fb00f12839f14fd06d5319a3517c04f2fd4ba0024ec4f0?s=96&d=identicon&r=g","caption":"programacion"},"url":"https:\/\/daxel.mx\/blog\/author\/programacion\/"}]}},"jetpack_publicize_connections":[],"_links":{"self":[{"href":"https:\/\/daxel.mx\/blog\/wp-json\/wp\/v2\/posts\/1075","targetHints":{"allow":["GET"]}}],"collection":[{"href":"https:\/\/daxel.mx\/blog\/wp-json\/wp\/v2\/posts"}],"about":[{"href":"https:\/\/daxel.mx\/blog\/wp-json\/wp\/v2\/types\/post"}],"author":[{"embeddable":true,"href":"https:\/\/daxel.mx\/blog\/wp-json\/wp\/v2\/users\/342"}],"replies":[{"embeddable":true,"href":"https:\/\/daxel.mx\/blog\/wp-json\/wp\/v2\/comments?post=1075"}],"version-history":[{"count":1,"href":"https:\/\/daxel.mx\/blog\/wp-json\/wp\/v2\/posts\/1075\/revisions"}],"predecessor-version":[{"id":1085,"href":"https:\/\/daxel.mx\/blog\/wp-json\/wp\/v2\/posts\/1075\/revisions\/1085"}],"wp:featuredmedia":[{"embeddable":true,"href":"https:\/\/daxel.mx\/blog\/wp-json\/wp\/v2\/media\/1013"}],"wp:attachment":[{"href":"https:\/\/daxel.mx\/blog\/wp-json\/wp\/v2\/media?parent=1075"}],"wp:term":[{"taxonomy":"category","embeddable":true,"href":"https:\/\/daxel.mx\/blog\/wp-json\/wp\/v2\/categories?post=1075"},{"taxonomy":"post_tag","embeddable":true,"href":"https:\/\/daxel.mx\/blog\/wp-json\/wp\/v2\/tags?post=1075"}],"curies":[{"name":"wp","href":"https:\/\/api.w.org\/{rel}","templated":true}]}}