{"id":1093,"date":"2025-09-10T11:36:59","date_gmt":"2025-09-10T17:36:59","guid":{"rendered":"https:\/\/daxel.mx\/blog\/?p=1093"},"modified":"2025-08-27T11:48:27","modified_gmt":"2025-08-27T17:48:27","slug":"que-tan-importante-es-la-camara-para-videoconferencia-en-una-empresa","status":"publish","type":"post","link":"https:\/\/daxel.mx\/blog\/2025\/09\/10\/que-tan-importante-es-la-camara-para-videoconferencia-en-una-empresa\/","title":{"rendered":"\u00bfQu\u00e9 tan importante es la c\u00e1mara para videoconferencia en una empresa?"},"content":{"rendered":"<p>En las empresas de la actualidad, la <a href=\"https:\/\/daxel.mx\/camara-para-videoconferencia.php\"><strong>c\u00e1mara para videoconferencia<\/strong><\/a> representa una herramienta de crucial importancia. Estos dispositivos permiten mantener una colaboraci\u00f3n a nivel global y la posibilidad de realizar conferencias y reuniones en cuesti\u00f3n de minutos. Algo que resulta especialmente beneficioso para las empresas que cuentan con trabajadores remotos, ya que la ubicaci\u00f3n geogr\u00e1fica ya no representa un problema para la comunicaci\u00f3n.<\/p>\n<p>La c\u00e1mara permite observar los movimientos y gestos de los participantes, por lo que se optimiza en gran medida los procesos de videoconferencia. Algo que impacta positivamente en la efectividad y en la concentraci\u00f3n de los participantes para obtener informaci\u00f3n nueva de relevancia.<\/p>\n<h2>La <strong>c\u00e1mara para videoconferencia<\/strong> y una mejor conexi\u00f3n humana entre colaboradores<\/h2>\n<p>Entre las principales ventajas que ofrece la <a href=\"https:\/\/daxel.mx\/camara-para-videoconferencia.php\"><strong>c\u00e1mara para videoconferencia<\/strong><\/a> se debe mencionar la posibilidad de ver c\u00f3mo los participantes se expresan mediante su lenguaje no verbal. La c\u00e1mara permite ver las expresiones faciales, el lenguaje corporal y los gestos de los hablantes, algo crucial cuando se trata de transmitir emociones y entender el tono del mensaje.<\/p>\n<p>La posibilidad de poder observar en tiempo real a los diferentes participantes en una reuni\u00f3n permite aumentar el compromiso del equipo. Esto debido a que ayuda a mantener la atenci\u00f3n y el enfoque de los individuos durante la sesi\u00f3n. Las personas podr\u00e1n contar con mayor dinamismo e interacci\u00f3n para evitar las distracciones o realizar otras tareas al saber que est\u00e1n siendo vistas. Lo que se traduce como reuniones mucho m\u00e1s efectivas, colaborativas y productivas.<\/p>\n<p>En algunos casos la ausencia de se\u00f1ales visuales puede llevar a malas interpretaci\u00f3n de los mensajes. En este sentido, una c\u00e1mara permite reducir la ambig\u00fcedad al garantizar que todos los participantes puedan mantenerse en sincron\u00eda. En los <a href=\"https:\/\/daxel.mx\/sistemas-de-videoconferencia.php\"><strong>sistemas de videoconferencia<\/strong><\/a> m\u00e1s completos no puede faltar la presencia de la c\u00e1mara, ya que es un componente fundamental para el \u00e9xito de cualquier reuni\u00f3n a distancia.<\/p>\n<h3>Mejor imagen profesional y mayor credibilidad<\/h3>\n<p>Cuando se busca una c\u00e1mara ideal para sus procesos de videoconferencia es importante tener en cuenta la imagen profesional de la empresa y su credibilidad. Una c\u00e1mara de baja calidad con imagen pixelada puede dar una impresi\u00f3n de falta de profesionalismo. Mientras que una c\u00e1mara de alta definici\u00f3n con buena iluminaci\u00f3n proyecta una imagen seria, con atenci\u00f3n al detalle y altamente competitiva.<\/p>\n<p>De hecho, las c\u00e1maras de por s\u00ed permiten a las empresas mantenerse competitivas en el altamente exigente mundo empresarial de la actualidad. Esto debido a que permiten acceder a talento global, a nuevos mercados, realizar negociaciones con empresas externas y mucho m\u00e1s.<\/p>\n<h3>Mejor colaboraci\u00f3n entre empleados<\/h3>\n<p>El <a href=\"https:\/\/daxel.mx\/audio-y-video-sala-de-juntas.php\"><strong>audio y video sala de juntas<\/strong><\/a> es crucial cuando se trata de la colaboraci\u00f3n entre empleados. Cada uno de los participantes podr\u00e1 mantener un contacto m\u00e1s claro entre s\u00ed para mantenerse actualizados sobre el desarrollo de procesos. Esto, por supuesto, sin importar su ubicaci\u00f3n geogr\u00e1fica.<\/p>\n<p>De hecho, una c\u00e1mara permite mejorar los procesos de toma de decisiones al permitir una comunicaci\u00f3n m\u00e1s efectiva. La posibilidad de ver reacciones de los dem\u00e1s y aclarar puntos al instante aceleran los procesos y la resoluci\u00f3n de problemas. Por lo que ser\u00e1 posible tomar decisiones m\u00e1s informadas de forma m\u00e1s precisa y r\u00e1pida.<\/p>\n<h2>\u00bfQu\u00e9 debo considerar al comprar una c\u00e1mara de videoconferencia?<\/h2>\n<p>Existen algunos aspectos o recomendaciones de importancia que se deben tener en cuenta para realizar la compra de una c\u00e1mara realmente beneficiosa para los procesos de la empresa. En D\u00e1xel le ense\u00f1amos algunos de los m\u00e1s relevantes, a continuaci\u00f3n:<\/p>\n<ul>\n<li>La resoluci\u00f3n es crucial para una claridad ideal en pantallas grandes como las utilizadas en empresas, por lo que se debe optar por c\u00e1maras 4K o 1080p como est\u00e1ndar m\u00ednimo.<\/li>\n<li>Un campo de visi\u00f3n amplio para las salas de reuniones donde se encuentran varios participantes.<\/li>\n<li>Algunas c\u00e1maras ofrecen funciones inteligentes como el encuadre autom\u00e1tico, seguimiento del hablante y el zoom autom\u00e1tico. Esto facilita la ubicaci\u00f3n e instalaci\u00f3n del dispositivo para que cualquier persona pueda realizarlo sin problema.<\/li>\n<li>Inclinarse por las opciones que mejor relaci\u00f3n entre calidad y precio ofrezcan. Una c\u00e1mara barata no siempre es la mejor opci\u00f3n para mostrar profesionalismo.<\/li>\n<\/ul>\n<p>Para adquirir una c\u00e1mara de alta calidad lo m\u00e1s aconsejable es acudir a un proveedor especializado y representativo. En D\u00e1xel, por ejemplo, se cuenta con una amplia gama de soluciones tecnol\u00f3gicas para optimizar los procesos de reuniones de las empresas. Adem\u00e1s de que se ofrece asesoramiento especializado para disipar dudas relacionadas.<\/p>\n<h2>\u00a1Las mejores c\u00e1maras de videoconferencia las encuentra en D\u00e1xel!<\/h2>\n<p>La <a href=\"https:\/\/daxel.mx\/camara-para-videoconferencia.php\"><strong>c\u00e1mara para videoconferencia<\/strong><\/a>, sin duda alguna, es un dispositivo de crucial relevancia en las empresas modernas que buscan mantenerse competitivas. Es por esto por lo que D\u00e1xel deja a su disposici\u00f3n un amplio cat\u00e1logo de c\u00e1maras y dispositivos que se adaptan a las necesidades espec\u00edficas de su empresa. Podr\u00e1 contar con informaci\u00f3n de importancia para asegurar un m\u00e1ximo aprovechamiento de cada funci\u00f3n.<\/p>\n<p>\u00bfDesea saber m\u00e1s sobre nuestra disponibilidad en c\u00e1maras? Le invitamos a comunicarse a trav\u00e9s del correo electr\u00f3nico <a href=\"mailto:contacto@daxel.mx\">contacto@daxel.mx<\/a> o mediante el n\u00famero de tel\u00e9fono <a href=\"tel:4775557200\">(477) 555 7200<\/a> para obtener toda la informaci\u00f3n necesaria a la brevedad.<\/p>\n","protected":false},"excerpt":{"rendered":"<p>En las empresas de la actualidad, la c\u00e1mara para videoconferencia representa una herramienta de crucial importancia. Estos dispositivos permiten mantener una colaboraci\u00f3n a nivel global y la posibilidad de realizar conferencias y reuniones en cuesti\u00f3n de minutos. Algo que resulta especialmente beneficioso para las empresas que cuentan con trabajadores remotos, ya que la ubicaci\u00f3n geogr\u00e1fica&hellip; <br \/> <a class=\"read-more\" href=\"https:\/\/daxel.mx\/blog\/2025\/09\/10\/que-tan-importante-es-la-camara-para-videoconferencia-en-una-empresa\/\">Leer m\u00e1s<\/a><\/p>\n","protected":false},"author":342,"featured_media":1017,"comment_status":"closed","ping_status":"closed","sticky":false,"template":"","format":"standard","meta":{"footnotes":"","jetpack_publicize_message":"","jetpack_publicize_feature_enabled":true,"jetpack_social_post_already_shared":true,"jetpack_social_options":{"image_generator_settings":{"template":"highway","default_image_id":0,"font":"","enabled":false},"version":2}},"categories":[37],"tags":[],"class_list":["post-1093","post","type-post","status-publish","format-standard","has-post-thumbnail","hentry","category-blog"],"yoast_head":"<!-- This site is optimized with the Yoast SEO plugin v27.3 - https:\/\/yoast.com\/product\/yoast-seo-wordpress\/ -->\n<title>\u00bfQu\u00e9 tan importante es la c\u00e1mara para videoconferencia en una empresa?<\/title>\n<meta name=\"description\" content=\"Descubra algunos datos de suma relevancia relacionados con la importancia de la c\u00e1mara para videoconferencia en una empresa de la actualidad\" \/>\n<meta name=\"robots\" content=\"index, follow, max-snippet:-1, max-image-preview:large, max-video-preview:-1\" \/>\n<link rel=\"canonical\" href=\"https:\/\/daxel.mx\/blog\/2025\/09\/10\/que-tan-importante-es-la-camara-para-videoconferencia-en-una-empresa\/\" \/>\n<meta property=\"og:locale\" content=\"es_MX\" \/>\n<meta property=\"og:type\" content=\"article\" \/>\n<meta property=\"og:title\" content=\"\u00bfQu\u00e9 tan importante es la c\u00e1mara para videoconferencia en una empresa?\" \/>\n<meta property=\"og:description\" content=\"Descubra algunos datos de suma relevancia relacionados con la importancia de la c\u00e1mara para videoconferencia en una empresa de la actualidad\" \/>\n<meta property=\"og:url\" content=\"https:\/\/daxel.mx\/blog\/2025\/09\/10\/que-tan-importante-es-la-camara-para-videoconferencia-en-una-empresa\/\" \/>\n<meta property=\"og:site_name\" content=\"D\u00e1xel Blog\" \/>\n<meta property=\"article:publisher\" content=\"https:\/\/www.facebook.com\/DaxelDomoticaAudiovisual\/\" \/>\n<meta property=\"article:published_time\" content=\"2025-09-10T17:36:59+00:00\" \/>\n<meta property=\"og:image\" content=\"https:\/\/daxel.mx\/blog\/wp-content\/uploads\/2025\/05\/master_photo_a-IV-CAM-P20-W_PTZ_-min.png\" \/>\n\t<meta property=\"og:image:width\" content=\"1750\" \/>\n\t<meta property=\"og:image:height\" content=\"1473\" \/>\n\t<meta property=\"og:image:type\" content=\"image\/png\" \/>\n<meta name=\"author\" content=\"programacion\" \/>\n<meta name=\"twitter:card\" content=\"summary_large_image\" \/>\n<meta name=\"twitter:label1\" content=\"Escrito por\" \/>\n\t<meta name=\"twitter:data1\" content=\"programacion\" \/>\n\t<meta name=\"twitter:label2\" content=\"Tiempo de lectura\" \/>\n\t<meta name=\"twitter:data2\" content=\"5 minutos\" \/>\n<script type=\"application\/ld+json\" class=\"yoast-schema-graph\">{\"@context\":\"https:\\\/\\\/schema.org\",\"@graph\":[{\"@type\":\"Article\",\"@id\":\"https:\\\/\\\/daxel.mx\\\/blog\\\/2025\\\/09\\\/10\\\/que-tan-importante-es-la-camara-para-videoconferencia-en-una-empresa\\\/#article\",\"isPartOf\":{\"@id\":\"https:\\\/\\\/daxel.mx\\\/blog\\\/2025\\\/09\\\/10\\\/que-tan-importante-es-la-camara-para-videoconferencia-en-una-empresa\\\/\"},\"author\":{\"name\":\"programacion\",\"@id\":\"https:\\\/\\\/daxel.mx\\\/blog\\\/#\\\/schema\\\/person\\\/da4f122a1134e8607516450127da9dfa\"},\"headline\":\"\u00bfQu\u00e9 tan importante es la c\u00e1mara para videoconferencia en una empresa?\",\"datePublished\":\"2025-09-10T17:36:59+00:00\",\"mainEntityOfPage\":{\"@id\":\"https:\\\/\\\/daxel.mx\\\/blog\\\/2025\\\/09\\\/10\\\/que-tan-importante-es-la-camara-para-videoconferencia-en-una-empresa\\\/\"},\"wordCount\":938,\"publisher\":{\"@id\":\"https:\\\/\\\/daxel.mx\\\/blog\\\/#organization\"},\"image\":{\"@id\":\"https:\\\/\\\/daxel.mx\\\/blog\\\/2025\\\/09\\\/10\\\/que-tan-importante-es-la-camara-para-videoconferencia-en-una-empresa\\\/#primaryimage\"},\"thumbnailUrl\":\"https:\\\/\\\/daxel.mx\\\/blog\\\/wp-content\\\/uploads\\\/2025\\\/05\\\/master_photo_a-IV-CAM-P20-W_PTZ_-min.png\",\"articleSection\":[\"blog\"],\"inLanguage\":\"es\"},{\"@type\":\"WebPage\",\"@id\":\"https:\\\/\\\/daxel.mx\\\/blog\\\/2025\\\/09\\\/10\\\/que-tan-importante-es-la-camara-para-videoconferencia-en-una-empresa\\\/\",\"url\":\"https:\\\/\\\/daxel.mx\\\/blog\\\/2025\\\/09\\\/10\\\/que-tan-importante-es-la-camara-para-videoconferencia-en-una-empresa\\\/\",\"name\":\"\u00bfQu\u00e9 tan importante es la c\u00e1mara para videoconferencia en una empresa?\",\"isPartOf\":{\"@id\":\"https:\\\/\\\/daxel.mx\\\/blog\\\/#website\"},\"primaryImageOfPage\":{\"@id\":\"https:\\\/\\\/daxel.mx\\\/blog\\\/2025\\\/09\\\/10\\\/que-tan-importante-es-la-camara-para-videoconferencia-en-una-empresa\\\/#primaryimage\"},\"image\":{\"@id\":\"https:\\\/\\\/daxel.mx\\\/blog\\\/2025\\\/09\\\/10\\\/que-tan-importante-es-la-camara-para-videoconferencia-en-una-empresa\\\/#primaryimage\"},\"thumbnailUrl\":\"https:\\\/\\\/daxel.mx\\\/blog\\\/wp-content\\\/uploads\\\/2025\\\/05\\\/master_photo_a-IV-CAM-P20-W_PTZ_-min.png\",\"datePublished\":\"2025-09-10T17:36:59+00:00\",\"description\":\"Descubra algunos datos de suma relevancia relacionados con la importancia de la c\u00e1mara para videoconferencia en una empresa de la actualidad\",\"breadcrumb\":{\"@id\":\"https:\\\/\\\/daxel.mx\\\/blog\\\/2025\\\/09\\\/10\\\/que-tan-importante-es-la-camara-para-videoconferencia-en-una-empresa\\\/#breadcrumb\"},\"inLanguage\":\"es\",\"potentialAction\":[{\"@type\":\"ReadAction\",\"target\":[\"https:\\\/\\\/daxel.mx\\\/blog\\\/2025\\\/09\\\/10\\\/que-tan-importante-es-la-camara-para-videoconferencia-en-una-empresa\\\/\"]}]},{\"@type\":\"ImageObject\",\"inLanguage\":\"es\",\"@id\":\"https:\\\/\\\/daxel.mx\\\/blog\\\/2025\\\/09\\\/10\\\/que-tan-importante-es-la-camara-para-videoconferencia-en-una-empresa\\\/#primaryimage\",\"url\":\"https:\\\/\\\/daxel.mx\\\/blog\\\/wp-content\\\/uploads\\\/2025\\\/05\\\/master_photo_a-IV-CAM-P20-W_PTZ_-min.png\",\"contentUrl\":\"https:\\\/\\\/daxel.mx\\\/blog\\\/wp-content\\\/uploads\\\/2025\\\/05\\\/master_photo_a-IV-CAM-P20-W_PTZ_-min.png\",\"width\":1750,\"height\":1473,\"caption\":\"C\u00e1mara para videoconferencia\"},{\"@type\":\"BreadcrumbList\",\"@id\":\"https:\\\/\\\/daxel.mx\\\/blog\\\/2025\\\/09\\\/10\\\/que-tan-importante-es-la-camara-para-videoconferencia-en-una-empresa\\\/#breadcrumb\",\"itemListElement\":[{\"@type\":\"ListItem\",\"position\":1,\"name\":\"Inicio\",\"item\":\"https:\\\/\\\/daxel.mx\\\/blog\\\/\"},{\"@type\":\"ListItem\",\"position\":2,\"name\":\"\u00bfQu\u00e9 tan importante es la c\u00e1mara para videoconferencia en una empresa?\"}]},{\"@type\":\"WebSite\",\"@id\":\"https:\\\/\\\/daxel.mx\\\/blog\\\/#website\",\"url\":\"https:\\\/\\\/daxel.mx\\\/blog\\\/\",\"name\":\"D\u00e1xel Blog\",\"description\":\"Temas de Dom\u00f3tica Audiovisual\",\"publisher\":{\"@id\":\"https:\\\/\\\/daxel.mx\\\/blog\\\/#organization\"},\"potentialAction\":[{\"@type\":\"SearchAction\",\"target\":{\"@type\":\"EntryPoint\",\"urlTemplate\":\"https:\\\/\\\/daxel.mx\\\/blog\\\/?s={search_term_string}\"},\"query-input\":{\"@type\":\"PropertyValueSpecification\",\"valueRequired\":true,\"valueName\":\"search_term_string\"}}],\"inLanguage\":\"es\"},{\"@type\":\"Organization\",\"@id\":\"https:\\\/\\\/daxel.mx\\\/blog\\\/#organization\",\"name\":\"D\u00e1xel\",\"url\":\"https:\\\/\\\/daxel.mx\\\/blog\\\/\",\"logo\":{\"@type\":\"ImageObject\",\"inLanguage\":\"es\",\"@id\":\"https:\\\/\\\/daxel.mx\\\/blog\\\/#\\\/schema\\\/logo\\\/image\\\/\",\"url\":\"https:\\\/\\\/daxel.mx\\\/blog\\\/wp-content\\\/uploads\\\/2018\\\/01\\\/Horizontal-Gradiente.png\",\"contentUrl\":\"https:\\\/\\\/daxel.mx\\\/blog\\\/wp-content\\\/uploads\\\/2018\\\/01\\\/Horizontal-Gradiente.png\",\"width\":2748,\"height\":1152,\"caption\":\"D\u00e1xel\"},\"image\":{\"@id\":\"https:\\\/\\\/daxel.mx\\\/blog\\\/#\\\/schema\\\/logo\\\/image\\\/\"},\"sameAs\":[\"https:\\\/\\\/www.facebook.com\\\/DaxelDomoticaAudiovisual\\\/\",\"https:\\\/\\\/www.linkedin.com\\\/company\\\/d\u00e1xel\\\/\"]},{\"@type\":\"Person\",\"@id\":\"https:\\\/\\\/daxel.mx\\\/blog\\\/#\\\/schema\\\/person\\\/da4f122a1134e8607516450127da9dfa\",\"name\":\"programacion\",\"image\":{\"@type\":\"ImageObject\",\"inLanguage\":\"es\",\"@id\":\"https:\\\/\\\/secure.gravatar.com\\\/avatar\\\/9d3dfe9b12b7a0a3e2fb00f12839f14fd06d5319a3517c04f2fd4ba0024ec4f0?s=96&d=identicon&r=g\",\"url\":\"https:\\\/\\\/secure.gravatar.com\\\/avatar\\\/9d3dfe9b12b7a0a3e2fb00f12839f14fd06d5319a3517c04f2fd4ba0024ec4f0?s=96&d=identicon&r=g\",\"contentUrl\":\"https:\\\/\\\/secure.gravatar.com\\\/avatar\\\/9d3dfe9b12b7a0a3e2fb00f12839f14fd06d5319a3517c04f2fd4ba0024ec4f0?s=96&d=identicon&r=g\",\"caption\":\"programacion\"},\"url\":\"https:\\\/\\\/daxel.mx\\\/blog\\\/author\\\/programacion\\\/\"}]}<\/script>\n<!-- \/ Yoast SEO plugin. -->","yoast_head_json":{"title":"\u00bfQu\u00e9 tan importante es la c\u00e1mara para videoconferencia en una empresa?","description":"Descubra algunos datos de suma relevancia relacionados con la importancia de la c\u00e1mara para videoconferencia en una empresa de la actualidad","robots":{"index":"index","follow":"follow","max-snippet":"max-snippet:-1","max-image-preview":"max-image-preview:large","max-video-preview":"max-video-preview:-1"},"canonical":"https:\/\/daxel.mx\/blog\/2025\/09\/10\/que-tan-importante-es-la-camara-para-videoconferencia-en-una-empresa\/","og_locale":"es_MX","og_type":"article","og_title":"\u00bfQu\u00e9 tan importante es la c\u00e1mara para videoconferencia en una empresa?","og_description":"Descubra algunos datos de suma relevancia relacionados con la importancia de la c\u00e1mara para videoconferencia en una empresa de la actualidad","og_url":"https:\/\/daxel.mx\/blog\/2025\/09\/10\/que-tan-importante-es-la-camara-para-videoconferencia-en-una-empresa\/","og_site_name":"D\u00e1xel Blog","article_publisher":"https:\/\/www.facebook.com\/DaxelDomoticaAudiovisual\/","article_published_time":"2025-09-10T17:36:59+00:00","og_image":[{"width":1750,"height":1473,"url":"https:\/\/daxel.mx\/blog\/wp-content\/uploads\/2025\/05\/master_photo_a-IV-CAM-P20-W_PTZ_-min.png","type":"image\/png"}],"author":"programacion","twitter_card":"summary_large_image","twitter_misc":{"Escrito por":"programacion","Tiempo de lectura":"5 minutos"},"schema":{"@context":"https:\/\/schema.org","@graph":[{"@type":"Article","@id":"https:\/\/daxel.mx\/blog\/2025\/09\/10\/que-tan-importante-es-la-camara-para-videoconferencia-en-una-empresa\/#article","isPartOf":{"@id":"https:\/\/daxel.mx\/blog\/2025\/09\/10\/que-tan-importante-es-la-camara-para-videoconferencia-en-una-empresa\/"},"author":{"name":"programacion","@id":"https:\/\/daxel.mx\/blog\/#\/schema\/person\/da4f122a1134e8607516450127da9dfa"},"headline":"\u00bfQu\u00e9 tan importante es la c\u00e1mara para videoconferencia en una empresa?","datePublished":"2025-09-10T17:36:59+00:00","mainEntityOfPage":{"@id":"https:\/\/daxel.mx\/blog\/2025\/09\/10\/que-tan-importante-es-la-camara-para-videoconferencia-en-una-empresa\/"},"wordCount":938,"publisher":{"@id":"https:\/\/daxel.mx\/blog\/#organization"},"image":{"@id":"https:\/\/daxel.mx\/blog\/2025\/09\/10\/que-tan-importante-es-la-camara-para-videoconferencia-en-una-empresa\/#primaryimage"},"thumbnailUrl":"https:\/\/daxel.mx\/blog\/wp-content\/uploads\/2025\/05\/master_photo_a-IV-CAM-P20-W_PTZ_-min.png","articleSection":["blog"],"inLanguage":"es"},{"@type":"WebPage","@id":"https:\/\/daxel.mx\/blog\/2025\/09\/10\/que-tan-importante-es-la-camara-para-videoconferencia-en-una-empresa\/","url":"https:\/\/daxel.mx\/blog\/2025\/09\/10\/que-tan-importante-es-la-camara-para-videoconferencia-en-una-empresa\/","name":"\u00bfQu\u00e9 tan importante es la c\u00e1mara para videoconferencia en una empresa?","isPartOf":{"@id":"https:\/\/daxel.mx\/blog\/#website"},"primaryImageOfPage":{"@id":"https:\/\/daxel.mx\/blog\/2025\/09\/10\/que-tan-importante-es-la-camara-para-videoconferencia-en-una-empresa\/#primaryimage"},"image":{"@id":"https:\/\/daxel.mx\/blog\/2025\/09\/10\/que-tan-importante-es-la-camara-para-videoconferencia-en-una-empresa\/#primaryimage"},"thumbnailUrl":"https:\/\/daxel.mx\/blog\/wp-content\/uploads\/2025\/05\/master_photo_a-IV-CAM-P20-W_PTZ_-min.png","datePublished":"2025-09-10T17:36:59+00:00","description":"Descubra algunos datos de suma relevancia relacionados con la importancia de la c\u00e1mara para videoconferencia en una empresa de la actualidad","breadcrumb":{"@id":"https:\/\/daxel.mx\/blog\/2025\/09\/10\/que-tan-importante-es-la-camara-para-videoconferencia-en-una-empresa\/#breadcrumb"},"inLanguage":"es","potentialAction":[{"@type":"ReadAction","target":["https:\/\/daxel.mx\/blog\/2025\/09\/10\/que-tan-importante-es-la-camara-para-videoconferencia-en-una-empresa\/"]}]},{"@type":"ImageObject","inLanguage":"es","@id":"https:\/\/daxel.mx\/blog\/2025\/09\/10\/que-tan-importante-es-la-camara-para-videoconferencia-en-una-empresa\/#primaryimage","url":"https:\/\/daxel.mx\/blog\/wp-content\/uploads\/2025\/05\/master_photo_a-IV-CAM-P20-W_PTZ_-min.png","contentUrl":"https:\/\/daxel.mx\/blog\/wp-content\/uploads\/2025\/05\/master_photo_a-IV-CAM-P20-W_PTZ_-min.png","width":1750,"height":1473,"caption":"C\u00e1mara para videoconferencia"},{"@type":"BreadcrumbList","@id":"https:\/\/daxel.mx\/blog\/2025\/09\/10\/que-tan-importante-es-la-camara-para-videoconferencia-en-una-empresa\/#breadcrumb","itemListElement":[{"@type":"ListItem","position":1,"name":"Inicio","item":"https:\/\/daxel.mx\/blog\/"},{"@type":"ListItem","position":2,"name":"\u00bfQu\u00e9 tan importante es la c\u00e1mara para videoconferencia en una empresa?"}]},{"@type":"WebSite","@id":"https:\/\/daxel.mx\/blog\/#website","url":"https:\/\/daxel.mx\/blog\/","name":"D\u00e1xel Blog","description":"Temas de Dom\u00f3tica Audiovisual","publisher":{"@id":"https:\/\/daxel.mx\/blog\/#organization"},"potentialAction":[{"@type":"SearchAction","target":{"@type":"EntryPoint","urlTemplate":"https:\/\/daxel.mx\/blog\/?s={search_term_string}"},"query-input":{"@type":"PropertyValueSpecification","valueRequired":true,"valueName":"search_term_string"}}],"inLanguage":"es"},{"@type":"Organization","@id":"https:\/\/daxel.mx\/blog\/#organization","name":"D\u00e1xel","url":"https:\/\/daxel.mx\/blog\/","logo":{"@type":"ImageObject","inLanguage":"es","@id":"https:\/\/daxel.mx\/blog\/#\/schema\/logo\/image\/","url":"https:\/\/daxel.mx\/blog\/wp-content\/uploads\/2018\/01\/Horizontal-Gradiente.png","contentUrl":"https:\/\/daxel.mx\/blog\/wp-content\/uploads\/2018\/01\/Horizontal-Gradiente.png","width":2748,"height":1152,"caption":"D\u00e1xel"},"image":{"@id":"https:\/\/daxel.mx\/blog\/#\/schema\/logo\/image\/"},"sameAs":["https:\/\/www.facebook.com\/DaxelDomoticaAudiovisual\/","https:\/\/www.linkedin.com\/company\/d\u00e1xel\/"]},{"@type":"Person","@id":"https:\/\/daxel.mx\/blog\/#\/schema\/person\/da4f122a1134e8607516450127da9dfa","name":"programacion","image":{"@type":"ImageObject","inLanguage":"es","@id":"https:\/\/secure.gravatar.com\/avatar\/9d3dfe9b12b7a0a3e2fb00f12839f14fd06d5319a3517c04f2fd4ba0024ec4f0?s=96&d=identicon&r=g","url":"https:\/\/secure.gravatar.com\/avatar\/9d3dfe9b12b7a0a3e2fb00f12839f14fd06d5319a3517c04f2fd4ba0024ec4f0?s=96&d=identicon&r=g","contentUrl":"https:\/\/secure.gravatar.com\/avatar\/9d3dfe9b12b7a0a3e2fb00f12839f14fd06d5319a3517c04f2fd4ba0024ec4f0?s=96&d=identicon&r=g","caption":"programacion"},"url":"https:\/\/daxel.mx\/blog\/author\/programacion\/"}]}},"jetpack_publicize_connections":[],"_links":{"self":[{"href":"https:\/\/daxel.mx\/blog\/wp-json\/wp\/v2\/posts\/1093","targetHints":{"allow":["GET"]}}],"collection":[{"href":"https:\/\/daxel.mx\/blog\/wp-json\/wp\/v2\/posts"}],"about":[{"href":"https:\/\/daxel.mx\/blog\/wp-json\/wp\/v2\/types\/post"}],"author":[{"embeddable":true,"href":"https:\/\/daxel.mx\/blog\/wp-json\/wp\/v2\/users\/342"}],"replies":[{"embeddable":true,"href":"https:\/\/daxel.mx\/blog\/wp-json\/wp\/v2\/comments?post=1093"}],"version-history":[{"count":1,"href":"https:\/\/daxel.mx\/blog\/wp-json\/wp\/v2\/posts\/1093\/revisions"}],"predecessor-version":[{"id":1103,"href":"https:\/\/daxel.mx\/blog\/wp-json\/wp\/v2\/posts\/1093\/revisions\/1103"}],"wp:featuredmedia":[{"embeddable":true,"href":"https:\/\/daxel.mx\/blog\/wp-json\/wp\/v2\/media\/1017"}],"wp:attachment":[{"href":"https:\/\/daxel.mx\/blog\/wp-json\/wp\/v2\/media?parent=1093"}],"wp:term":[{"taxonomy":"category","embeddable":true,"href":"https:\/\/daxel.mx\/blog\/wp-json\/wp\/v2\/categories?post=1093"},{"taxonomy":"post_tag","embeddable":true,"href":"https:\/\/daxel.mx\/blog\/wp-json\/wp\/v2\/tags?post=1093"}],"curies":[{"name":"wp","href":"https:\/\/api.w.org\/{rel}","templated":true}]}}