{"id":1174,"date":"2026-03-02T10:11:28","date_gmt":"2026-03-02T16:11:28","guid":{"rendered":"https:\/\/daxel.mx\/blog\/?p=1174"},"modified":"2026-01-28T10:17:01","modified_gmt":"2026-01-28T16:17:01","slug":"como-la-inteligencia-artificial-transforma-su-entorno-de-audio-y-video-corporativo","status":"publish","type":"post","link":"https:\/\/daxel.mx\/blog\/2026\/03\/02\/como-la-inteligencia-artificial-transforma-su-entorno-de-audio-y-video-corporativo\/","title":{"rendered":"\u00bfC\u00f3mo la inteligencia artificial transforma su entorno de audio y video corporativo?"},"content":{"rendered":"<p>Seguramente habr\u00e1 notado que la <a href=\"https:\/\/daxel.mx\/reserva-de-salas.php\"><strong>reserva de salas<\/strong><\/a> ya no es una funci\u00f3n b\u00e1sica de los calendarios compartidos. En el ecosistema actual de trabajo h\u00edbrido, este proceso se ha convertido en la puerta de acceso a una infraestructura tecnol\u00f3gica que une a sus colaboradores con la informaci\u00f3n y sus dispositivos de manera fluida.<\/p>\n<p>Particularmente, si se especializa en el \u00e1rea de TI o en la gesti\u00f3n de instalaciones, se dar\u00e1 cuenta de que la tendencia se inclina hacia los sistemas inteligentes. Estos integran <a href=\"https:\/\/daxel.mx\/audio-y-video-sala-de-juntas.php\"><strong>audio y video a la sala de juntas<\/strong><\/a> a partir de sensores y anal\u00edtica que optimizan cada rinc\u00f3n del espacio. Este avance est\u00e1 redefiniendo la manera en que las organizaciones equipan y experimentan sus reuniones.<\/p>\n<h2>El desaf\u00edo de gestionar espacios eficientes<\/h2>\n<p>Es posible que se pregunte si necesita un sistema avanzado cuando ya cuenta con calendarios digitales. Sin embargo, el aporte de valor y el diferenciador de los primeros aparece cuando se logra resolver problemas comunes como la baja ocupaci\u00f3n o los conflictos de horario. Esto asegura que cada espacio cuente con las herramientas adecuadas.<\/p>\n<p>Esta tecnolog\u00eda se puede integrar a plataformas como <em>Teams <\/em>y <em>Google Workspace<\/em> para que la experiencia sea natural. Adem\u00e1s, contar con datos reales le permite justificar sus inversiones en tecnolog\u00eda ante la direcci\u00f3n. La clave est\u00e1 en unir el <em>software<\/em> de gesti\u00f3n con el <em>hardware<\/em> y la capacidad de an\u00e1lisis de datos.<\/p>\n<h2>Evoluci\u00f3n hacia un entorno predictivo<\/h2>\n<p>Quedaron atr\u00e1s los sistemas que solo indicaban si una puerta estaba abierta o cerrada. Hoy, la inteligencia artificial analiza sus h\u00e1bitos de reuni\u00f3n para recomendarle el lugar perfecto bas\u00e1ndose en el n\u00famero de invitados y los requerimientos t\u00e9cnicos. Seg\u00fan informes de organizaciones como Gartner y AVIXA, esta gesti\u00f3n basada en datos es el coraz\u00f3n de las oficinas inteligentes modernas.<\/p>\n<h2>La conexi\u00f3n esencial entre el audio y la gesti\u00f3n de espacios<\/h2>\n<p>Seguido, se comete el error de ver el mobiliario y la tecnolog\u00eda como entes separados. Una <a href=\"https:\/\/daxel.mx\/reserva-de-salas.php\"><strong>reserva de salas<\/strong><\/a> de nivel profesional debe garantizar que usted tenga el <a href=\"https:\/\/daxel.mx\/microfono-para-sala-de-juntas.php\"><strong>micr\u00f3fono para sala de juntas<\/strong><\/a> ideal, ya sea de techo o con tecnolog\u00eda <em>beamforming<\/em>, listo para operar. Tambi\u00e9n conviene tener en cuenta elementos como:<\/p>\n<ul>\n<li>C\u00e1maras inteligentes que encuadren en autom\u00e1tico a quien habla.<\/li>\n<li>Procesadores de <a href=\"https:\/\/daxel.mx\/blog\/2024\/06\/03\/la-importancia-del-sistema-de-audio-y-video-en-sala-de-juntas\">audio<\/a> configurados seg\u00fan las dimensiones del lugar.<\/li>\n<li>Sistemas de videoconferencia que funcionen de manera nativa.<\/li>\n<\/ul>\n<h2>Sensores y micr\u00f3fonos: la fuente de la inteligencia<\/h2>\n<p>Los <a href=\"https:\/\/daxel.mx\/blog\/2025\/02\/17\/microfono-para-salas-de-juntas-inalambrico-o-con-cable\">micr\u00f3fonos<\/a> de hoy hacen m\u00e1s que captar sonido. Al trabajar con sensores de presencia, estos dispositivos verifican si la <a href=\"https:\/\/daxel.mx\/reserva-de-salas.php\"><strong>reserva de salas<\/strong><\/a> se est\u00e1 utilizando realmente, ayudando a combatir el desperdicio de espacios que, seg\u00fan AVIXA, alcanza hasta un 30%. Cuando una sala queda vac\u00eda, la IA la libera autom\u00e1ticamente para que otros puedan aprovecharla.<\/p>\n<h3>Est\u00e1ndares y facilidad de uso<\/h3>\n<p>Para que su inversi\u00f3n sea duradera, es fundamental que elija sistemas que hablen el mismo idioma. Protocolos como Dante o AES67 permiten que sus equipos se comuniquen sin problemas, facilitando que su infraestructura crezca sin quedar atrapada en soluciones cerradas.<\/p>\n<p>Por otro lado, la tecnolog\u00eda solo es \u00fatil si sus colaboradores se sienten c\u00f3modos us\u00e1ndola. Paneles t\u00e1ctiles en la entrada y una se\u00f1alizaci\u00f3n clara mejoran mucho la percepci\u00f3n del entorno profesional.<\/p>\n<h3>El valor de un dise\u00f1o integral<\/h3>\n<p>No se conforme con gu\u00edas que solo hablan de programas inform\u00e1ticos. Lo que necesita es entender c\u00f3mo el <em>hardware<\/em> y la gesti\u00f3n se dise\u00f1an como una sola pieza, aportando valor mediante listas de verificaci\u00f3n y criterios t\u00e9cnicos claros.<\/p>\n<p>Si est\u00e1 pensando en transformar su <a href=\"https:\/\/daxel.mx\/reserva-de-salas.php\"><strong>reserva de salas<\/strong><\/a> con una integraci\u00f3n total, en <a href=\"https:\/\/daxel.mx\/\"><strong>D\u00e1xel<\/strong><\/a> estamos disponibles para dise\u00f1ar un proyecto a su medida. Para ponerse en contacto con nosotros, escr\u00edbanos al correo <a href=\"mailto:contacto@daxel.mx\">contacto@daxel.mx<\/a> o env\u00edenos un mensaje de WhatsApp al <a href=\"https:\/\/api.whatsapp.com\/send\/?phone=5215581361829&amp;text=Hola%21+Me+interesa+una+soluci%C3%B3n+para+&amp;type=phone_number&amp;app_absent=0\" target=\"_blank\" rel=\"noopener\">+52 (55) 8136 1829<\/a>; le daremos las claves para la adopci\u00f3n exitosa de sistemas de se\u00f1alizaci\u00f3n corporativa.<\/p>\n<h2>Preguntas frecuentes<\/h2>\n<h3>\u00bfEstos sistemas inteligentes vienen a sustituir mis calendarios actuales?<\/h3>\n<p>No, en realidad trabajan juntos. La soluci\u00f3n de <a href=\"https:\/\/daxel.mx\/reserva-de-salas.php\"><strong>reserva de salas<\/strong><\/a> se vincula con su calendario y le a\u00f1ade funciones de control y automatizaci\u00f3n para su equipo audiovisual.<\/p>\n<h3>\u00bfQu\u00e9 micr\u00f3fono para la sala de juntas me conviene m\u00e1s si busco una soluci\u00f3n inteligente?<\/h3>\n<p>Depender\u00e1 mucho de sus necesidades, aunque los modelos de techo con tecnolog\u00eda <em>beamforming <\/em>son excelentes porque ofrecen mucha flexibilidad y datos precisos sobre el uso de la sala.<\/p>\n<h3>\u00bfDe qu\u00e9 forma puedo medir el retorno de esta inversi\u00f3n?<\/h3>\n<p>Lo ver\u00e1 reflejado en la anal\u00edtica de ocupaci\u00f3n del <a href=\"https:\/\/daxel.mx\/blog\/2024\/11\/08\/sistemas-de-reservacion-para-aumentar-la-funcionalidad-de-las-salas\">sistema de reservaciones<\/a>, al reducir el n\u00famero de salas que se quedan vac\u00edas y mejorar notablemente la calidad de sus juntas remotas.<\/p>\n<p>&nbsp;<\/p>\n<p>&nbsp;<\/p>\n<h4>Revisado por:<\/h4>\n<p>Saul David Silva Bugarin<\/p>\n<p>Ingeniero mecatr\u00f3nico<\/p>\n<p>Con m\u00e1s de 10 a\u00f1os de experiencia en la integraci\u00f3n audiovisual. Su compromiso es ofrecer soluciones de excelencia que transformen la comunicaci\u00f3n en salas de videoconferencia y la experiencia en cines en casa. Ha desarrollado proyectos residenciales, corporativos, educativos y gubernamentales, poniendo especial atenci\u00f3n en el dise\u00f1o, la calidad y el servicio postventa. Su pasi\u00f3n es la automatizaci\u00f3n y el control inteligente de espacios.<\/p>\n<p>LinkedIn: <a href=\"https:\/\/www.linkedin.com\/in\/saul-silva-bugarin\/\" target=\"_blank\" rel=\"noopener\">Saul Silva<\/a><\/p>\n","protected":false},"excerpt":{"rendered":"<p>Seguramente habr\u00e1 notado que la reserva de salas ya no es una funci\u00f3n b\u00e1sica de los calendarios compartidos. En el ecosistema actual de trabajo h\u00edbrido, este proceso se ha convertido en la puerta de acceso a una infraestructura tecnol\u00f3gica que une a sus colaboradores con la informaci\u00f3n y sus dispositivos de manera fluida. Particularmente, si&hellip; <br \/> <a class=\"read-more\" href=\"https:\/\/daxel.mx\/blog\/2026\/03\/02\/como-la-inteligencia-artificial-transforma-su-entorno-de-audio-y-video-corporativo\/\">Leer m\u00e1s<\/a><\/p>\n","protected":false},"author":342,"featured_media":129,"comment_status":"closed","ping_status":"closed","sticky":false,"template":"","format":"standard","meta":{"footnotes":"","jetpack_publicize_message":"","jetpack_publicize_feature_enabled":true,"jetpack_social_post_already_shared":true,"jetpack_social_options":{"image_generator_settings":{"template":"highway","default_image_id":0,"font":"","enabled":false},"version":2}},"categories":[37],"tags":[],"class_list":["post-1174","post","type-post","status-publish","format-standard","has-post-thumbnail","hentry","category-blog"],"yoast_head":"<!-- This site is optimized with the Yoast SEO plugin v27.3 - https:\/\/yoast.com\/product\/yoast-seo-wordpress\/ -->\n<title>\u00bfC\u00f3mo la inteligencia artificial transforma su entorno de audio y video corporativo?<\/title>\n<meta name=\"description\" content=\"La reserva de salas inteligentes optimiza sus reuniones mediante el uso de IA. Descubra c\u00f3mo mejorar su experiencia corporativa con soluciones automatizadas\" \/>\n<meta name=\"robots\" content=\"index, follow, max-snippet:-1, max-image-preview:large, max-video-preview:-1\" \/>\n<link rel=\"canonical\" href=\"https:\/\/daxel.mx\/blog\/2026\/03\/02\/como-la-inteligencia-artificial-transforma-su-entorno-de-audio-y-video-corporativo\/\" \/>\n<meta property=\"og:locale\" content=\"es_MX\" \/>\n<meta property=\"og:type\" content=\"article\" \/>\n<meta property=\"og:title\" content=\"\u00bfC\u00f3mo la inteligencia artificial transforma su entorno de audio y video corporativo?\" \/>\n<meta property=\"og:description\" content=\"La reserva de salas inteligentes optimiza sus reuniones mediante el uso de IA. Descubra c\u00f3mo mejorar su experiencia corporativa con soluciones automatizadas\" \/>\n<meta property=\"og:url\" content=\"https:\/\/daxel.mx\/blog\/2026\/03\/02\/como-la-inteligencia-artificial-transforma-su-entorno-de-audio-y-video-corporativo\/\" \/>\n<meta property=\"og:site_name\" content=\"D\u00e1xel Blog\" \/>\n<meta property=\"article:publisher\" content=\"https:\/\/www.facebook.com\/DaxelDomoticaAudiovisual\/\" \/>\n<meta property=\"article:published_time\" content=\"2026-03-02T16:11:28+00:00\" \/>\n<meta property=\"og:image\" content=\"https:\/\/daxel.mx\/blog\/wp-content\/uploads\/2018\/06\/ugn-silao-cap-12.jpg\" \/>\n\t<meta property=\"og:image:width\" content=\"2048\" \/>\n\t<meta property=\"og:image:height\" content=\"1536\" \/>\n\t<meta property=\"og:image:type\" content=\"image\/jpeg\" \/>\n<meta name=\"author\" content=\"programacion\" \/>\n<meta name=\"twitter:card\" content=\"summary_large_image\" \/>\n<meta name=\"twitter:label1\" content=\"Escrito por\" \/>\n\t<meta name=\"twitter:data1\" content=\"programacion\" \/>\n\t<meta name=\"twitter:label2\" content=\"Tiempo de lectura\" \/>\n\t<meta name=\"twitter:data2\" content=\"4 minutos\" \/>\n<script type=\"application\/ld+json\" class=\"yoast-schema-graph\">{\"@context\":\"https:\\\/\\\/schema.org\",\"@graph\":[{\"@type\":\"Article\",\"@id\":\"https:\\\/\\\/daxel.mx\\\/blog\\\/2026\\\/03\\\/02\\\/como-la-inteligencia-artificial-transforma-su-entorno-de-audio-y-video-corporativo\\\/#article\",\"isPartOf\":{\"@id\":\"https:\\\/\\\/daxel.mx\\\/blog\\\/2026\\\/03\\\/02\\\/como-la-inteligencia-artificial-transforma-su-entorno-de-audio-y-video-corporativo\\\/\"},\"author\":{\"name\":\"programacion\",\"@id\":\"https:\\\/\\\/daxel.mx\\\/blog\\\/#\\\/schema\\\/person\\\/da4f122a1134e8607516450127da9dfa\"},\"headline\":\"\u00bfC\u00f3mo la inteligencia artificial transforma su entorno de audio y video corporativo?\",\"datePublished\":\"2026-03-02T16:11:28+00:00\",\"mainEntityOfPage\":{\"@id\":\"https:\\\/\\\/daxel.mx\\\/blog\\\/2026\\\/03\\\/02\\\/como-la-inteligencia-artificial-transforma-su-entorno-de-audio-y-video-corporativo\\\/\"},\"wordCount\":921,\"publisher\":{\"@id\":\"https:\\\/\\\/daxel.mx\\\/blog\\\/#organization\"},\"image\":{\"@id\":\"https:\\\/\\\/daxel.mx\\\/blog\\\/2026\\\/03\\\/02\\\/como-la-inteligencia-artificial-transforma-su-entorno-de-audio-y-video-corporativo\\\/#primaryimage\"},\"thumbnailUrl\":\"https:\\\/\\\/daxel.mx\\\/blog\\\/wp-content\\\/uploads\\\/2018\\\/06\\\/ugn-silao-cap-12.jpg\",\"articleSection\":[\"blog\"],\"inLanguage\":\"es\"},{\"@type\":\"WebPage\",\"@id\":\"https:\\\/\\\/daxel.mx\\\/blog\\\/2026\\\/03\\\/02\\\/como-la-inteligencia-artificial-transforma-su-entorno-de-audio-y-video-corporativo\\\/\",\"url\":\"https:\\\/\\\/daxel.mx\\\/blog\\\/2026\\\/03\\\/02\\\/como-la-inteligencia-artificial-transforma-su-entorno-de-audio-y-video-corporativo\\\/\",\"name\":\"\u00bfC\u00f3mo la inteligencia artificial transforma su entorno de audio y video corporativo?\",\"isPartOf\":{\"@id\":\"https:\\\/\\\/daxel.mx\\\/blog\\\/#website\"},\"primaryImageOfPage\":{\"@id\":\"https:\\\/\\\/daxel.mx\\\/blog\\\/2026\\\/03\\\/02\\\/como-la-inteligencia-artificial-transforma-su-entorno-de-audio-y-video-corporativo\\\/#primaryimage\"},\"image\":{\"@id\":\"https:\\\/\\\/daxel.mx\\\/blog\\\/2026\\\/03\\\/02\\\/como-la-inteligencia-artificial-transforma-su-entorno-de-audio-y-video-corporativo\\\/#primaryimage\"},\"thumbnailUrl\":\"https:\\\/\\\/daxel.mx\\\/blog\\\/wp-content\\\/uploads\\\/2018\\\/06\\\/ugn-silao-cap-12.jpg\",\"datePublished\":\"2026-03-02T16:11:28+00:00\",\"description\":\"La reserva de salas inteligentes optimiza sus reuniones mediante el uso de IA. Descubra c\u00f3mo mejorar su experiencia corporativa con soluciones automatizadas\",\"breadcrumb\":{\"@id\":\"https:\\\/\\\/daxel.mx\\\/blog\\\/2026\\\/03\\\/02\\\/como-la-inteligencia-artificial-transforma-su-entorno-de-audio-y-video-corporativo\\\/#breadcrumb\"},\"inLanguage\":\"es\",\"potentialAction\":[{\"@type\":\"ReadAction\",\"target\":[\"https:\\\/\\\/daxel.mx\\\/blog\\\/2026\\\/03\\\/02\\\/como-la-inteligencia-artificial-transforma-su-entorno-de-audio-y-video-corporativo\\\/\"]}]},{\"@type\":\"ImageObject\",\"inLanguage\":\"es\",\"@id\":\"https:\\\/\\\/daxel.mx\\\/blog\\\/2026\\\/03\\\/02\\\/como-la-inteligencia-artificial-transforma-su-entorno-de-audio-y-video-corporativo\\\/#primaryimage\",\"url\":\"https:\\\/\\\/daxel.mx\\\/blog\\\/wp-content\\\/uploads\\\/2018\\\/06\\\/ugn-silao-cap-12.jpg\",\"contentUrl\":\"https:\\\/\\\/daxel.mx\\\/blog\\\/wp-content\\\/uploads\\\/2018\\\/06\\\/ugn-silao-cap-12.jpg\",\"width\":2048,\"height\":1536,\"caption\":\"Sala de capacitaci\u00f3n en la planta de UGN en Silao, Gto.\"},{\"@type\":\"BreadcrumbList\",\"@id\":\"https:\\\/\\\/daxel.mx\\\/blog\\\/2026\\\/03\\\/02\\\/como-la-inteligencia-artificial-transforma-su-entorno-de-audio-y-video-corporativo\\\/#breadcrumb\",\"itemListElement\":[{\"@type\":\"ListItem\",\"position\":1,\"name\":\"Inicio\",\"item\":\"https:\\\/\\\/daxel.mx\\\/blog\\\/\"},{\"@type\":\"ListItem\",\"position\":2,\"name\":\"\u00bfC\u00f3mo la inteligencia artificial transforma su entorno de audio y video corporativo?\"}]},{\"@type\":\"WebSite\",\"@id\":\"https:\\\/\\\/daxel.mx\\\/blog\\\/#website\",\"url\":\"https:\\\/\\\/daxel.mx\\\/blog\\\/\",\"name\":\"D\u00e1xel Blog\",\"description\":\"Temas de Dom\u00f3tica Audiovisual\",\"publisher\":{\"@id\":\"https:\\\/\\\/daxel.mx\\\/blog\\\/#organization\"},\"potentialAction\":[{\"@type\":\"SearchAction\",\"target\":{\"@type\":\"EntryPoint\",\"urlTemplate\":\"https:\\\/\\\/daxel.mx\\\/blog\\\/?s={search_term_string}\"},\"query-input\":{\"@type\":\"PropertyValueSpecification\",\"valueRequired\":true,\"valueName\":\"search_term_string\"}}],\"inLanguage\":\"es\"},{\"@type\":\"Organization\",\"@id\":\"https:\\\/\\\/daxel.mx\\\/blog\\\/#organization\",\"name\":\"D\u00e1xel\",\"url\":\"https:\\\/\\\/daxel.mx\\\/blog\\\/\",\"logo\":{\"@type\":\"ImageObject\",\"inLanguage\":\"es\",\"@id\":\"https:\\\/\\\/daxel.mx\\\/blog\\\/#\\\/schema\\\/logo\\\/image\\\/\",\"url\":\"https:\\\/\\\/daxel.mx\\\/blog\\\/wp-content\\\/uploads\\\/2018\\\/01\\\/Horizontal-Gradiente.png\",\"contentUrl\":\"https:\\\/\\\/daxel.mx\\\/blog\\\/wp-content\\\/uploads\\\/2018\\\/01\\\/Horizontal-Gradiente.png\",\"width\":2748,\"height\":1152,\"caption\":\"D\u00e1xel\"},\"image\":{\"@id\":\"https:\\\/\\\/daxel.mx\\\/blog\\\/#\\\/schema\\\/logo\\\/image\\\/\"},\"sameAs\":[\"https:\\\/\\\/www.facebook.com\\\/DaxelDomoticaAudiovisual\\\/\",\"https:\\\/\\\/www.linkedin.com\\\/company\\\/d\u00e1xel\\\/\"]},{\"@type\":\"Person\",\"@id\":\"https:\\\/\\\/daxel.mx\\\/blog\\\/#\\\/schema\\\/person\\\/da4f122a1134e8607516450127da9dfa\",\"name\":\"programacion\",\"image\":{\"@type\":\"ImageObject\",\"inLanguage\":\"es\",\"@id\":\"https:\\\/\\\/secure.gravatar.com\\\/avatar\\\/9d3dfe9b12b7a0a3e2fb00f12839f14fd06d5319a3517c04f2fd4ba0024ec4f0?s=96&d=identicon&r=g\",\"url\":\"https:\\\/\\\/secure.gravatar.com\\\/avatar\\\/9d3dfe9b12b7a0a3e2fb00f12839f14fd06d5319a3517c04f2fd4ba0024ec4f0?s=96&d=identicon&r=g\",\"contentUrl\":\"https:\\\/\\\/secure.gravatar.com\\\/avatar\\\/9d3dfe9b12b7a0a3e2fb00f12839f14fd06d5319a3517c04f2fd4ba0024ec4f0?s=96&d=identicon&r=g\",\"caption\":\"programacion\"},\"url\":\"https:\\\/\\\/daxel.mx\\\/blog\\\/author\\\/programacion\\\/\"}]}<\/script>\n<!-- \/ Yoast SEO plugin. -->","yoast_head_json":{"title":"\u00bfC\u00f3mo la inteligencia artificial transforma su entorno de audio y video corporativo?","description":"La reserva de salas inteligentes optimiza sus reuniones mediante el uso de IA. Descubra c\u00f3mo mejorar su experiencia corporativa con soluciones automatizadas","robots":{"index":"index","follow":"follow","max-snippet":"max-snippet:-1","max-image-preview":"max-image-preview:large","max-video-preview":"max-video-preview:-1"},"canonical":"https:\/\/daxel.mx\/blog\/2026\/03\/02\/como-la-inteligencia-artificial-transforma-su-entorno-de-audio-y-video-corporativo\/","og_locale":"es_MX","og_type":"article","og_title":"\u00bfC\u00f3mo la inteligencia artificial transforma su entorno de audio y video corporativo?","og_description":"La reserva de salas inteligentes optimiza sus reuniones mediante el uso de IA. Descubra c\u00f3mo mejorar su experiencia corporativa con soluciones automatizadas","og_url":"https:\/\/daxel.mx\/blog\/2026\/03\/02\/como-la-inteligencia-artificial-transforma-su-entorno-de-audio-y-video-corporativo\/","og_site_name":"D\u00e1xel Blog","article_publisher":"https:\/\/www.facebook.com\/DaxelDomoticaAudiovisual\/","article_published_time":"2026-03-02T16:11:28+00:00","og_image":[{"width":2048,"height":1536,"url":"https:\/\/daxel.mx\/blog\/wp-content\/uploads\/2018\/06\/ugn-silao-cap-12.jpg","type":"image\/jpeg"}],"author":"programacion","twitter_card":"summary_large_image","twitter_misc":{"Escrito por":"programacion","Tiempo de lectura":"4 minutos"},"schema":{"@context":"https:\/\/schema.org","@graph":[{"@type":"Article","@id":"https:\/\/daxel.mx\/blog\/2026\/03\/02\/como-la-inteligencia-artificial-transforma-su-entorno-de-audio-y-video-corporativo\/#article","isPartOf":{"@id":"https:\/\/daxel.mx\/blog\/2026\/03\/02\/como-la-inteligencia-artificial-transforma-su-entorno-de-audio-y-video-corporativo\/"},"author":{"name":"programacion","@id":"https:\/\/daxel.mx\/blog\/#\/schema\/person\/da4f122a1134e8607516450127da9dfa"},"headline":"\u00bfC\u00f3mo la inteligencia artificial transforma su entorno de audio y video corporativo?","datePublished":"2026-03-02T16:11:28+00:00","mainEntityOfPage":{"@id":"https:\/\/daxel.mx\/blog\/2026\/03\/02\/como-la-inteligencia-artificial-transforma-su-entorno-de-audio-y-video-corporativo\/"},"wordCount":921,"publisher":{"@id":"https:\/\/daxel.mx\/blog\/#organization"},"image":{"@id":"https:\/\/daxel.mx\/blog\/2026\/03\/02\/como-la-inteligencia-artificial-transforma-su-entorno-de-audio-y-video-corporativo\/#primaryimage"},"thumbnailUrl":"https:\/\/daxel.mx\/blog\/wp-content\/uploads\/2018\/06\/ugn-silao-cap-12.jpg","articleSection":["blog"],"inLanguage":"es"},{"@type":"WebPage","@id":"https:\/\/daxel.mx\/blog\/2026\/03\/02\/como-la-inteligencia-artificial-transforma-su-entorno-de-audio-y-video-corporativo\/","url":"https:\/\/daxel.mx\/blog\/2026\/03\/02\/como-la-inteligencia-artificial-transforma-su-entorno-de-audio-y-video-corporativo\/","name":"\u00bfC\u00f3mo la inteligencia artificial transforma su entorno de audio y video corporativo?","isPartOf":{"@id":"https:\/\/daxel.mx\/blog\/#website"},"primaryImageOfPage":{"@id":"https:\/\/daxel.mx\/blog\/2026\/03\/02\/como-la-inteligencia-artificial-transforma-su-entorno-de-audio-y-video-corporativo\/#primaryimage"},"image":{"@id":"https:\/\/daxel.mx\/blog\/2026\/03\/02\/como-la-inteligencia-artificial-transforma-su-entorno-de-audio-y-video-corporativo\/#primaryimage"},"thumbnailUrl":"https:\/\/daxel.mx\/blog\/wp-content\/uploads\/2018\/06\/ugn-silao-cap-12.jpg","datePublished":"2026-03-02T16:11:28+00:00","description":"La reserva de salas inteligentes optimiza sus reuniones mediante el uso de IA. Descubra c\u00f3mo mejorar su experiencia corporativa con soluciones automatizadas","breadcrumb":{"@id":"https:\/\/daxel.mx\/blog\/2026\/03\/02\/como-la-inteligencia-artificial-transforma-su-entorno-de-audio-y-video-corporativo\/#breadcrumb"},"inLanguage":"es","potentialAction":[{"@type":"ReadAction","target":["https:\/\/daxel.mx\/blog\/2026\/03\/02\/como-la-inteligencia-artificial-transforma-su-entorno-de-audio-y-video-corporativo\/"]}]},{"@type":"ImageObject","inLanguage":"es","@id":"https:\/\/daxel.mx\/blog\/2026\/03\/02\/como-la-inteligencia-artificial-transforma-su-entorno-de-audio-y-video-corporativo\/#primaryimage","url":"https:\/\/daxel.mx\/blog\/wp-content\/uploads\/2018\/06\/ugn-silao-cap-12.jpg","contentUrl":"https:\/\/daxel.mx\/blog\/wp-content\/uploads\/2018\/06\/ugn-silao-cap-12.jpg","width":2048,"height":1536,"caption":"Sala de capacitaci\u00f3n en la planta de UGN en Silao, Gto."},{"@type":"BreadcrumbList","@id":"https:\/\/daxel.mx\/blog\/2026\/03\/02\/como-la-inteligencia-artificial-transforma-su-entorno-de-audio-y-video-corporativo\/#breadcrumb","itemListElement":[{"@type":"ListItem","position":1,"name":"Inicio","item":"https:\/\/daxel.mx\/blog\/"},{"@type":"ListItem","position":2,"name":"\u00bfC\u00f3mo la inteligencia artificial transforma su entorno de audio y video corporativo?"}]},{"@type":"WebSite","@id":"https:\/\/daxel.mx\/blog\/#website","url":"https:\/\/daxel.mx\/blog\/","name":"D\u00e1xel Blog","description":"Temas de Dom\u00f3tica Audiovisual","publisher":{"@id":"https:\/\/daxel.mx\/blog\/#organization"},"potentialAction":[{"@type":"SearchAction","target":{"@type":"EntryPoint","urlTemplate":"https:\/\/daxel.mx\/blog\/?s={search_term_string}"},"query-input":{"@type":"PropertyValueSpecification","valueRequired":true,"valueName":"search_term_string"}}],"inLanguage":"es"},{"@type":"Organization","@id":"https:\/\/daxel.mx\/blog\/#organization","name":"D\u00e1xel","url":"https:\/\/daxel.mx\/blog\/","logo":{"@type":"ImageObject","inLanguage":"es","@id":"https:\/\/daxel.mx\/blog\/#\/schema\/logo\/image\/","url":"https:\/\/daxel.mx\/blog\/wp-content\/uploads\/2018\/01\/Horizontal-Gradiente.png","contentUrl":"https:\/\/daxel.mx\/blog\/wp-content\/uploads\/2018\/01\/Horizontal-Gradiente.png","width":2748,"height":1152,"caption":"D\u00e1xel"},"image":{"@id":"https:\/\/daxel.mx\/blog\/#\/schema\/logo\/image\/"},"sameAs":["https:\/\/www.facebook.com\/DaxelDomoticaAudiovisual\/","https:\/\/www.linkedin.com\/company\/d\u00e1xel\/"]},{"@type":"Person","@id":"https:\/\/daxel.mx\/blog\/#\/schema\/person\/da4f122a1134e8607516450127da9dfa","name":"programacion","image":{"@type":"ImageObject","inLanguage":"es","@id":"https:\/\/secure.gravatar.com\/avatar\/9d3dfe9b12b7a0a3e2fb00f12839f14fd06d5319a3517c04f2fd4ba0024ec4f0?s=96&d=identicon&r=g","url":"https:\/\/secure.gravatar.com\/avatar\/9d3dfe9b12b7a0a3e2fb00f12839f14fd06d5319a3517c04f2fd4ba0024ec4f0?s=96&d=identicon&r=g","contentUrl":"https:\/\/secure.gravatar.com\/avatar\/9d3dfe9b12b7a0a3e2fb00f12839f14fd06d5319a3517c04f2fd4ba0024ec4f0?s=96&d=identicon&r=g","caption":"programacion"},"url":"https:\/\/daxel.mx\/blog\/author\/programacion\/"}]}},"jetpack_publicize_connections":[],"_links":{"self":[{"href":"https:\/\/daxel.mx\/blog\/wp-json\/wp\/v2\/posts\/1174","targetHints":{"allow":["GET"]}}],"collection":[{"href":"https:\/\/daxel.mx\/blog\/wp-json\/wp\/v2\/posts"}],"about":[{"href":"https:\/\/daxel.mx\/blog\/wp-json\/wp\/v2\/types\/post"}],"author":[{"embeddable":true,"href":"https:\/\/daxel.mx\/blog\/wp-json\/wp\/v2\/users\/342"}],"replies":[{"embeddable":true,"href":"https:\/\/daxel.mx\/blog\/wp-json\/wp\/v2\/comments?post=1174"}],"version-history":[{"count":1,"href":"https:\/\/daxel.mx\/blog\/wp-json\/wp\/v2\/posts\/1174\/revisions"}],"predecessor-version":[{"id":1177,"href":"https:\/\/daxel.mx\/blog\/wp-json\/wp\/v2\/posts\/1174\/revisions\/1177"}],"wp:featuredmedia":[{"embeddable":true,"href":"https:\/\/daxel.mx\/blog\/wp-json\/wp\/v2\/media\/129"}],"wp:attachment":[{"href":"https:\/\/daxel.mx\/blog\/wp-json\/wp\/v2\/media?parent=1174"}],"wp:term":[{"taxonomy":"category","embeddable":true,"href":"https:\/\/daxel.mx\/blog\/wp-json\/wp\/v2\/categories?post=1174"},{"taxonomy":"post_tag","embeddable":true,"href":"https:\/\/daxel.mx\/blog\/wp-json\/wp\/v2\/tags?post=1174"}],"curies":[{"name":"wp","href":"https:\/\/api.w.org\/{rel}","templated":true}]}}