{"id":412,"date":"2022-06-27T08:00:46","date_gmt":"2022-06-27T14:00:46","guid":{"rendered":"https:\/\/daxel.mx\/blog\/?p=412"},"modified":"2023-01-27T13:17:54","modified_gmt":"2023-01-27T19:17:54","slug":"importancia-del-audio-en-las-videoconferencias","status":"publish","type":"post","link":"https:\/\/daxel.mx\/blog\/2022\/06\/27\/importancia-del-audio-en-las-videoconferencias\/","title":{"rendered":"Importancia del audio en las videoconferencias"},"content":{"rendered":"<p>&nbsp;<\/p>\n<p>&nbsp;<\/p>\n<p style=\"text-align: justify;\">Las videoconferencias son el canal de comunicaci\u00f3n empresarial preferido por varios corporativos en todo el mundo, se trata de una manera altamente eficaz con la que es posible contactar r\u00e1pida y seguramente con las sucursales de la compa\u00f1\u00eda que se encuentran lejos, trabajadores en otras ciudades o pa\u00edses, empleados remotos o clientes. Para garantizar su calidad, es necesario contar con herramientas \u00f3ptimas, como la c\u00e1mara y el <a href=\"https:\/\/daxel.mx\/microfono-para-sala-de-juntas.php\"><strong>micr\u00f3fono <\/strong><\/a><a href=\"https:\/\/daxel.mx\/microfono-para-sala-de-juntas.php\"><strong>para sala<\/strong><\/a><a href=\"https:\/\/daxel.mx\/microfono-para-sala-de-juntas.php\"><strong> de juntas<\/strong><\/a>.<\/p>\n<p>&nbsp;<\/p>\n<p style=\"text-align: justify;\">El primer elemento es sumamente indispensable ya que le permite generar un v\u00ednculo cercano a pesar de que se encuentre a varios kil\u00f3metros de distancia, de esta forma, se impacta en el p\u00fablico al otro lado de la pantalla, evocando profesionalismo, seriedad y confianza. Pero, la imagen no tendr\u00eda sentido ni cumplir\u00eda su objetivo si no cuenta con el apoyo de un sistema de captaci\u00f3n del sonido, de manera que se forme una integraci\u00f3n de los equipos de <a href=\"https:\/\/daxel.mx\/audio-y-video-sala-de-juntas.php\"><strong>audio y video sala de juntas<\/strong><\/a>.<\/p>\n<p>&nbsp;<\/p>\n<p style=\"text-align: justify;\">Y es que no hay nada que distraiga m\u00e1s o interrumpa los mensajes que un audio que se activa y desactiva continuamente, se escucha rob\u00f3tico, se reverbera, est\u00e1 lleno de ecos o simplemente no se oye. Tendr\u00e1 que entrar y salir de la videollamada varias veces, corregir errores t\u00e9cnicos en medio de un discurso o repetir m\u00e1s de una vez la informaci\u00f3n hasta que sea audible por los asistentes a la junta.<\/p>\n<p>&nbsp;<\/p>\n<p style=\"text-align: justify;\">Por eso, es necesario que implemente un sistema de audio como parte de la <a href=\"https:\/\/daxel.mx\/automatizacion-salas-de-juntas.php\"><strong>automatizaci\u00f3n salas de juntas<\/strong><\/a> con el cual captar de manera limpia cada una de las voces de los interlocutores, de forma que los asistentes no tengan ninguna dificultad en entender los mensajes que se esperan transmitir y se evoque una imagen de profesionalismo. Sin embargo, no basta con tener el equipo m\u00e1s especializado, tambi\u00e9n es fundamental que se sigan las siguientes recomendaciones:<\/p>\n<p>&nbsp;<\/p>\n<h2 style=\"text-align: justify;\">Evite el eco de las habitaciones grandes<\/h2>\n<p>&nbsp;<\/p>\n<p style=\"text-align: justify;\">El eco es un fen\u00f3meno en el que las ondas de sonido emitidas rebotan en las paredes de la habitaci\u00f3n y regresan al micr\u00f3fono, haciendo que se escuche una \u00absegunda voz\u00bb que llega a distraer a los interlocutores. Este efecto se presenta principalmente en las salas de juntas grandes y que est\u00e1n poco amobladas ya que no hay elementos que impidan el rebote de la voz.<\/p>\n<p>&nbsp;<\/p>\n<p style=\"text-align: justify;\">Para prevenir esto, le recomendamos que implemente varios elementos en la habitaci\u00f3n como muebles de madera, sillas, alfombras o espumas en las paredes que evitan el rebote. Por otro lado, si tiene la posibilidad de cambiar el lugar en la que se encuentra por una m\u00e1s peque\u00f1a es mejor, aunque tenga en cuenta que sea suficiente para albergar los equipos de la sala de juntas automatizada.<\/p>\n<p>&nbsp;<\/p>\n<h2 style=\"text-align: justify;\">Cables da\u00f1ados que provocan est\u00e1tica<\/h2>\n<p>&nbsp;<\/p>\n<p style=\"text-align: justify;\">La est\u00e1tica en el <a href=\"https:\/\/daxel.mx\/microfono-para-sala-de-juntas.php\"><strong>micr\u00f3fono <\/strong><\/a><a href=\"https:\/\/daxel.mx\/microfono-para-sala-de-juntas.php\"><strong>para sala<\/strong><\/a><a href=\"https:\/\/daxel.mx\/microfono-para-sala-de-juntas.php\"><strong> de juntas<\/strong><\/a> se percibe por un zumbido o sonido similar a cuando se encuentra en una llamada. Este tono posee una alta frecuencia, por lo que hace que la voz de la persona suene muy lejos o directamente no se escuche. Tambi\u00e9n se identifica como una alteraci\u00f3n de la voz del interlocutor, haci\u00e9ndola m\u00e1s rob\u00f3tica y menos entendible. Este fallo se produce debido a un cable da\u00f1ado que genera un corte en el sistema y provoca la interferencia.<\/p>\n<p>&nbsp;<\/p>\n<h2 style=\"text-align: justify;\">Falta de cultura ante la reverberaci\u00f3n del sonido<\/h2>\n<p>&nbsp;<\/p>\n<p style=\"text-align: justify;\">La reverberaci\u00f3n del sonido es un fen\u00f3meno que ocurre cuando un dispositivo emisor del audio est\u00e1 cerca del <a href=\"https:\/\/daxel.mx\/microfono-para-sala-de-juntas.php\"><strong>micr\u00f3fono <\/strong><\/a><a href=\"https:\/\/daxel.mx\/microfono-para-sala-de-juntas.php\"><strong>para sala<\/strong><\/a><a href=\"https:\/\/daxel.mx\/microfono-para-sala-de-juntas.php\"><strong> de juntas<\/strong><\/a>, esta se identifica como una especie de eco que se repite en un bucle sin fin que cada vez va ganando amplitud. Esto a menudo sucede porque alg\u00fan asistente a la reuni\u00f3n, tanto en la oficina como en remoto, mantiene su altavoz activado. Por eso es imprescindible que se genere una cultura en torno a este tema al invitar a todos a mantener sus auriculares conectados.<\/p>\n<p>&nbsp;<\/p>\n<h2 style=\"text-align: justify;\">Distancia de una persona al micr\u00f3fono<\/h2>\n<p>&nbsp;<\/p>\n<p style=\"text-align: justify;\">Los dispositivos de captaci\u00f3n de audio tienen a menudo un \u00e1rea direccional determinado, por lo que, si no se est\u00e1 hablando desde ese \u00e1ngulo en concreto o a una distancia sugerida, se escuchar\u00e1 la voz lejana y con muy bajo volumen, lo que dificulta el entendimiento de los mensajes y reduce el profesionalismo.<\/p>\n<p>&nbsp;<\/p>\n<h2 style=\"text-align: justify;\">Importancia de los equipos de alta calidad<\/h2>\n<p>&nbsp;<\/p>\n<p style=\"text-align: justify;\">Es importante que la tecnolog\u00eda sea adecuada para el prop\u00f3sito que se trata de perseguir, en ese sentido, implemente las herramientas necesarias con los altavoces y micr\u00f3fonos apropiados, que captan con claridad los mensajes de los interlocutores y generen profesionalismo. Para eso, le recomendamos que se contacte con los profesionales de D\u00e1xel quienes examinan la estructura de las habitaciones y le proporcionen los implementos que mejor se adapten.<\/p>\n<p>&nbsp;<\/p>\n<p style=\"text-align: justify;\">Cont\u00e1ctese con nuestros asesores para solicitar m\u00e1s informaci\u00f3n del <a href=\"https:\/\/daxel.mx\/microfono-para-sala-de-juntas.php\"><strong>micr\u00f3fono para sala de juntas<\/strong><\/a> escribiendo al WhatsApp +52 (477) 555 7200, al chat en l\u00ednea del sitio web o a trav\u00e9s de los n\u00fameros y correos electr\u00f3nicos de nuestras sedes en el Valle de M\u00e9xico y el Baj\u00edo.<\/p>\n<p>&nbsp;<\/p>\n<p>&nbsp;<\/p>\n","protected":false},"excerpt":{"rendered":"<p>&nbsp; &nbsp; Las videoconferencias son el canal de comunicaci\u00f3n empresarial preferido por varios corporativos en todo el mundo, se trata de una manera altamente eficaz con la que es posible contactar r\u00e1pida y seguramente con las sucursales de la compa\u00f1\u00eda que se encuentran lejos, trabajadores en otras ciudades o pa\u00edses, empleados remotos o clientes. Para&hellip; <br \/> <a class=\"read-more\" href=\"https:\/\/daxel.mx\/blog\/2022\/06\/27\/importancia-del-audio-en-las-videoconferencias\/\">Leer m\u00e1s<\/a><\/p>\n","protected":false},"author":342,"featured_media":337,"comment_status":"closed","ping_status":"closed","sticky":false,"template":"","format":"standard","meta":{"footnotes":"","jetpack_publicize_message":"","jetpack_publicize_feature_enabled":true,"jetpack_social_post_already_shared":true,"jetpack_social_options":{"image_generator_settings":{"template":"highway","default_image_id":0,"font":"","enabled":false},"version":2}},"categories":[40,39,37,38],"tags":[],"class_list":["post-412","post","type-post","status-publish","format-standard","has-post-thumbnail","hentry","category-audio-y-video-sala-de-juntas","category-automatizacion-salas-de-juntas","category-blog","category-microfono-para-sala-de-juntas"],"yoast_head":"<!-- This site is optimized with the Yoast SEO plugin v27.3 - https:\/\/yoast.com\/product\/yoast-seo-wordpress\/ -->\n<title>Importancia del audio en las videoconferencias<\/title>\n<meta name=\"description\" content=\"El micr\u00f3fono para sala de juntas es indispensable para garantizar la alta calidad del audio en las videoconferencias.\" \/>\n<meta name=\"robots\" content=\"index, follow, max-snippet:-1, max-image-preview:large, max-video-preview:-1\" \/>\n<link rel=\"canonical\" href=\"https:\/\/daxel.mx\/blog\/2022\/06\/27\/importancia-del-audio-en-las-videoconferencias\/\" \/>\n<meta property=\"og:locale\" content=\"es_MX\" \/>\n<meta property=\"og:type\" content=\"article\" \/>\n<meta property=\"og:title\" content=\"Importancia del audio en las videoconferencias\" \/>\n<meta property=\"og:description\" content=\"El micr\u00f3fono para sala de juntas es indispensable para garantizar la alta calidad del audio en las videoconferencias.\" \/>\n<meta property=\"og:url\" content=\"https:\/\/daxel.mx\/blog\/2022\/06\/27\/importancia-del-audio-en-las-videoconferencias\/\" \/>\n<meta property=\"og:site_name\" content=\"D\u00e1xel Blog\" \/>\n<meta property=\"article:publisher\" content=\"https:\/\/www.facebook.com\/DaxelDomoticaAudiovisual\/\" \/>\n<meta property=\"article:published_time\" content=\"2022-06-27T14:00:46+00:00\" \/>\n<meta property=\"article:modified_time\" content=\"2023-01-27T19:17:54+00:00\" \/>\n<meta property=\"og:image\" content=\"https:\/\/daxel.mx\/blog\/wp-content\/uploads\/2022\/01\/microfono-1-min.jpg\" \/>\n\t<meta property=\"og:image:width\" content=\"600\" \/>\n\t<meta property=\"og:image:height\" content=\"400\" \/>\n\t<meta property=\"og:image:type\" content=\"image\/jpeg\" \/>\n<meta name=\"author\" content=\"programacion\" \/>\n<meta name=\"twitter:card\" content=\"summary_large_image\" \/>\n<meta name=\"twitter:label1\" content=\"Escrito por\" \/>\n\t<meta name=\"twitter:data1\" content=\"programacion\" \/>\n\t<meta name=\"twitter:label2\" content=\"Tiempo de lectura\" \/>\n\t<meta name=\"twitter:data2\" content=\"4 minutos\" \/>\n<script type=\"application\/ld+json\" class=\"yoast-schema-graph\">{\"@context\":\"https:\\\/\\\/schema.org\",\"@graph\":[{\"@type\":\"Article\",\"@id\":\"https:\\\/\\\/daxel.mx\\\/blog\\\/2022\\\/06\\\/27\\\/importancia-del-audio-en-las-videoconferencias\\\/#article\",\"isPartOf\":{\"@id\":\"https:\\\/\\\/daxel.mx\\\/blog\\\/2022\\\/06\\\/27\\\/importancia-del-audio-en-las-videoconferencias\\\/\"},\"author\":{\"name\":\"programacion\",\"@id\":\"https:\\\/\\\/daxel.mx\\\/blog\\\/#\\\/schema\\\/person\\\/da4f122a1134e8607516450127da9dfa\"},\"headline\":\"Importancia del audio en las videoconferencias\",\"datePublished\":\"2022-06-27T14:00:46+00:00\",\"dateModified\":\"2023-01-27T19:17:54+00:00\",\"mainEntityOfPage\":{\"@id\":\"https:\\\/\\\/daxel.mx\\\/blog\\\/2022\\\/06\\\/27\\\/importancia-del-audio-en-las-videoconferencias\\\/\"},\"wordCount\":893,\"publisher\":{\"@id\":\"https:\\\/\\\/daxel.mx\\\/blog\\\/#organization\"},\"image\":{\"@id\":\"https:\\\/\\\/daxel.mx\\\/blog\\\/2022\\\/06\\\/27\\\/importancia-del-audio-en-las-videoconferencias\\\/#primaryimage\"},\"thumbnailUrl\":\"https:\\\/\\\/daxel.mx\\\/blog\\\/wp-content\\\/uploads\\\/2022\\\/01\\\/microfono-1-min.jpg\",\"articleSection\":[\"audio y video sala de juntas\",\"automatizaci\u00f3n salas de juntas\",\"blog\",\"micr\u00f3fono para sala de juntas\"],\"inLanguage\":\"es\"},{\"@type\":\"WebPage\",\"@id\":\"https:\\\/\\\/daxel.mx\\\/blog\\\/2022\\\/06\\\/27\\\/importancia-del-audio-en-las-videoconferencias\\\/\",\"url\":\"https:\\\/\\\/daxel.mx\\\/blog\\\/2022\\\/06\\\/27\\\/importancia-del-audio-en-las-videoconferencias\\\/\",\"name\":\"Importancia del audio en las videoconferencias\",\"isPartOf\":{\"@id\":\"https:\\\/\\\/daxel.mx\\\/blog\\\/#website\"},\"primaryImageOfPage\":{\"@id\":\"https:\\\/\\\/daxel.mx\\\/blog\\\/2022\\\/06\\\/27\\\/importancia-del-audio-en-las-videoconferencias\\\/#primaryimage\"},\"image\":{\"@id\":\"https:\\\/\\\/daxel.mx\\\/blog\\\/2022\\\/06\\\/27\\\/importancia-del-audio-en-las-videoconferencias\\\/#primaryimage\"},\"thumbnailUrl\":\"https:\\\/\\\/daxel.mx\\\/blog\\\/wp-content\\\/uploads\\\/2022\\\/01\\\/microfono-1-min.jpg\",\"datePublished\":\"2022-06-27T14:00:46+00:00\",\"dateModified\":\"2023-01-27T19:17:54+00:00\",\"description\":\"El micr\u00f3fono para sala de juntas es indispensable para garantizar la alta calidad del audio en las videoconferencias.\",\"breadcrumb\":{\"@id\":\"https:\\\/\\\/daxel.mx\\\/blog\\\/2022\\\/06\\\/27\\\/importancia-del-audio-en-las-videoconferencias\\\/#breadcrumb\"},\"inLanguage\":\"es\",\"potentialAction\":[{\"@type\":\"ReadAction\",\"target\":[\"https:\\\/\\\/daxel.mx\\\/blog\\\/2022\\\/06\\\/27\\\/importancia-del-audio-en-las-videoconferencias\\\/\"]}]},{\"@type\":\"ImageObject\",\"inLanguage\":\"es\",\"@id\":\"https:\\\/\\\/daxel.mx\\\/blog\\\/2022\\\/06\\\/27\\\/importancia-del-audio-en-las-videoconferencias\\\/#primaryimage\",\"url\":\"https:\\\/\\\/daxel.mx\\\/blog\\\/wp-content\\\/uploads\\\/2022\\\/01\\\/microfono-1-min.jpg\",\"contentUrl\":\"https:\\\/\\\/daxel.mx\\\/blog\\\/wp-content\\\/uploads\\\/2022\\\/01\\\/microfono-1-min.jpg\",\"width\":600,\"height\":400,\"caption\":\"micr\u00f3fono para sala de juntas\"},{\"@type\":\"BreadcrumbList\",\"@id\":\"https:\\\/\\\/daxel.mx\\\/blog\\\/2022\\\/06\\\/27\\\/importancia-del-audio-en-las-videoconferencias\\\/#breadcrumb\",\"itemListElement\":[{\"@type\":\"ListItem\",\"position\":1,\"name\":\"Inicio\",\"item\":\"https:\\\/\\\/daxel.mx\\\/blog\\\/\"},{\"@type\":\"ListItem\",\"position\":2,\"name\":\"Importancia del audio en las videoconferencias\"}]},{\"@type\":\"WebSite\",\"@id\":\"https:\\\/\\\/daxel.mx\\\/blog\\\/#website\",\"url\":\"https:\\\/\\\/daxel.mx\\\/blog\\\/\",\"name\":\"D\u00e1xel Blog\",\"description\":\"Temas de Dom\u00f3tica Audiovisual\",\"publisher\":{\"@id\":\"https:\\\/\\\/daxel.mx\\\/blog\\\/#organization\"},\"potentialAction\":[{\"@type\":\"SearchAction\",\"target\":{\"@type\":\"EntryPoint\",\"urlTemplate\":\"https:\\\/\\\/daxel.mx\\\/blog\\\/?s={search_term_string}\"},\"query-input\":{\"@type\":\"PropertyValueSpecification\",\"valueRequired\":true,\"valueName\":\"search_term_string\"}}],\"inLanguage\":\"es\"},{\"@type\":\"Organization\",\"@id\":\"https:\\\/\\\/daxel.mx\\\/blog\\\/#organization\",\"name\":\"D\u00e1xel\",\"url\":\"https:\\\/\\\/daxel.mx\\\/blog\\\/\",\"logo\":{\"@type\":\"ImageObject\",\"inLanguage\":\"es\",\"@id\":\"https:\\\/\\\/daxel.mx\\\/blog\\\/#\\\/schema\\\/logo\\\/image\\\/\",\"url\":\"https:\\\/\\\/daxel.mx\\\/blog\\\/wp-content\\\/uploads\\\/2018\\\/01\\\/Horizontal-Gradiente.png\",\"contentUrl\":\"https:\\\/\\\/daxel.mx\\\/blog\\\/wp-content\\\/uploads\\\/2018\\\/01\\\/Horizontal-Gradiente.png\",\"width\":2748,\"height\":1152,\"caption\":\"D\u00e1xel\"},\"image\":{\"@id\":\"https:\\\/\\\/daxel.mx\\\/blog\\\/#\\\/schema\\\/logo\\\/image\\\/\"},\"sameAs\":[\"https:\\\/\\\/www.facebook.com\\\/DaxelDomoticaAudiovisual\\\/\",\"https:\\\/\\\/www.linkedin.com\\\/company\\\/d\u00e1xel\\\/\"]},{\"@type\":\"Person\",\"@id\":\"https:\\\/\\\/daxel.mx\\\/blog\\\/#\\\/schema\\\/person\\\/da4f122a1134e8607516450127da9dfa\",\"name\":\"programacion\",\"image\":{\"@type\":\"ImageObject\",\"inLanguage\":\"es\",\"@id\":\"https:\\\/\\\/secure.gravatar.com\\\/avatar\\\/9d3dfe9b12b7a0a3e2fb00f12839f14fd06d5319a3517c04f2fd4ba0024ec4f0?s=96&d=identicon&r=g\",\"url\":\"https:\\\/\\\/secure.gravatar.com\\\/avatar\\\/9d3dfe9b12b7a0a3e2fb00f12839f14fd06d5319a3517c04f2fd4ba0024ec4f0?s=96&d=identicon&r=g\",\"contentUrl\":\"https:\\\/\\\/secure.gravatar.com\\\/avatar\\\/9d3dfe9b12b7a0a3e2fb00f12839f14fd06d5319a3517c04f2fd4ba0024ec4f0?s=96&d=identicon&r=g\",\"caption\":\"programacion\"},\"url\":\"https:\\\/\\\/daxel.mx\\\/blog\\\/author\\\/programacion\\\/\"}]}<\/script>\n<!-- \/ Yoast SEO plugin. -->","yoast_head_json":{"title":"Importancia del audio en las videoconferencias","description":"El micr\u00f3fono para sala de juntas es indispensable para garantizar la alta calidad del audio en las videoconferencias.","robots":{"index":"index","follow":"follow","max-snippet":"max-snippet:-1","max-image-preview":"max-image-preview:large","max-video-preview":"max-video-preview:-1"},"canonical":"https:\/\/daxel.mx\/blog\/2022\/06\/27\/importancia-del-audio-en-las-videoconferencias\/","og_locale":"es_MX","og_type":"article","og_title":"Importancia del audio en las videoconferencias","og_description":"El micr\u00f3fono para sala de juntas es indispensable para garantizar la alta calidad del audio en las videoconferencias.","og_url":"https:\/\/daxel.mx\/blog\/2022\/06\/27\/importancia-del-audio-en-las-videoconferencias\/","og_site_name":"D\u00e1xel Blog","article_publisher":"https:\/\/www.facebook.com\/DaxelDomoticaAudiovisual\/","article_published_time":"2022-06-27T14:00:46+00:00","article_modified_time":"2023-01-27T19:17:54+00:00","og_image":[{"width":600,"height":400,"url":"https:\/\/daxel.mx\/blog\/wp-content\/uploads\/2022\/01\/microfono-1-min.jpg","type":"image\/jpeg"}],"author":"programacion","twitter_card":"summary_large_image","twitter_misc":{"Escrito por":"programacion","Tiempo de lectura":"4 minutos"},"schema":{"@context":"https:\/\/schema.org","@graph":[{"@type":"Article","@id":"https:\/\/daxel.mx\/blog\/2022\/06\/27\/importancia-del-audio-en-las-videoconferencias\/#article","isPartOf":{"@id":"https:\/\/daxel.mx\/blog\/2022\/06\/27\/importancia-del-audio-en-las-videoconferencias\/"},"author":{"name":"programacion","@id":"https:\/\/daxel.mx\/blog\/#\/schema\/person\/da4f122a1134e8607516450127da9dfa"},"headline":"Importancia del audio en las videoconferencias","datePublished":"2022-06-27T14:00:46+00:00","dateModified":"2023-01-27T19:17:54+00:00","mainEntityOfPage":{"@id":"https:\/\/daxel.mx\/blog\/2022\/06\/27\/importancia-del-audio-en-las-videoconferencias\/"},"wordCount":893,"publisher":{"@id":"https:\/\/daxel.mx\/blog\/#organization"},"image":{"@id":"https:\/\/daxel.mx\/blog\/2022\/06\/27\/importancia-del-audio-en-las-videoconferencias\/#primaryimage"},"thumbnailUrl":"https:\/\/daxel.mx\/blog\/wp-content\/uploads\/2022\/01\/microfono-1-min.jpg","articleSection":["audio y video sala de juntas","automatizaci\u00f3n salas de juntas","blog","micr\u00f3fono para sala de juntas"],"inLanguage":"es"},{"@type":"WebPage","@id":"https:\/\/daxel.mx\/blog\/2022\/06\/27\/importancia-del-audio-en-las-videoconferencias\/","url":"https:\/\/daxel.mx\/blog\/2022\/06\/27\/importancia-del-audio-en-las-videoconferencias\/","name":"Importancia del audio en las videoconferencias","isPartOf":{"@id":"https:\/\/daxel.mx\/blog\/#website"},"primaryImageOfPage":{"@id":"https:\/\/daxel.mx\/blog\/2022\/06\/27\/importancia-del-audio-en-las-videoconferencias\/#primaryimage"},"image":{"@id":"https:\/\/daxel.mx\/blog\/2022\/06\/27\/importancia-del-audio-en-las-videoconferencias\/#primaryimage"},"thumbnailUrl":"https:\/\/daxel.mx\/blog\/wp-content\/uploads\/2022\/01\/microfono-1-min.jpg","datePublished":"2022-06-27T14:00:46+00:00","dateModified":"2023-01-27T19:17:54+00:00","description":"El micr\u00f3fono para sala de juntas es indispensable para garantizar la alta calidad del audio en las videoconferencias.","breadcrumb":{"@id":"https:\/\/daxel.mx\/blog\/2022\/06\/27\/importancia-del-audio-en-las-videoconferencias\/#breadcrumb"},"inLanguage":"es","potentialAction":[{"@type":"ReadAction","target":["https:\/\/daxel.mx\/blog\/2022\/06\/27\/importancia-del-audio-en-las-videoconferencias\/"]}]},{"@type":"ImageObject","inLanguage":"es","@id":"https:\/\/daxel.mx\/blog\/2022\/06\/27\/importancia-del-audio-en-las-videoconferencias\/#primaryimage","url":"https:\/\/daxel.mx\/blog\/wp-content\/uploads\/2022\/01\/microfono-1-min.jpg","contentUrl":"https:\/\/daxel.mx\/blog\/wp-content\/uploads\/2022\/01\/microfono-1-min.jpg","width":600,"height":400,"caption":"micr\u00f3fono para sala de juntas"},{"@type":"BreadcrumbList","@id":"https:\/\/daxel.mx\/blog\/2022\/06\/27\/importancia-del-audio-en-las-videoconferencias\/#breadcrumb","itemListElement":[{"@type":"ListItem","position":1,"name":"Inicio","item":"https:\/\/daxel.mx\/blog\/"},{"@type":"ListItem","position":2,"name":"Importancia del audio en las videoconferencias"}]},{"@type":"WebSite","@id":"https:\/\/daxel.mx\/blog\/#website","url":"https:\/\/daxel.mx\/blog\/","name":"D\u00e1xel Blog","description":"Temas de Dom\u00f3tica Audiovisual","publisher":{"@id":"https:\/\/daxel.mx\/blog\/#organization"},"potentialAction":[{"@type":"SearchAction","target":{"@type":"EntryPoint","urlTemplate":"https:\/\/daxel.mx\/blog\/?s={search_term_string}"},"query-input":{"@type":"PropertyValueSpecification","valueRequired":true,"valueName":"search_term_string"}}],"inLanguage":"es"},{"@type":"Organization","@id":"https:\/\/daxel.mx\/blog\/#organization","name":"D\u00e1xel","url":"https:\/\/daxel.mx\/blog\/","logo":{"@type":"ImageObject","inLanguage":"es","@id":"https:\/\/daxel.mx\/blog\/#\/schema\/logo\/image\/","url":"https:\/\/daxel.mx\/blog\/wp-content\/uploads\/2018\/01\/Horizontal-Gradiente.png","contentUrl":"https:\/\/daxel.mx\/blog\/wp-content\/uploads\/2018\/01\/Horizontal-Gradiente.png","width":2748,"height":1152,"caption":"D\u00e1xel"},"image":{"@id":"https:\/\/daxel.mx\/blog\/#\/schema\/logo\/image\/"},"sameAs":["https:\/\/www.facebook.com\/DaxelDomoticaAudiovisual\/","https:\/\/www.linkedin.com\/company\/d\u00e1xel\/"]},{"@type":"Person","@id":"https:\/\/daxel.mx\/blog\/#\/schema\/person\/da4f122a1134e8607516450127da9dfa","name":"programacion","image":{"@type":"ImageObject","inLanguage":"es","@id":"https:\/\/secure.gravatar.com\/avatar\/9d3dfe9b12b7a0a3e2fb00f12839f14fd06d5319a3517c04f2fd4ba0024ec4f0?s=96&d=identicon&r=g","url":"https:\/\/secure.gravatar.com\/avatar\/9d3dfe9b12b7a0a3e2fb00f12839f14fd06d5319a3517c04f2fd4ba0024ec4f0?s=96&d=identicon&r=g","contentUrl":"https:\/\/secure.gravatar.com\/avatar\/9d3dfe9b12b7a0a3e2fb00f12839f14fd06d5319a3517c04f2fd4ba0024ec4f0?s=96&d=identicon&r=g","caption":"programacion"},"url":"https:\/\/daxel.mx\/blog\/author\/programacion\/"}]}},"jetpack_publicize_connections":[],"_links":{"self":[{"href":"https:\/\/daxel.mx\/blog\/wp-json\/wp\/v2\/posts\/412","targetHints":{"allow":["GET"]}}],"collection":[{"href":"https:\/\/daxel.mx\/blog\/wp-json\/wp\/v2\/posts"}],"about":[{"href":"https:\/\/daxel.mx\/blog\/wp-json\/wp\/v2\/types\/post"}],"author":[{"embeddable":true,"href":"https:\/\/daxel.mx\/blog\/wp-json\/wp\/v2\/users\/342"}],"replies":[{"embeddable":true,"href":"https:\/\/daxel.mx\/blog\/wp-json\/wp\/v2\/comments?post=412"}],"version-history":[{"count":4,"href":"https:\/\/daxel.mx\/blog\/wp-json\/wp\/v2\/posts\/412\/revisions"}],"predecessor-version":[{"id":526,"href":"https:\/\/daxel.mx\/blog\/wp-json\/wp\/v2\/posts\/412\/revisions\/526"}],"wp:featuredmedia":[{"embeddable":true,"href":"https:\/\/daxel.mx\/blog\/wp-json\/wp\/v2\/media\/337"}],"wp:attachment":[{"href":"https:\/\/daxel.mx\/blog\/wp-json\/wp\/v2\/media?parent=412"}],"wp:term":[{"taxonomy":"category","embeddable":true,"href":"https:\/\/daxel.mx\/blog\/wp-json\/wp\/v2\/categories?post=412"},{"taxonomy":"post_tag","embeddable":true,"href":"https:\/\/daxel.mx\/blog\/wp-json\/wp\/v2\/tags?post=412"}],"curies":[{"name":"wp","href":"https:\/\/api.w.org\/{rel}","templated":true}]}}