{"id":424,"date":"2022-08-15T08:00:08","date_gmt":"2022-08-15T14:00:08","guid":{"rendered":"https:\/\/daxel.mx\/blog\/?p=424"},"modified":"2023-01-27T13:17:53","modified_gmt":"2023-01-27T19:17:53","slug":"que-microfono-es-ideal-para-salas-de-reuniones-estandar","status":"publish","type":"post","link":"https:\/\/daxel.mx\/blog\/2022\/08\/15\/que-microfono-es-ideal-para-salas-de-reuniones-estandar\/","title":{"rendered":"\u00bfQu\u00e9 micr\u00f3fono es ideal para salas de reuniones est\u00e1ndar?"},"content":{"rendered":"<p>&nbsp;<\/p>\n<p>&nbsp;<\/p>\n<p style=\"text-align: justify;\">Hay una gran variedad de soluciones microf\u00f3nicas destinadas al \u00e1mbito empresarial, institucional, entre otras donde es crucial que el di\u00e1logo durante las reuniones sea fluido e inteligible. Muchos cometen el error de pensar que un solo tipo de <a href=\"https:\/\/daxel.mx\/microfono-para-sala-de-juntas.php\"><strong>micr\u00f3fono para sala de juntas<\/strong><\/a> aplica para todos los casos, lo que deriva en insatisfacciones.<\/p>\n<p>&nbsp;<\/p>\n<p style=\"text-align: justify;\">Las soluciones digitales se han popularizado en los \u00faltimos a\u00f1os por su bajo precio, pero no son la mejor opci\u00f3n si lo que desean son conferencias de la mejor calidad, especialmente al tratar con clientes o socios importantes, ya sea del \u00e1mbito empresarial o gubernamental. Por tal motivo, es importante adquirir un dispositivo anal\u00f3gico con proveedores confiables.<\/p>\n<p>&nbsp;<\/p>\n<p style=\"text-align: justify;\">Al momento de elegir un equipo de sonido para videoconferencias, es importante considerar varios aspectos, por ejemplo, la cantidad t\u00edpica de participantes y las dimensiones de las salas de juntas, el estilo de las reuniones, es decir, si ser\u00e1 una conferencia donde hay una persona dirigi\u00e9ndose a varias, un foro u otros eventos donde varias personas se dirigen a otro grupo.<\/p>\n<p>&nbsp;<\/p>\n<p style=\"text-align: justify;\">En el caso de las salas de juntas est\u00e1ndar, presentan caracter\u00edsticas particulares que vuelven necesario un tipo de micr\u00f3fono: los micr\u00f3fonos de sobremesa de cuello de cisne y de superficie. Explicaremos por qu\u00e9 son convenientes y otros aspectos adicionales para que la comunicaci\u00f3n en las salas sea de alta calidad e impacte positivamente en su imagen.<\/p>\n<p>&nbsp;<\/p>\n<h2 style=\"text-align: justify;\">Soluciones de microfon\u00eda y audio para salas de juntas est\u00e1ndar<\/h2>\n<p>&nbsp;<\/p>\n<p style=\"text-align: justify;\">Se trata de las instalaciones m\u00e1s comunes en oficinas gubernamentales, centros de negocios y empresas medianas y grandes. En ellas, suelen reunirse desde seis hasta 30 participantes, que son distribuidas en una o varias mesas de gran tama\u00f1o para que cada participante se reconozca y haya un flujo libre de palabras y miradas, algo importante para cualquier reuni\u00f3n altamente profesional.<\/p>\n<p>&nbsp;<\/p>\n<p style=\"text-align: justify;\">Para aquellas salas que posean excelente ac\u00fastica y con m\u00ednima reverberaci\u00f3n, probablemente no se requieren sistemas sonoros de refuerzo; sin embargo, si se utilizan ampliamente los sistemas de teleconferencia y grabaci\u00f3n, lo que implica la necesidad de un <a href=\"https:\/\/daxel.mx\/microfono-para-sala-de-juntas.php\"><strong>micr\u00f3fono para sala de juntas<\/strong><\/a>.<\/p>\n<p>&nbsp;<\/p>\n<p style=\"text-align: justify;\">En este caso se utilizan hasta cinco micr\u00f3fonos, pero ocurren interrupciones si todos permanecen abiertos, por lo que se recomienda desactivar aquellos que no son usados. Una soluci\u00f3n es utilizar sistemas de microfon\u00eda con conmutadores integrados para que los presentadores se encarguen de activar o desactivar sus micr\u00f3fonos.<\/p>\n<p>&nbsp;<\/p>\n<p style=\"text-align: justify;\">Otra alternativa recomendada es el mezclador autom\u00e1tico o sistema de debate dedicado, que evita que los participantes manejen los micr\u00f3fonos por cuenta propia, de modo que no se distraigan durante la reuni\u00f3n. Una ventaja notable del sistema de debate es el sistema de sonido integrado en los micr\u00f3fonos, que es peque\u00f1o y elimina las posibilidades de realimentaci\u00f3n, lo que permite que las personas separadas por mayores distancias entre la mesa o las mesas se escuchen perfectamente.<\/p>\n<p>&nbsp;<\/p>\n<p style=\"text-align: justify;\">Ahora bien, muchos negocios o instituciones suelen proporcionar un micr\u00f3fono de sobremesa por cada participante, aunque es posible ahorrar dinero si se usa una soluci\u00f3n microf\u00f3nica por cada dos participantes. Esto no afecta la calidad del audio ni es necesario que las personas que la comparten se acerquen demasiado entre s\u00ed para usarla.<\/p>\n<p>&nbsp;<\/p>\n<p style=\"text-align: justify;\">Los micr\u00f3fonos que m\u00e1s se usan en los sistemas de <a href=\"https:\/\/daxel.mx\/audio-y-video-sala-de-juntas.php\"><strong>audio y video de salas de juntas<\/strong><\/a> est\u00e1ndar son los de cuello de cisne, debido a su excelente visibilidad. Otra opci\u00f3n usada ampliamente son los micr\u00f3fonos de superficie, que, com\u00fanmente, no son visibles y se cubren con papeles. En caso de que las mesas de la sala no sean fijas, se recomienda una soluci\u00f3n inal\u00e1mbrica de cuello de cisne, que destacan por ser f\u00e1ciles de configurar y flexibles.<\/p>\n<p>&nbsp;<\/p>\n<h2 style=\"text-align: justify;\">Encuentren los micr\u00f3fonos de cuello de ganso y superficie con D\u00c1XEL<\/h2>\n<p>&nbsp;<\/p>\n<p style=\"text-align: justify;\">Los micr\u00f3fonos de cuellos de ganso son los m\u00e1s usados en salas de juntas est\u00e1ndar. Existen ejemplares inal\u00e1mbricos y al\u00e1mbricos y destacan por sus c\u00e1psulas en un brazo flexible y delgado para dirigirlo hacia la boca. En D\u00c1XEL recomendamos los modelos:<\/p>\n<ul style=\"text-align: justify;\">\n<li>Shure bases MX400 y MX890.<\/li>\n<li>Shure base\/transmisor ULXD8 y MXW8.<\/li>\n<li>Shure MX415, MX410, MX405.<\/li>\n<\/ul>\n<p>&nbsp;<\/p>\n<p style=\"text-align: justify;\">Este tipo de <a href=\"https:\/\/daxel.mx\/microfono-para-sala-de-juntas.php\"><strong>micr\u00f3fono para sala de juntas<\/strong><\/a> brinda seguridad a los participantes. Los modelos con base integran un bot\u00f3n de silencio y funcionan bien para reforzar el audio local. Reciben \u00fanicamente la voz de quienes hablan y su dise\u00f1o es de excelente calidad. Son excelente opci\u00f3n para salas que no poseen buena ac\u00fastica para que el hablante sea escuchado en su interior.<\/p>\n<p>&nbsp;<\/p>\n<p style=\"text-align: justify;\">Otro tipo disponible es el micr\u00f3fono de superficie. Hay modelos que cubren a hasta cuatro o seis participantes y, en general, no cuentan con brazos, sino que se colocan en las mesas de las salas. Encontrar\u00e1n ejemplares al\u00e1mbricos e inal\u00e1mbricos de diferentes coberturas, ya sea toroide, de 360\u00b0 o uno o dos arcos de c\u00edrculo 90 a 180\u00b0. Destacan por su versatilidad y facilidad de moverlos para ser compartidos y por los ahorros que brindan al no requerir varios micr\u00f3fonos.<\/p>\n<p style=\"text-align: justify;\">En D\u00c1XEL recomendamos los siguientes modelos:<\/p>\n<ul style=\"text-align: justify;\">\n<li>Shure MXA310, MX391, MX392, MX393, MX395, MX396.<\/li>\n<li>CVB MXA 710, MX690, MXW6, ULXD6.<\/li>\n<\/ul>\n<p>&nbsp;<\/p>\n<p style=\"text-align: justify;\">Si desean m\u00e1s informaci\u00f3n acerca de nuestras opciones de <a href=\"https:\/\/daxel.mx\/automatizacion-salas-de-juntas.php\"><strong>automatizaci\u00f3n salas<\/strong><\/a><a href=\"https:\/\/daxel.mx\/automatizacion-salas-de-juntas.php\"><strong> de juntas<\/strong><\/a>, cont\u00e1ctennos al (477) 555 7200 o env\u00eden un mensaje a la direcci\u00f3n: <a href=\"mailto:contacto@daxel.mx\">contacto@daxel.mx<\/a>.<\/p>\n<p>&nbsp;<\/p>\n<p>&nbsp;<\/p>\n","protected":false},"excerpt":{"rendered":"<p>&nbsp; &nbsp; Hay una gran variedad de soluciones microf\u00f3nicas destinadas al \u00e1mbito empresarial, institucional, entre otras donde es crucial que el di\u00e1logo durante las reuniones sea fluido e inteligible. Muchos cometen el error de pensar que un solo tipo de micr\u00f3fono para sala de juntas aplica para todos los casos, lo que deriva en insatisfacciones.&hellip; <br \/> <a class=\"read-more\" href=\"https:\/\/daxel.mx\/blog\/2022\/08\/15\/que-microfono-es-ideal-para-salas-de-reuniones-estandar\/\">Leer m\u00e1s<\/a><\/p>\n","protected":false},"author":342,"featured_media":339,"comment_status":"closed","ping_status":"closed","sticky":false,"template":"","format":"standard","meta":{"footnotes":"","jetpack_publicize_message":"","jetpack_publicize_feature_enabled":true,"jetpack_social_post_already_shared":true,"jetpack_social_options":{"image_generator_settings":{"template":"highway","default_image_id":0,"font":"","enabled":false},"version":2}},"categories":[40,41,44,37],"tags":[],"class_list":["post-424","post","type-post","status-publish","format-standard","has-post-thumbnail","hentry","category-audio-y-video-sala-de-juntas","category-automatizacion-de-casas-inteligentes","category-automatizacion-residencial-en-leon-gto","category-blog"],"yoast_head":"<!-- This site is optimized with the Yoast SEO plugin v27.3 - https:\/\/yoast.com\/product\/yoast-seo-wordpress\/ -->\n<title>\u00bfQu\u00e9 micr\u00f3fono es ideal para salas de reuniones est\u00e1ndar?<\/title>\n<meta name=\"description\" content=\"Es importante elegir un micr\u00f3fono para sala de juntas est\u00e1ndar para garantizar la inteligibilidad del di\u00e1logo o presentaciones\" \/>\n<meta name=\"robots\" content=\"index, follow, max-snippet:-1, max-image-preview:large, max-video-preview:-1\" \/>\n<link rel=\"canonical\" href=\"https:\/\/daxel.mx\/blog\/2022\/08\/15\/que-microfono-es-ideal-para-salas-de-reuniones-estandar\/\" \/>\n<meta property=\"og:locale\" content=\"es_MX\" \/>\n<meta property=\"og:type\" content=\"article\" \/>\n<meta property=\"og:title\" content=\"\u00bfQu\u00e9 micr\u00f3fono es ideal para salas de reuniones est\u00e1ndar?\" \/>\n<meta property=\"og:description\" content=\"Es importante elegir un micr\u00f3fono para sala de juntas est\u00e1ndar para garantizar la inteligibilidad del di\u00e1logo o presentaciones\" \/>\n<meta property=\"og:url\" content=\"https:\/\/daxel.mx\/blog\/2022\/08\/15\/que-microfono-es-ideal-para-salas-de-reuniones-estandar\/\" \/>\n<meta property=\"og:site_name\" content=\"D\u00e1xel Blog\" \/>\n<meta property=\"article:publisher\" content=\"https:\/\/www.facebook.com\/DaxelDomoticaAudiovisual\/\" \/>\n<meta property=\"article:published_time\" content=\"2022-08-15T14:00:08+00:00\" \/>\n<meta property=\"article:modified_time\" content=\"2023-01-27T19:17:53+00:00\" \/>\n<meta property=\"og:image\" content=\"https:\/\/daxel.mx\/blog\/wp-content\/uploads\/2022\/01\/microfono-2-min.png\" \/>\n\t<meta property=\"og:image:width\" content=\"626\" \/>\n\t<meta property=\"og:image:height\" content=\"417\" \/>\n\t<meta property=\"og:image:type\" content=\"image\/png\" \/>\n<meta name=\"author\" content=\"programacion\" \/>\n<meta name=\"twitter:card\" content=\"summary_large_image\" \/>\n<meta name=\"twitter:label1\" content=\"Escrito por\" \/>\n\t<meta name=\"twitter:data1\" content=\"programacion\" \/>\n\t<meta name=\"twitter:label2\" content=\"Tiempo de lectura\" \/>\n\t<meta name=\"twitter:data2\" content=\"4 minutos\" \/>\n<script type=\"application\/ld+json\" class=\"yoast-schema-graph\">{\"@context\":\"https:\\\/\\\/schema.org\",\"@graph\":[{\"@type\":\"Article\",\"@id\":\"https:\\\/\\\/daxel.mx\\\/blog\\\/2022\\\/08\\\/15\\\/que-microfono-es-ideal-para-salas-de-reuniones-estandar\\\/#article\",\"isPartOf\":{\"@id\":\"https:\\\/\\\/daxel.mx\\\/blog\\\/2022\\\/08\\\/15\\\/que-microfono-es-ideal-para-salas-de-reuniones-estandar\\\/\"},\"author\":{\"name\":\"programacion\",\"@id\":\"https:\\\/\\\/daxel.mx\\\/blog\\\/#\\\/schema\\\/person\\\/da4f122a1134e8607516450127da9dfa\"},\"headline\":\"\u00bfQu\u00e9 micr\u00f3fono es ideal para salas de reuniones est\u00e1ndar?\",\"datePublished\":\"2022-08-15T14:00:08+00:00\",\"dateModified\":\"2023-01-27T19:17:53+00:00\",\"mainEntityOfPage\":{\"@id\":\"https:\\\/\\\/daxel.mx\\\/blog\\\/2022\\\/08\\\/15\\\/que-microfono-es-ideal-para-salas-de-reuniones-estandar\\\/\"},\"wordCount\":946,\"publisher\":{\"@id\":\"https:\\\/\\\/daxel.mx\\\/blog\\\/#organization\"},\"image\":{\"@id\":\"https:\\\/\\\/daxel.mx\\\/blog\\\/2022\\\/08\\\/15\\\/que-microfono-es-ideal-para-salas-de-reuniones-estandar\\\/#primaryimage\"},\"thumbnailUrl\":\"https:\\\/\\\/daxel.mx\\\/blog\\\/wp-content\\\/uploads\\\/2022\\\/01\\\/microfono-2-min.png\",\"articleSection\":[\"audio y video sala de juntas\",\"automatizaci\u00f3n de casas inteligentes\",\"automatizaci\u00f3n residencial en Le\u00f3n Gto\",\"blog\"],\"inLanguage\":\"es\"},{\"@type\":\"WebPage\",\"@id\":\"https:\\\/\\\/daxel.mx\\\/blog\\\/2022\\\/08\\\/15\\\/que-microfono-es-ideal-para-salas-de-reuniones-estandar\\\/\",\"url\":\"https:\\\/\\\/daxel.mx\\\/blog\\\/2022\\\/08\\\/15\\\/que-microfono-es-ideal-para-salas-de-reuniones-estandar\\\/\",\"name\":\"\u00bfQu\u00e9 micr\u00f3fono es ideal para salas de reuniones est\u00e1ndar?\",\"isPartOf\":{\"@id\":\"https:\\\/\\\/daxel.mx\\\/blog\\\/#website\"},\"primaryImageOfPage\":{\"@id\":\"https:\\\/\\\/daxel.mx\\\/blog\\\/2022\\\/08\\\/15\\\/que-microfono-es-ideal-para-salas-de-reuniones-estandar\\\/#primaryimage\"},\"image\":{\"@id\":\"https:\\\/\\\/daxel.mx\\\/blog\\\/2022\\\/08\\\/15\\\/que-microfono-es-ideal-para-salas-de-reuniones-estandar\\\/#primaryimage\"},\"thumbnailUrl\":\"https:\\\/\\\/daxel.mx\\\/blog\\\/wp-content\\\/uploads\\\/2022\\\/01\\\/microfono-2-min.png\",\"datePublished\":\"2022-08-15T14:00:08+00:00\",\"dateModified\":\"2023-01-27T19:17:53+00:00\",\"description\":\"Es importante elegir un micr\u00f3fono para sala de juntas est\u00e1ndar para garantizar la inteligibilidad del di\u00e1logo o presentaciones\",\"breadcrumb\":{\"@id\":\"https:\\\/\\\/daxel.mx\\\/blog\\\/2022\\\/08\\\/15\\\/que-microfono-es-ideal-para-salas-de-reuniones-estandar\\\/#breadcrumb\"},\"inLanguage\":\"es\",\"potentialAction\":[{\"@type\":\"ReadAction\",\"target\":[\"https:\\\/\\\/daxel.mx\\\/blog\\\/2022\\\/08\\\/15\\\/que-microfono-es-ideal-para-salas-de-reuniones-estandar\\\/\"]}]},{\"@type\":\"ImageObject\",\"inLanguage\":\"es\",\"@id\":\"https:\\\/\\\/daxel.mx\\\/blog\\\/2022\\\/08\\\/15\\\/que-microfono-es-ideal-para-salas-de-reuniones-estandar\\\/#primaryimage\",\"url\":\"https:\\\/\\\/daxel.mx\\\/blog\\\/wp-content\\\/uploads\\\/2022\\\/01\\\/microfono-2-min.png\",\"contentUrl\":\"https:\\\/\\\/daxel.mx\\\/blog\\\/wp-content\\\/uploads\\\/2022\\\/01\\\/microfono-2-min.png\",\"width\":626,\"height\":417,\"caption\":\"Micr\u00f3fono para sala de juntas\"},{\"@type\":\"BreadcrumbList\",\"@id\":\"https:\\\/\\\/daxel.mx\\\/blog\\\/2022\\\/08\\\/15\\\/que-microfono-es-ideal-para-salas-de-reuniones-estandar\\\/#breadcrumb\",\"itemListElement\":[{\"@type\":\"ListItem\",\"position\":1,\"name\":\"Inicio\",\"item\":\"https:\\\/\\\/daxel.mx\\\/blog\\\/\"},{\"@type\":\"ListItem\",\"position\":2,\"name\":\"\u00bfQu\u00e9 micr\u00f3fono es ideal para salas de reuniones est\u00e1ndar?\"}]},{\"@type\":\"WebSite\",\"@id\":\"https:\\\/\\\/daxel.mx\\\/blog\\\/#website\",\"url\":\"https:\\\/\\\/daxel.mx\\\/blog\\\/\",\"name\":\"D\u00e1xel Blog\",\"description\":\"Temas de Dom\u00f3tica Audiovisual\",\"publisher\":{\"@id\":\"https:\\\/\\\/daxel.mx\\\/blog\\\/#organization\"},\"potentialAction\":[{\"@type\":\"SearchAction\",\"target\":{\"@type\":\"EntryPoint\",\"urlTemplate\":\"https:\\\/\\\/daxel.mx\\\/blog\\\/?s={search_term_string}\"},\"query-input\":{\"@type\":\"PropertyValueSpecification\",\"valueRequired\":true,\"valueName\":\"search_term_string\"}}],\"inLanguage\":\"es\"},{\"@type\":\"Organization\",\"@id\":\"https:\\\/\\\/daxel.mx\\\/blog\\\/#organization\",\"name\":\"D\u00e1xel\",\"url\":\"https:\\\/\\\/daxel.mx\\\/blog\\\/\",\"logo\":{\"@type\":\"ImageObject\",\"inLanguage\":\"es\",\"@id\":\"https:\\\/\\\/daxel.mx\\\/blog\\\/#\\\/schema\\\/logo\\\/image\\\/\",\"url\":\"https:\\\/\\\/daxel.mx\\\/blog\\\/wp-content\\\/uploads\\\/2018\\\/01\\\/Horizontal-Gradiente.png\",\"contentUrl\":\"https:\\\/\\\/daxel.mx\\\/blog\\\/wp-content\\\/uploads\\\/2018\\\/01\\\/Horizontal-Gradiente.png\",\"width\":2748,\"height\":1152,\"caption\":\"D\u00e1xel\"},\"image\":{\"@id\":\"https:\\\/\\\/daxel.mx\\\/blog\\\/#\\\/schema\\\/logo\\\/image\\\/\"},\"sameAs\":[\"https:\\\/\\\/www.facebook.com\\\/DaxelDomoticaAudiovisual\\\/\",\"https:\\\/\\\/www.linkedin.com\\\/company\\\/d\u00e1xel\\\/\"]},{\"@type\":\"Person\",\"@id\":\"https:\\\/\\\/daxel.mx\\\/blog\\\/#\\\/schema\\\/person\\\/da4f122a1134e8607516450127da9dfa\",\"name\":\"programacion\",\"image\":{\"@type\":\"ImageObject\",\"inLanguage\":\"es\",\"@id\":\"https:\\\/\\\/secure.gravatar.com\\\/avatar\\\/9d3dfe9b12b7a0a3e2fb00f12839f14fd06d5319a3517c04f2fd4ba0024ec4f0?s=96&d=identicon&r=g\",\"url\":\"https:\\\/\\\/secure.gravatar.com\\\/avatar\\\/9d3dfe9b12b7a0a3e2fb00f12839f14fd06d5319a3517c04f2fd4ba0024ec4f0?s=96&d=identicon&r=g\",\"contentUrl\":\"https:\\\/\\\/secure.gravatar.com\\\/avatar\\\/9d3dfe9b12b7a0a3e2fb00f12839f14fd06d5319a3517c04f2fd4ba0024ec4f0?s=96&d=identicon&r=g\",\"caption\":\"programacion\"},\"url\":\"https:\\\/\\\/daxel.mx\\\/blog\\\/author\\\/programacion\\\/\"}]}<\/script>\n<!-- \/ Yoast SEO plugin. -->","yoast_head_json":{"title":"\u00bfQu\u00e9 micr\u00f3fono es ideal para salas de reuniones est\u00e1ndar?","description":"Es importante elegir un micr\u00f3fono para sala de juntas est\u00e1ndar para garantizar la inteligibilidad del di\u00e1logo o presentaciones","robots":{"index":"index","follow":"follow","max-snippet":"max-snippet:-1","max-image-preview":"max-image-preview:large","max-video-preview":"max-video-preview:-1"},"canonical":"https:\/\/daxel.mx\/blog\/2022\/08\/15\/que-microfono-es-ideal-para-salas-de-reuniones-estandar\/","og_locale":"es_MX","og_type":"article","og_title":"\u00bfQu\u00e9 micr\u00f3fono es ideal para salas de reuniones est\u00e1ndar?","og_description":"Es importante elegir un micr\u00f3fono para sala de juntas est\u00e1ndar para garantizar la inteligibilidad del di\u00e1logo o presentaciones","og_url":"https:\/\/daxel.mx\/blog\/2022\/08\/15\/que-microfono-es-ideal-para-salas-de-reuniones-estandar\/","og_site_name":"D\u00e1xel Blog","article_publisher":"https:\/\/www.facebook.com\/DaxelDomoticaAudiovisual\/","article_published_time":"2022-08-15T14:00:08+00:00","article_modified_time":"2023-01-27T19:17:53+00:00","og_image":[{"width":626,"height":417,"url":"https:\/\/daxel.mx\/blog\/wp-content\/uploads\/2022\/01\/microfono-2-min.png","type":"image\/png"}],"author":"programacion","twitter_card":"summary_large_image","twitter_misc":{"Escrito por":"programacion","Tiempo de lectura":"4 minutos"},"schema":{"@context":"https:\/\/schema.org","@graph":[{"@type":"Article","@id":"https:\/\/daxel.mx\/blog\/2022\/08\/15\/que-microfono-es-ideal-para-salas-de-reuniones-estandar\/#article","isPartOf":{"@id":"https:\/\/daxel.mx\/blog\/2022\/08\/15\/que-microfono-es-ideal-para-salas-de-reuniones-estandar\/"},"author":{"name":"programacion","@id":"https:\/\/daxel.mx\/blog\/#\/schema\/person\/da4f122a1134e8607516450127da9dfa"},"headline":"\u00bfQu\u00e9 micr\u00f3fono es ideal para salas de reuniones est\u00e1ndar?","datePublished":"2022-08-15T14:00:08+00:00","dateModified":"2023-01-27T19:17:53+00:00","mainEntityOfPage":{"@id":"https:\/\/daxel.mx\/blog\/2022\/08\/15\/que-microfono-es-ideal-para-salas-de-reuniones-estandar\/"},"wordCount":946,"publisher":{"@id":"https:\/\/daxel.mx\/blog\/#organization"},"image":{"@id":"https:\/\/daxel.mx\/blog\/2022\/08\/15\/que-microfono-es-ideal-para-salas-de-reuniones-estandar\/#primaryimage"},"thumbnailUrl":"https:\/\/daxel.mx\/blog\/wp-content\/uploads\/2022\/01\/microfono-2-min.png","articleSection":["audio y video sala de juntas","automatizaci\u00f3n de casas inteligentes","automatizaci\u00f3n residencial en Le\u00f3n Gto","blog"],"inLanguage":"es"},{"@type":"WebPage","@id":"https:\/\/daxel.mx\/blog\/2022\/08\/15\/que-microfono-es-ideal-para-salas-de-reuniones-estandar\/","url":"https:\/\/daxel.mx\/blog\/2022\/08\/15\/que-microfono-es-ideal-para-salas-de-reuniones-estandar\/","name":"\u00bfQu\u00e9 micr\u00f3fono es ideal para salas de reuniones est\u00e1ndar?","isPartOf":{"@id":"https:\/\/daxel.mx\/blog\/#website"},"primaryImageOfPage":{"@id":"https:\/\/daxel.mx\/blog\/2022\/08\/15\/que-microfono-es-ideal-para-salas-de-reuniones-estandar\/#primaryimage"},"image":{"@id":"https:\/\/daxel.mx\/blog\/2022\/08\/15\/que-microfono-es-ideal-para-salas-de-reuniones-estandar\/#primaryimage"},"thumbnailUrl":"https:\/\/daxel.mx\/blog\/wp-content\/uploads\/2022\/01\/microfono-2-min.png","datePublished":"2022-08-15T14:00:08+00:00","dateModified":"2023-01-27T19:17:53+00:00","description":"Es importante elegir un micr\u00f3fono para sala de juntas est\u00e1ndar para garantizar la inteligibilidad del di\u00e1logo o presentaciones","breadcrumb":{"@id":"https:\/\/daxel.mx\/blog\/2022\/08\/15\/que-microfono-es-ideal-para-salas-de-reuniones-estandar\/#breadcrumb"},"inLanguage":"es","potentialAction":[{"@type":"ReadAction","target":["https:\/\/daxel.mx\/blog\/2022\/08\/15\/que-microfono-es-ideal-para-salas-de-reuniones-estandar\/"]}]},{"@type":"ImageObject","inLanguage":"es","@id":"https:\/\/daxel.mx\/blog\/2022\/08\/15\/que-microfono-es-ideal-para-salas-de-reuniones-estandar\/#primaryimage","url":"https:\/\/daxel.mx\/blog\/wp-content\/uploads\/2022\/01\/microfono-2-min.png","contentUrl":"https:\/\/daxel.mx\/blog\/wp-content\/uploads\/2022\/01\/microfono-2-min.png","width":626,"height":417,"caption":"Micr\u00f3fono para sala de juntas"},{"@type":"BreadcrumbList","@id":"https:\/\/daxel.mx\/blog\/2022\/08\/15\/que-microfono-es-ideal-para-salas-de-reuniones-estandar\/#breadcrumb","itemListElement":[{"@type":"ListItem","position":1,"name":"Inicio","item":"https:\/\/daxel.mx\/blog\/"},{"@type":"ListItem","position":2,"name":"\u00bfQu\u00e9 micr\u00f3fono es ideal para salas de reuniones est\u00e1ndar?"}]},{"@type":"WebSite","@id":"https:\/\/daxel.mx\/blog\/#website","url":"https:\/\/daxel.mx\/blog\/","name":"D\u00e1xel Blog","description":"Temas de Dom\u00f3tica Audiovisual","publisher":{"@id":"https:\/\/daxel.mx\/blog\/#organization"},"potentialAction":[{"@type":"SearchAction","target":{"@type":"EntryPoint","urlTemplate":"https:\/\/daxel.mx\/blog\/?s={search_term_string}"},"query-input":{"@type":"PropertyValueSpecification","valueRequired":true,"valueName":"search_term_string"}}],"inLanguage":"es"},{"@type":"Organization","@id":"https:\/\/daxel.mx\/blog\/#organization","name":"D\u00e1xel","url":"https:\/\/daxel.mx\/blog\/","logo":{"@type":"ImageObject","inLanguage":"es","@id":"https:\/\/daxel.mx\/blog\/#\/schema\/logo\/image\/","url":"https:\/\/daxel.mx\/blog\/wp-content\/uploads\/2018\/01\/Horizontal-Gradiente.png","contentUrl":"https:\/\/daxel.mx\/blog\/wp-content\/uploads\/2018\/01\/Horizontal-Gradiente.png","width":2748,"height":1152,"caption":"D\u00e1xel"},"image":{"@id":"https:\/\/daxel.mx\/blog\/#\/schema\/logo\/image\/"},"sameAs":["https:\/\/www.facebook.com\/DaxelDomoticaAudiovisual\/","https:\/\/www.linkedin.com\/company\/d\u00e1xel\/"]},{"@type":"Person","@id":"https:\/\/daxel.mx\/blog\/#\/schema\/person\/da4f122a1134e8607516450127da9dfa","name":"programacion","image":{"@type":"ImageObject","inLanguage":"es","@id":"https:\/\/secure.gravatar.com\/avatar\/9d3dfe9b12b7a0a3e2fb00f12839f14fd06d5319a3517c04f2fd4ba0024ec4f0?s=96&d=identicon&r=g","url":"https:\/\/secure.gravatar.com\/avatar\/9d3dfe9b12b7a0a3e2fb00f12839f14fd06d5319a3517c04f2fd4ba0024ec4f0?s=96&d=identicon&r=g","contentUrl":"https:\/\/secure.gravatar.com\/avatar\/9d3dfe9b12b7a0a3e2fb00f12839f14fd06d5319a3517c04f2fd4ba0024ec4f0?s=96&d=identicon&r=g","caption":"programacion"},"url":"https:\/\/daxel.mx\/blog\/author\/programacion\/"}]}},"jetpack_publicize_connections":[],"_links":{"self":[{"href":"https:\/\/daxel.mx\/blog\/wp-json\/wp\/v2\/posts\/424","targetHints":{"allow":["GET"]}}],"collection":[{"href":"https:\/\/daxel.mx\/blog\/wp-json\/wp\/v2\/posts"}],"about":[{"href":"https:\/\/daxel.mx\/blog\/wp-json\/wp\/v2\/types\/post"}],"author":[{"embeddable":true,"href":"https:\/\/daxel.mx\/blog\/wp-json\/wp\/v2\/users\/342"}],"replies":[{"embeddable":true,"href":"https:\/\/daxel.mx\/blog\/wp-json\/wp\/v2\/comments?post=424"}],"version-history":[{"count":2,"href":"https:\/\/daxel.mx\/blog\/wp-json\/wp\/v2\/posts\/424\/revisions"}],"predecessor-version":[{"id":498,"href":"https:\/\/daxel.mx\/blog\/wp-json\/wp\/v2\/posts\/424\/revisions\/498"}],"wp:featuredmedia":[{"embeddable":true,"href":"https:\/\/daxel.mx\/blog\/wp-json\/wp\/v2\/media\/339"}],"wp:attachment":[{"href":"https:\/\/daxel.mx\/blog\/wp-json\/wp\/v2\/media?parent=424"}],"wp:term":[{"taxonomy":"category","embeddable":true,"href":"https:\/\/daxel.mx\/blog\/wp-json\/wp\/v2\/categories?post=424"},{"taxonomy":"post_tag","embeddable":true,"href":"https:\/\/daxel.mx\/blog\/wp-json\/wp\/v2\/tags?post=424"}],"curies":[{"name":"wp","href":"https:\/\/api.w.org\/{rel}","templated":true}]}}