{"id":612,"date":"2023-07-15T10:16:30","date_gmt":"2023-07-15T16:16:30","guid":{"rendered":"https:\/\/daxel.mx\/blog\/?p=612"},"modified":"2023-07-08T10:20:36","modified_gmt":"2023-07-08T16:20:36","slug":"consejos-para-la-organizacion-y-decoracion-de-salas-de-conferencias","status":"publish","type":"post","link":"https:\/\/daxel.mx\/blog\/2023\/07\/15\/consejos-para-la-organizacion-y-decoracion-de-salas-de-conferencias\/","title":{"rendered":"Consejos para la organizaci\u00f3n y decoraci\u00f3n de salas de conferencias"},"content":{"rendered":"<p>Cuando se trata de planificar una conferencia exitosa, la organizaci\u00f3n y la decoraci\u00f3n de la sala de conferencias desempe\u00f1an un papel fundamental. Una sala de conferencias bien organizada y decorada no solo crea un ambiente profesional y agradable, sino que tambi\u00e9n puede mejorar la productividad y la experiencia de los asistentes. En este art\u00edculo, te brindaremos algunos consejos \u00fatiles para la <a href=\"https:\/\/daxel.mx\/reserva-de-salas.php\"><strong>reserva de salas<\/strong><\/a><strong>,<\/strong> la organizaci\u00f3n y decoraci\u00f3n de salas de conferencias que te ayudar\u00e1n a crear un espacio funcional y atractivo.<\/p>\n<h2><a href=\"https:\/\/daxel.mx\/reserva-de-salas.php\">Reserva de salas<\/a> efectiva<\/h2>\n<p>Antes que nada, una <a href=\"https:\/\/daxel.mx\/reserva-de-salas.php\"><strong>reserva de salas<\/strong><\/a> efectiva es esencial para garantizar un espacio funcional y que tus eventos y reuniones se lleven a cabo sin contratiempos. Para lograrlo, es importante tener en cuenta algunos <a href=\"https:\/\/daxel.mx\/blog\/2023\/05\/19\/como-optimizar-la-reserva-de-salas-para-juntas-en-tu-empresa\/\">consejos \u00fatiles<\/a>. En primer lugar, planifica con anticipaci\u00f3n y conoce tus necesidades espec\u00edficas en t\u00e9rminos de capacidad, equipamiento y ubicaci\u00f3n de la sala. Investiga las opciones disponibles y realiza la reserva con suficiente antelaci\u00f3n para asegurarte de que haya disponibilidad.<\/p>\n<p>Adem\u00e1s, comun\u00edcate claramente con el personal encargado de las reservas, proporcionando detalles precisos y claros sobre tu evento. Aseg\u00farate de confirmar la reserva y obtener una confirmaci\u00f3n por escrito. Por \u00faltimo, mant\u00e9n un seguimiento de las reservas y realiza ajustes o cancelaciones si es necesario. Una <a href=\"https:\/\/daxel.mx\/reserva-de-salas.php\"><strong>reserva de salas<\/strong><\/a> efectiva te permitir\u00e1 tener un espacio adecuado para tus eventos, ahorr\u00e1ndote tiempo y evitando inconvenientes<\/p>\n<h2>Maximiza el espacio disponible<\/h2>\n<p>Antes de comenzar a decorar la sala de conferencias, es esencial optimizar el espacio disponible. Considera el n\u00famero de asistentes esperados y la disposici\u00f3n de los muebles. Aseg\u00farate de que haya suficiente espacio para que las personas se desplacen c\u00f3modamente y que todos los asientos tengan una buena visibilidad. Si es posible, utiliza mesas y sillas plegables para facilitar la reconfiguraci\u00f3n seg\u00fan las necesidades de cada evento.<\/p>\n<h2>Iluminaci\u00f3n adecuada<\/h2>\n<p>La iluminaci\u00f3n desempe\u00f1a un papel crucial en una sala de conferencias. Opta por una combinaci\u00f3n de iluminaci\u00f3n natural y artificial. Las ventanas deben contar con cortinas o persianas que permitan regular la entrada de luz natural seg\u00fan sea necesario. Adem\u00e1s, utiliza luces de techo y l\u00e1mparas ajustables para crear un ambiente c\u00f3modo y funcional. Aseg\u00farate de que la iluminaci\u00f3n sea suficiente para que los participantes puedan leer y tomar notas sin esfuerzo.<\/p>\n<h2>Tecnolog\u00eda y equipos audiovisuales<\/h2>\n<p>Una sala de conferencias bien equipada tecnol\u00f3gicamente puede marcar la diferencia en la experiencia de los asistentes. Aseg\u00farate de que haya acceso a Internet de alta velocidad y que los equipos audiovisuales, como proyectores y pantallas, est\u00e9n en buen estado de funcionamiento. Adem\u00e1s, proporciona tomas de corriente accesibles para que los participantes puedan cargar sus dispositivos electr\u00f3nicos durante el evento.<\/p>\n<h2>Organizaci\u00f3n del mobiliario<\/h2>\n<p>El mobiliario debe estar organizado de manera estrat\u00e9gica para facilitar la comunicaci\u00f3n y la interacci\u00f3n entre los participantes. Coloca las sillas en filas o en forma de U para fomentar la participaci\u00f3n activa y el intercambio de ideas. Adem\u00e1s, utiliza mesas auxiliares o carritos rodantes para colocar materiales de apoyo, como folletos, bol\u00edgrafos y agua, al alcance de todos.<\/p>\n<h2>Decoraci\u00f3n acorde al tema y objetivo<\/h2>\n<p>La decoraci\u00f3n de la sala de conferencias debe reflejar el tema y el objetivo del evento. Utiliza colores neutros y tonos suaves para crear un ambiente relajante y profesional. Evita una decoraci\u00f3n excesiva que pueda distraer a los asistentes. A\u00f1ade elementos decorativos sencillos, como plantas o cuadros, para dar un toque de calidez y personalidad al espacio.<\/p>\n<h2>Espacios de descanso y networking<\/h2>\n<p>Considera la posibilidad de incluir \u00e1reas de descanso y networking fuera de la sala de conferencias principal. Estas \u00e1reas proporcionan un espacio adicional para que los participantes puedan relajarse, tomar un caf\u00e9 o interactuar entre ellos. Coloca muebles c\u00f3modos, como sof\u00e1s o sillas ergon\u00f3micas, y ofrece opciones de catering para facilitar el networking y la interacci\u00f3n informal.<\/p>\n<h2>Automatizaci\u00f3n de las salas<\/h2>\n<p>Una manera de mejorar la experiencia con las salas de conferencia es con sistemas de reserva de salas automatizados que permitan un mayor flujo de salas. En general, en D\u00e1xel somos expertos en crear espacios inteligentes que generen una experiencia audiovisual de excelencia y nos especializamos en <a href=\"https:\/\/daxel.mx\/diseno-de-domotica.php\"><strong>dise\u00f1o de dom\u00f3tica<\/strong><\/a>, es decir, en la <a href=\"https:\/\/daxel.mx\/blog\/2023\/06\/05\/reservas-inteligentes-como-la-automatizacion-optimiza-la-dinamica-en-las-empresas\/\">automatizaci\u00f3n<\/a> de espacios. Dentro de los dispositivos que ofrecemos, tenemos dispositivos especialmente pensados para una reserva de salas eficiente que permite organizar la din\u00e1mica de la oficina para que todos los colaboradores tengan acceso al sistema de salas y as\u00ed, est\u00e9n al tanto de los horarios y disponibilidad de las salas, evitando imprevistos.<\/p>\n<p>En general, la organizaci\u00f3n y decoraci\u00f3n adecuadas de una sala de conferencias son elementos clave para crear un entorno profesional y agradable que favorezca la productividad y la colaboraci\u00f3n. Empezando por una <a href=\"https:\/\/daxel.mx\/reserva-de-salas.php\"><strong>reserva de salas<\/strong><\/a> de reuniones eficiente, al maximizar el espacio, garantizar una iluminaci\u00f3n adecuada, proporcionar tecnolog\u00eda de calidad, organizar el mobiliario de manera estrat\u00e9gica, decorar acorde al objetivo del evento y automatizar la salas, podr\u00e1s crear un entorno ideal para conferencias exitosas. No subestimes el impacto que una sala de conferencias bien organizada y decorada puede tener en la experiencia de los participantes.<\/p>\n<p>Si gustas conocer m\u00e1s acerca de los productos y servicios que podemos ofrecer en D\u00e1xel, el mejor <a href=\"https:\/\/daxel.mx\/distribuidor-crestron-ciudad-de-mexico.php\"><strong>distribuidor Creston Ciudad de M\u00e9xico<\/strong><\/a> y Le\u00f3n, no dudes en ponerte en contacto con nosotros. Lo puedes hacer a trav\u00e9s del <u>tel\u00e9fono de nuestra oficina: 477 555 7200<\/u>. Tambi\u00e9n puedes comunicarte por medio de nuestro email: <a href=\"mailto:contacto@daxel.mx\">contacto<\/a><a href=\"mailto:contacto@daxel.mx\">@<\/a><a href=\"mailto:contacto@daxel.mx\">daxel.mx<\/a>. Tenemos sedes en Le\u00f3n, Celaya y el Valle de M\u00e9xico con cobertura en m\u00e1s de 20 ciudades. Recuerda que tenemos un proceso de servicio que te acompa\u00f1a desde el dise\u00f1o de tu proyecto hasta la puesta en marcha llave en mano.<\/p>\n","protected":false},"excerpt":{"rendered":"<p>Cuando se trata de planificar una conferencia exitosa, la organizaci\u00f3n y la decoraci\u00f3n de la sala de conferencias desempe\u00f1an un papel fundamental. Una sala de conferencias bien organizada y decorada no solo crea un ambiente profesional y agradable, sino que tambi\u00e9n puede mejorar la productividad y la experiencia de los asistentes. En este art\u00edculo, te&hellip; <br \/> <a class=\"read-more\" href=\"https:\/\/daxel.mx\/blog\/2023\/07\/15\/consejos-para-la-organizacion-y-decoracion-de-salas-de-conferencias\/\">Leer m\u00e1s<\/a><\/p>\n","protected":false},"author":342,"featured_media":236,"comment_status":"closed","ping_status":"closed","sticky":false,"template":"","format":"standard","meta":{"footnotes":"","jetpack_publicize_message":"","jetpack_publicize_feature_enabled":true,"jetpack_social_post_already_shared":true,"jetpack_social_options":{"image_generator_settings":{"template":"highway","default_image_id":0,"font":"","enabled":false},"version":2}},"categories":[37],"tags":[],"class_list":["post-612","post","type-post","status-publish","format-standard","has-post-thumbnail","hentry","category-blog"],"yoast_head":"<!-- This site is optimized with the Yoast SEO plugin v27.3 - https:\/\/yoast.com\/product\/yoast-seo-wordpress\/ -->\n<title>Consejos para la organizaci\u00f3n y decoraci\u00f3n de salas de conferencias<\/title>\n<meta name=\"description\" content=\"Conoce algunos consejos \u00fatiles para la reserva, la organizaci\u00f3n y la decoraci\u00f3n de salas de conferencias para crear un espacio funcional y atractivo\" \/>\n<meta name=\"robots\" content=\"index, follow, max-snippet:-1, max-image-preview:large, max-video-preview:-1\" \/>\n<link rel=\"canonical\" href=\"https:\/\/daxel.mx\/blog\/2023\/07\/15\/consejos-para-la-organizacion-y-decoracion-de-salas-de-conferencias\/\" \/>\n<meta property=\"og:locale\" content=\"es_MX\" \/>\n<meta property=\"og:type\" content=\"article\" \/>\n<meta property=\"og:title\" content=\"Consejos para la organizaci\u00f3n y decoraci\u00f3n de salas de conferencias\" \/>\n<meta property=\"og:description\" content=\"Conoce algunos consejos \u00fatiles para la reserva, la organizaci\u00f3n y la decoraci\u00f3n de salas de conferencias para crear un espacio funcional y atractivo\" \/>\n<meta property=\"og:url\" content=\"https:\/\/daxel.mx\/blog\/2023\/07\/15\/consejos-para-la-organizacion-y-decoracion-de-salas-de-conferencias\/\" \/>\n<meta property=\"og:site_name\" content=\"D\u00e1xel Blog\" \/>\n<meta property=\"article:publisher\" content=\"https:\/\/www.facebook.com\/DaxelDomoticaAudiovisual\/\" \/>\n<meta property=\"article:published_time\" content=\"2023-07-15T16:16:30+00:00\" \/>\n<meta property=\"og:image\" content=\"https:\/\/daxel.mx\/blog\/wp-content\/uploads\/2020\/09\/Imagen3-1024x348.png\" \/>\n\t<meta property=\"og:image:width\" content=\"1024\" \/>\n\t<meta property=\"og:image:height\" content=\"348\" \/>\n\t<meta property=\"og:image:type\" content=\"image\/png\" \/>\n<meta name=\"author\" content=\"programacion\" \/>\n<meta name=\"twitter:card\" content=\"summary_large_image\" \/>\n<meta name=\"twitter:label1\" content=\"Escrito por\" \/>\n\t<meta name=\"twitter:data1\" content=\"programacion\" \/>\n\t<meta name=\"twitter:label2\" content=\"Tiempo de lectura\" \/>\n\t<meta name=\"twitter:data2\" content=\"5 minutos\" \/>\n<script type=\"application\/ld+json\" class=\"yoast-schema-graph\">{\"@context\":\"https:\\\/\\\/schema.org\",\"@graph\":[{\"@type\":\"Article\",\"@id\":\"https:\\\/\\\/daxel.mx\\\/blog\\\/2023\\\/07\\\/15\\\/consejos-para-la-organizacion-y-decoracion-de-salas-de-conferencias\\\/#article\",\"isPartOf\":{\"@id\":\"https:\\\/\\\/daxel.mx\\\/blog\\\/2023\\\/07\\\/15\\\/consejos-para-la-organizacion-y-decoracion-de-salas-de-conferencias\\\/\"},\"author\":{\"name\":\"programacion\",\"@id\":\"https:\\\/\\\/daxel.mx\\\/blog\\\/#\\\/schema\\\/person\\\/da4f122a1134e8607516450127da9dfa\"},\"headline\":\"Consejos para la organizaci\u00f3n y decoraci\u00f3n de salas de conferencias\",\"datePublished\":\"2023-07-15T16:16:30+00:00\",\"mainEntityOfPage\":{\"@id\":\"https:\\\/\\\/daxel.mx\\\/blog\\\/2023\\\/07\\\/15\\\/consejos-para-la-organizacion-y-decoracion-de-salas-de-conferencias\\\/\"},\"wordCount\":1015,\"publisher\":{\"@id\":\"https:\\\/\\\/daxel.mx\\\/blog\\\/#organization\"},\"image\":{\"@id\":\"https:\\\/\\\/daxel.mx\\\/blog\\\/2023\\\/07\\\/15\\\/consejos-para-la-organizacion-y-decoracion-de-salas-de-conferencias\\\/#primaryimage\"},\"thumbnailUrl\":\"https:\\\/\\\/daxel.mx\\\/blog\\\/wp-content\\\/uploads\\\/2020\\\/09\\\/Imagen3.png\",\"articleSection\":[\"blog\"],\"inLanguage\":\"es\"},{\"@type\":\"WebPage\",\"@id\":\"https:\\\/\\\/daxel.mx\\\/blog\\\/2023\\\/07\\\/15\\\/consejos-para-la-organizacion-y-decoracion-de-salas-de-conferencias\\\/\",\"url\":\"https:\\\/\\\/daxel.mx\\\/blog\\\/2023\\\/07\\\/15\\\/consejos-para-la-organizacion-y-decoracion-de-salas-de-conferencias\\\/\",\"name\":\"Consejos para la organizaci\u00f3n y decoraci\u00f3n de salas de conferencias\",\"isPartOf\":{\"@id\":\"https:\\\/\\\/daxel.mx\\\/blog\\\/#website\"},\"primaryImageOfPage\":{\"@id\":\"https:\\\/\\\/daxel.mx\\\/blog\\\/2023\\\/07\\\/15\\\/consejos-para-la-organizacion-y-decoracion-de-salas-de-conferencias\\\/#primaryimage\"},\"image\":{\"@id\":\"https:\\\/\\\/daxel.mx\\\/blog\\\/2023\\\/07\\\/15\\\/consejos-para-la-organizacion-y-decoracion-de-salas-de-conferencias\\\/#primaryimage\"},\"thumbnailUrl\":\"https:\\\/\\\/daxel.mx\\\/blog\\\/wp-content\\\/uploads\\\/2020\\\/09\\\/Imagen3.png\",\"datePublished\":\"2023-07-15T16:16:30+00:00\",\"description\":\"Conoce algunos consejos \u00fatiles para la reserva, la organizaci\u00f3n y la decoraci\u00f3n de salas de conferencias para crear un espacio funcional y atractivo\",\"breadcrumb\":{\"@id\":\"https:\\\/\\\/daxel.mx\\\/blog\\\/2023\\\/07\\\/15\\\/consejos-para-la-organizacion-y-decoracion-de-salas-de-conferencias\\\/#breadcrumb\"},\"inLanguage\":\"es\",\"potentialAction\":[{\"@type\":\"ReadAction\",\"target\":[\"https:\\\/\\\/daxel.mx\\\/blog\\\/2023\\\/07\\\/15\\\/consejos-para-la-organizacion-y-decoracion-de-salas-de-conferencias\\\/\"]}]},{\"@type\":\"ImageObject\",\"inLanguage\":\"es\",\"@id\":\"https:\\\/\\\/daxel.mx\\\/blog\\\/2023\\\/07\\\/15\\\/consejos-para-la-organizacion-y-decoracion-de-salas-de-conferencias\\\/#primaryimage\",\"url\":\"https:\\\/\\\/daxel.mx\\\/blog\\\/wp-content\\\/uploads\\\/2020\\\/09\\\/Imagen3.png\",\"contentUrl\":\"https:\\\/\\\/daxel.mx\\\/blog\\\/wp-content\\\/uploads\\\/2020\\\/09\\\/Imagen3.png\",\"width\":1940,\"height\":660,\"caption\":\"Reserva de salas\"},{\"@type\":\"BreadcrumbList\",\"@id\":\"https:\\\/\\\/daxel.mx\\\/blog\\\/2023\\\/07\\\/15\\\/consejos-para-la-organizacion-y-decoracion-de-salas-de-conferencias\\\/#breadcrumb\",\"itemListElement\":[{\"@type\":\"ListItem\",\"position\":1,\"name\":\"Inicio\",\"item\":\"https:\\\/\\\/daxel.mx\\\/blog\\\/\"},{\"@type\":\"ListItem\",\"position\":2,\"name\":\"Consejos para la organizaci\u00f3n y decoraci\u00f3n de salas de conferencias\"}]},{\"@type\":\"WebSite\",\"@id\":\"https:\\\/\\\/daxel.mx\\\/blog\\\/#website\",\"url\":\"https:\\\/\\\/daxel.mx\\\/blog\\\/\",\"name\":\"D\u00e1xel Blog\",\"description\":\"Temas de Dom\u00f3tica Audiovisual\",\"publisher\":{\"@id\":\"https:\\\/\\\/daxel.mx\\\/blog\\\/#organization\"},\"potentialAction\":[{\"@type\":\"SearchAction\",\"target\":{\"@type\":\"EntryPoint\",\"urlTemplate\":\"https:\\\/\\\/daxel.mx\\\/blog\\\/?s={search_term_string}\"},\"query-input\":{\"@type\":\"PropertyValueSpecification\",\"valueRequired\":true,\"valueName\":\"search_term_string\"}}],\"inLanguage\":\"es\"},{\"@type\":\"Organization\",\"@id\":\"https:\\\/\\\/daxel.mx\\\/blog\\\/#organization\",\"name\":\"D\u00e1xel\",\"url\":\"https:\\\/\\\/daxel.mx\\\/blog\\\/\",\"logo\":{\"@type\":\"ImageObject\",\"inLanguage\":\"es\",\"@id\":\"https:\\\/\\\/daxel.mx\\\/blog\\\/#\\\/schema\\\/logo\\\/image\\\/\",\"url\":\"https:\\\/\\\/daxel.mx\\\/blog\\\/wp-content\\\/uploads\\\/2018\\\/01\\\/Horizontal-Gradiente.png\",\"contentUrl\":\"https:\\\/\\\/daxel.mx\\\/blog\\\/wp-content\\\/uploads\\\/2018\\\/01\\\/Horizontal-Gradiente.png\",\"width\":2748,\"height\":1152,\"caption\":\"D\u00e1xel\"},\"image\":{\"@id\":\"https:\\\/\\\/daxel.mx\\\/blog\\\/#\\\/schema\\\/logo\\\/image\\\/\"},\"sameAs\":[\"https:\\\/\\\/www.facebook.com\\\/DaxelDomoticaAudiovisual\\\/\",\"https:\\\/\\\/www.linkedin.com\\\/company\\\/d\u00e1xel\\\/\"]},{\"@type\":\"Person\",\"@id\":\"https:\\\/\\\/daxel.mx\\\/blog\\\/#\\\/schema\\\/person\\\/da4f122a1134e8607516450127da9dfa\",\"name\":\"programacion\",\"image\":{\"@type\":\"ImageObject\",\"inLanguage\":\"es\",\"@id\":\"https:\\\/\\\/secure.gravatar.com\\\/avatar\\\/9d3dfe9b12b7a0a3e2fb00f12839f14fd06d5319a3517c04f2fd4ba0024ec4f0?s=96&d=identicon&r=g\",\"url\":\"https:\\\/\\\/secure.gravatar.com\\\/avatar\\\/9d3dfe9b12b7a0a3e2fb00f12839f14fd06d5319a3517c04f2fd4ba0024ec4f0?s=96&d=identicon&r=g\",\"contentUrl\":\"https:\\\/\\\/secure.gravatar.com\\\/avatar\\\/9d3dfe9b12b7a0a3e2fb00f12839f14fd06d5319a3517c04f2fd4ba0024ec4f0?s=96&d=identicon&r=g\",\"caption\":\"programacion\"},\"url\":\"https:\\\/\\\/daxel.mx\\\/blog\\\/author\\\/programacion\\\/\"}]}<\/script>\n<!-- \/ Yoast SEO plugin. -->","yoast_head_json":{"title":"Consejos para la organizaci\u00f3n y decoraci\u00f3n de salas de conferencias","description":"Conoce algunos consejos \u00fatiles para la reserva, la organizaci\u00f3n y la decoraci\u00f3n de salas de conferencias para crear un espacio funcional y atractivo","robots":{"index":"index","follow":"follow","max-snippet":"max-snippet:-1","max-image-preview":"max-image-preview:large","max-video-preview":"max-video-preview:-1"},"canonical":"https:\/\/daxel.mx\/blog\/2023\/07\/15\/consejos-para-la-organizacion-y-decoracion-de-salas-de-conferencias\/","og_locale":"es_MX","og_type":"article","og_title":"Consejos para la organizaci\u00f3n y decoraci\u00f3n de salas de conferencias","og_description":"Conoce algunos consejos \u00fatiles para la reserva, la organizaci\u00f3n y la decoraci\u00f3n de salas de conferencias para crear un espacio funcional y atractivo","og_url":"https:\/\/daxel.mx\/blog\/2023\/07\/15\/consejos-para-la-organizacion-y-decoracion-de-salas-de-conferencias\/","og_site_name":"D\u00e1xel Blog","article_publisher":"https:\/\/www.facebook.com\/DaxelDomoticaAudiovisual\/","article_published_time":"2023-07-15T16:16:30+00:00","og_image":[{"width":1024,"height":348,"url":"https:\/\/daxel.mx\/blog\/wp-content\/uploads\/2020\/09\/Imagen3-1024x348.png","type":"image\/png"}],"author":"programacion","twitter_card":"summary_large_image","twitter_misc":{"Escrito por":"programacion","Tiempo de lectura":"5 minutos"},"schema":{"@context":"https:\/\/schema.org","@graph":[{"@type":"Article","@id":"https:\/\/daxel.mx\/blog\/2023\/07\/15\/consejos-para-la-organizacion-y-decoracion-de-salas-de-conferencias\/#article","isPartOf":{"@id":"https:\/\/daxel.mx\/blog\/2023\/07\/15\/consejos-para-la-organizacion-y-decoracion-de-salas-de-conferencias\/"},"author":{"name":"programacion","@id":"https:\/\/daxel.mx\/blog\/#\/schema\/person\/da4f122a1134e8607516450127da9dfa"},"headline":"Consejos para la organizaci\u00f3n y decoraci\u00f3n de salas de conferencias","datePublished":"2023-07-15T16:16:30+00:00","mainEntityOfPage":{"@id":"https:\/\/daxel.mx\/blog\/2023\/07\/15\/consejos-para-la-organizacion-y-decoracion-de-salas-de-conferencias\/"},"wordCount":1015,"publisher":{"@id":"https:\/\/daxel.mx\/blog\/#organization"},"image":{"@id":"https:\/\/daxel.mx\/blog\/2023\/07\/15\/consejos-para-la-organizacion-y-decoracion-de-salas-de-conferencias\/#primaryimage"},"thumbnailUrl":"https:\/\/daxel.mx\/blog\/wp-content\/uploads\/2020\/09\/Imagen3.png","articleSection":["blog"],"inLanguage":"es"},{"@type":"WebPage","@id":"https:\/\/daxel.mx\/blog\/2023\/07\/15\/consejos-para-la-organizacion-y-decoracion-de-salas-de-conferencias\/","url":"https:\/\/daxel.mx\/blog\/2023\/07\/15\/consejos-para-la-organizacion-y-decoracion-de-salas-de-conferencias\/","name":"Consejos para la organizaci\u00f3n y decoraci\u00f3n de salas de conferencias","isPartOf":{"@id":"https:\/\/daxel.mx\/blog\/#website"},"primaryImageOfPage":{"@id":"https:\/\/daxel.mx\/blog\/2023\/07\/15\/consejos-para-la-organizacion-y-decoracion-de-salas-de-conferencias\/#primaryimage"},"image":{"@id":"https:\/\/daxel.mx\/blog\/2023\/07\/15\/consejos-para-la-organizacion-y-decoracion-de-salas-de-conferencias\/#primaryimage"},"thumbnailUrl":"https:\/\/daxel.mx\/blog\/wp-content\/uploads\/2020\/09\/Imagen3.png","datePublished":"2023-07-15T16:16:30+00:00","description":"Conoce algunos consejos \u00fatiles para la reserva, la organizaci\u00f3n y la decoraci\u00f3n de salas de conferencias para crear un espacio funcional y atractivo","breadcrumb":{"@id":"https:\/\/daxel.mx\/blog\/2023\/07\/15\/consejos-para-la-organizacion-y-decoracion-de-salas-de-conferencias\/#breadcrumb"},"inLanguage":"es","potentialAction":[{"@type":"ReadAction","target":["https:\/\/daxel.mx\/blog\/2023\/07\/15\/consejos-para-la-organizacion-y-decoracion-de-salas-de-conferencias\/"]}]},{"@type":"ImageObject","inLanguage":"es","@id":"https:\/\/daxel.mx\/blog\/2023\/07\/15\/consejos-para-la-organizacion-y-decoracion-de-salas-de-conferencias\/#primaryimage","url":"https:\/\/daxel.mx\/blog\/wp-content\/uploads\/2020\/09\/Imagen3.png","contentUrl":"https:\/\/daxel.mx\/blog\/wp-content\/uploads\/2020\/09\/Imagen3.png","width":1940,"height":660,"caption":"Reserva de salas"},{"@type":"BreadcrumbList","@id":"https:\/\/daxel.mx\/blog\/2023\/07\/15\/consejos-para-la-organizacion-y-decoracion-de-salas-de-conferencias\/#breadcrumb","itemListElement":[{"@type":"ListItem","position":1,"name":"Inicio","item":"https:\/\/daxel.mx\/blog\/"},{"@type":"ListItem","position":2,"name":"Consejos para la organizaci\u00f3n y decoraci\u00f3n de salas de conferencias"}]},{"@type":"WebSite","@id":"https:\/\/daxel.mx\/blog\/#website","url":"https:\/\/daxel.mx\/blog\/","name":"D\u00e1xel Blog","description":"Temas de Dom\u00f3tica Audiovisual","publisher":{"@id":"https:\/\/daxel.mx\/blog\/#organization"},"potentialAction":[{"@type":"SearchAction","target":{"@type":"EntryPoint","urlTemplate":"https:\/\/daxel.mx\/blog\/?s={search_term_string}"},"query-input":{"@type":"PropertyValueSpecification","valueRequired":true,"valueName":"search_term_string"}}],"inLanguage":"es"},{"@type":"Organization","@id":"https:\/\/daxel.mx\/blog\/#organization","name":"D\u00e1xel","url":"https:\/\/daxel.mx\/blog\/","logo":{"@type":"ImageObject","inLanguage":"es","@id":"https:\/\/daxel.mx\/blog\/#\/schema\/logo\/image\/","url":"https:\/\/daxel.mx\/blog\/wp-content\/uploads\/2018\/01\/Horizontal-Gradiente.png","contentUrl":"https:\/\/daxel.mx\/blog\/wp-content\/uploads\/2018\/01\/Horizontal-Gradiente.png","width":2748,"height":1152,"caption":"D\u00e1xel"},"image":{"@id":"https:\/\/daxel.mx\/blog\/#\/schema\/logo\/image\/"},"sameAs":["https:\/\/www.facebook.com\/DaxelDomoticaAudiovisual\/","https:\/\/www.linkedin.com\/company\/d\u00e1xel\/"]},{"@type":"Person","@id":"https:\/\/daxel.mx\/blog\/#\/schema\/person\/da4f122a1134e8607516450127da9dfa","name":"programacion","image":{"@type":"ImageObject","inLanguage":"es","@id":"https:\/\/secure.gravatar.com\/avatar\/9d3dfe9b12b7a0a3e2fb00f12839f14fd06d5319a3517c04f2fd4ba0024ec4f0?s=96&d=identicon&r=g","url":"https:\/\/secure.gravatar.com\/avatar\/9d3dfe9b12b7a0a3e2fb00f12839f14fd06d5319a3517c04f2fd4ba0024ec4f0?s=96&d=identicon&r=g","contentUrl":"https:\/\/secure.gravatar.com\/avatar\/9d3dfe9b12b7a0a3e2fb00f12839f14fd06d5319a3517c04f2fd4ba0024ec4f0?s=96&d=identicon&r=g","caption":"programacion"},"url":"https:\/\/daxel.mx\/blog\/author\/programacion\/"}]}},"jetpack_publicize_connections":[],"_links":{"self":[{"href":"https:\/\/daxel.mx\/blog\/wp-json\/wp\/v2\/posts\/612","targetHints":{"allow":["GET"]}}],"collection":[{"href":"https:\/\/daxel.mx\/blog\/wp-json\/wp\/v2\/posts"}],"about":[{"href":"https:\/\/daxel.mx\/blog\/wp-json\/wp\/v2\/types\/post"}],"author":[{"embeddable":true,"href":"https:\/\/daxel.mx\/blog\/wp-json\/wp\/v2\/users\/342"}],"replies":[{"embeddable":true,"href":"https:\/\/daxel.mx\/blog\/wp-json\/wp\/v2\/comments?post=612"}],"version-history":[{"count":1,"href":"https:\/\/daxel.mx\/blog\/wp-json\/wp\/v2\/posts\/612\/revisions"}],"predecessor-version":[{"id":618,"href":"https:\/\/daxel.mx\/blog\/wp-json\/wp\/v2\/posts\/612\/revisions\/618"}],"wp:featuredmedia":[{"embeddable":true,"href":"https:\/\/daxel.mx\/blog\/wp-json\/wp\/v2\/media\/236"}],"wp:attachment":[{"href":"https:\/\/daxel.mx\/blog\/wp-json\/wp\/v2\/media?parent=612"}],"wp:term":[{"taxonomy":"category","embeddable":true,"href":"https:\/\/daxel.mx\/blog\/wp-json\/wp\/v2\/categories?post=612"},{"taxonomy":"post_tag","embeddable":true,"href":"https:\/\/daxel.mx\/blog\/wp-json\/wp\/v2\/tags?post=612"}],"curies":[{"name":"wp","href":"https:\/\/api.w.org\/{rel}","templated":true}]}}