{"id":653,"date":"2024-01-04T08:33:08","date_gmt":"2024-01-04T14:33:08","guid":{"rendered":"https:\/\/daxel.mx\/blog\/?p=653"},"modified":"2024-01-04T08:33:08","modified_gmt":"2024-01-04T14:33:08","slug":"senalizacion-digital-atencion-e-interes-del-publico","status":"publish","type":"post","link":"https:\/\/daxel.mx\/blog\/2024\/01\/04\/senalizacion-digital-atencion-e-interes-del-publico\/","title":{"rendered":"Se\u00f1alizaci\u00f3n digital: atenci\u00f3n e inter\u00e9s del p\u00fablico"},"content":{"rendered":"<p>Gracias a la llegada de la tecnolog\u00eda m\u00faltiples procesos han evolucionado a una forma mucho m\u00e1s digitalizada, interesante y atractiva. Un claro ejemplo de esto es la <a href=\"https:\/\/daxel.mx\/senalizacion-digital.php\"><strong>se\u00f1alizaci\u00f3n digital<\/strong><\/a><a href=\"https:\/\/daxel.mx\/senalizacion-digital.php\">,<\/a> la cu\u00e1l es implementada en diversos entornos debido a su eficiencia y funcionalidad al momento de atraer la atenci\u00f3n e inter\u00e9s del p\u00fablico. Mediante estos sistemas digitales es posible compartir informaci\u00f3n de relevancia de una manera mucho m\u00e1s gr\u00e1fica y efectiva. Por lo que hablamos de una alternativa a considerar s\u00ed se desea mantenerse a la vanguardia.<\/p>\n<p>Desde tiendas y centros comerciales, hasta en recepciones de grandes edificaciones d\u00f3nde se requiere un plano y descripci\u00f3n de cada piso y espacio. Este tipo de se\u00f1alizaci\u00f3n puede ser implementada con diversos prop\u00f3sitos. Por lo que conocer todo lo que puede ofrecer en cuesti\u00f3n de atenci\u00f3n e inter\u00e9s del p\u00fablico resulta muy relevante. D\u00e1xel les ense\u00f1ar\u00e1 todo lo que deben saber sobre este tema, en el siguiente art\u00edculo.<\/p>\n<h2>\u00bfC\u00f3mo funciona este tipo de se\u00f1alizaci\u00f3n?<\/h2>\n<p>La <a href=\"https:\/\/daxel.mx\/senalizacion-digital.php\"><strong>se\u00f1alizaci\u00f3n digital<\/strong><\/a> cuenta con diversos componentes base para un correcto funcionamiento. Entre \u00e9stos se encuentra una pantalla adaptada a cada deseo, un reproductor, un software y conexi\u00f3n a Internet. De esta manera, es posible comunicar informaci\u00f3n de relevancia sobre diversos temas, incluyendo promociones y publicidades de tiendas, centros comerciales y dem\u00e1s espacios comerciales. Resultan de mucha utilidad ya que son sumamente atractivas y dan una est\u00e9tica moderna que capta la atenci\u00f3n del p\u00fablico sin mayor problema.<\/p>\n<p>De igual forma, su implementaci\u00f3n puede ser con un prop\u00f3sito m\u00e1s informativo, c\u00f3mo en casos de cl\u00ednicas y hospitales d\u00f3nde se requiere un adecuado se\u00f1alamiento de la ubicaci\u00f3n de cada consultorio. Es importante mencionar qu\u00e9, al tratarse de un elemento innovador y de mucha relevancia en la actualidad, resulta recomendable adquirirlo de parte de empresas representativas que ofrezcan servicios relacionados c\u00f3mo la <a href=\"https:\/\/daxel.mx\/instalacion-videowall-leon.php\"><strong>instalaci\u00f3n videowall Le\u00f3n<\/strong><\/a>.<\/p>\n<p>S\u00f3lo de esta manera se podr\u00e1 asegurar la adquisici\u00f3n de un sistema de se\u00f1alizaci\u00f3n de alta calidad y un alto nivel de desempe\u00f1o y funcionalidad. Adem\u00e1s, tambi\u00e9n se podr\u00e1 contar con informaci\u00f3n de relevancia de parte de especialistas experimentados en el tema. Algo que resulta de mucha utilidad s\u00ed no se cuenta con mucho conocimiento sobre este tema. Las mejores empresas cuentan con todos los elementos necesarios para proporcionar se\u00f1alizaciones ideales a cualquier tipo de entorno que lo requiera, as\u00ed que siempre ser\u00e1n las m\u00e1s aconsejables.<\/p>\n<ul>\n<li>Aprovechamiento id\u00f3neo de la tecnolog\u00eda.<\/li>\n<li>Implementaci\u00f3n efectiva que capta la atenci\u00f3n e inter\u00e9s del p\u00fablico sin ning\u00fan tipo de problema.<\/li>\n<li>Excelente versatilidad y adaptabilidad para ser implementadas en diversos entornos.<\/li>\n<li>Comunicaci\u00f3n m\u00e1s efectiva mediante herramientas innovadoras.<\/li>\n<li>Alto nivel de desempe\u00f1o y funcionamiento.<\/li>\n<li>Reduce los costos operativos y el impacto ambiental.<\/li>\n<\/ul>\n<p>Estos son algunos de los beneficios m\u00e1s destacados de contar con se\u00f1alizaci\u00f3n digitalizada de parte de empresas especializadas y representativas en este campo. Gracias a la implementaci\u00f3n de estas modernas herramientas, incluso es posible llevar al siguiente nivel la <a href=\"https:\/\/daxel.mx\/automatizacion-salas-de-juntas.php\"><strong>automatizaci\u00f3n salas<\/strong><\/a><a href=\"https:\/\/daxel.mx\/automatizacion-salas-de-juntas.php\"><strong> de juntas<\/strong><\/a> adem\u00e1s de su est\u00e9tica y dise\u00f1o. Hablamos de una soluci\u00f3n sumamente eficiente cuando se trata de captar el inter\u00e9s de las personas, por lo que, sin lugar a dudas, se posiciona como una alternativa a considerar en todo momento.<\/p>\n<h3>Excelente variedad en cuanto a soluciones<\/h3>\n<p>S\u00ed bien resulta cierto que es posible hallar una excelente variedad de marcas, pantallas y otros componentes de manera pr\u00e1ctica, tambi\u00e9n es necesario prestar atenci\u00f3n a algunos aspectos de relevancia. Lo m\u00e1s recomendable al momento de adquirir este equipamiento es contar con la presencia de empresas representativas que garanticen el m\u00e1s alto nivel de calidad en sus productos y servicios de instalaci\u00f3n. S\u00f3lo de esta manera se podr\u00e1 garantizar un funcionamiento \u00f3ptimo y eficiente.<\/p>\n<h2>Soluciones modernas de se\u00f1alizaci\u00f3n con D\u00e1xel<\/h2>\n<p>Luego de repasar cada detalle de relevancia queda claro que la <a href=\"https:\/\/daxel.mx\/senalizacion-digital.php\"><strong>se\u00f1alizaci\u00f3n digital<\/strong><\/a> representa una soluci\u00f3n sumamente efectiva cuando de captar la atenci\u00f3n e inter\u00e9s del p\u00fablico se trata. Gracias a estos elementos tecnol\u00f3gicos es posible comunicar y compartir informaci\u00f3n de relevancia de una manera m\u00e1s atractiva, visual y clara de comprender. Por lo que hablamos de una alternativa a considerar en todo momento.<\/p>\n<p>D\u00e1xel deja a su disposici\u00f3n un amplio cat\u00e1logo de soluciones tecnol\u00f3gicas innovadoras con el objetivo de proporcionar todo lo que necesitan en sus empresas y comercios. Nuestro equipo de especialistas altamente experimentados y capacitados les ofrecer\u00e1 toda la informaci\u00f3n que necesitan para disipar cualquier tipo de duda.<\/p>\n<p>Nos posicionamos c\u00f3mo la mejor alternativa de la actualidad al garantizar la m\u00e1s alta calidad en cada producto y servicio. Sin mencionar que mantenemos una reputaci\u00f3n intachable con cada cliente a lo largo de nuestra destacada trayectoria.<\/p>\n<p>\u00bfQuieren obtener todos los beneficios que nuestros dispositivos de se\u00f1alizaci\u00f3n son capaces de ofrecer? Cont\u00e1ctenos a trav\u00e9s del correo electr\u00f3nico <a href=\"mailto:contacto@daxel.mx\">contacto@daxel.mx<\/a> o mediante la l\u00ednea telef\u00f3nica (477) 555 7200 y descubran todos los detalles que buscan.<\/p>\n","protected":false},"excerpt":{"rendered":"<p>Gracias a la llegada de la tecnolog\u00eda m\u00faltiples procesos han evolucionado a una forma mucho m\u00e1s digitalizada, interesante y atractiva. Un claro ejemplo de esto es la se\u00f1alizaci\u00f3n digital, la cu\u00e1l es implementada en diversos entornos debido a su eficiencia y funcionalidad al momento de atraer la atenci\u00f3n e inter\u00e9s del p\u00fablico. Mediante estos sistemas&hellip; <br \/> <a class=\"read-more\" href=\"https:\/\/daxel.mx\/blog\/2024\/01\/04\/senalizacion-digital-atencion-e-interes-del-publico\/\">Leer m\u00e1s<\/a><\/p>\n","protected":false},"author":342,"featured_media":214,"comment_status":"closed","ping_status":"closed","sticky":false,"template":"","format":"standard","meta":{"footnotes":"","jetpack_publicize_message":"","jetpack_publicize_feature_enabled":true,"jetpack_social_post_already_shared":true,"jetpack_social_options":{"image_generator_settings":{"template":"highway","default_image_id":0,"font":"","enabled":false},"version":2}},"categories":[37],"tags":[],"class_list":["post-653","post","type-post","status-publish","format-standard","has-post-thumbnail","hentry","category-blog"],"yoast_head":"<!-- This site is optimized with the Yoast SEO plugin v27.3 - https:\/\/yoast.com\/product\/yoast-seo-wordpress\/ -->\n<title>Se\u00f1alizaci\u00f3n digital: atenci\u00f3n e inter\u00e9s del p\u00fablico<\/title>\n<meta name=\"description\" content=\"Descubran c\u00f3mo la implementaci\u00f3n de se\u00f1alizaci\u00f3n digital atrae la atenci\u00f3n del p\u00fablico de manera notable\" \/>\n<meta name=\"robots\" content=\"index, follow, max-snippet:-1, max-image-preview:large, max-video-preview:-1\" \/>\n<link rel=\"canonical\" href=\"https:\/\/daxel.mx\/blog\/2024\/01\/04\/senalizacion-digital-atencion-e-interes-del-publico\/\" \/>\n<meta property=\"og:locale\" content=\"es_MX\" \/>\n<meta property=\"og:type\" content=\"article\" \/>\n<meta property=\"og:title\" content=\"Se\u00f1alizaci\u00f3n digital: atenci\u00f3n e inter\u00e9s del p\u00fablico\" \/>\n<meta property=\"og:description\" content=\"Descubran c\u00f3mo la implementaci\u00f3n de se\u00f1alizaci\u00f3n digital atrae la atenci\u00f3n del p\u00fablico de manera notable\" \/>\n<meta property=\"og:url\" content=\"https:\/\/daxel.mx\/blog\/2024\/01\/04\/senalizacion-digital-atencion-e-interes-del-publico\/\" \/>\n<meta property=\"og:site_name\" content=\"D\u00e1xel Blog\" \/>\n<meta property=\"article:publisher\" content=\"https:\/\/www.facebook.com\/DaxelDomoticaAudiovisual\/\" \/>\n<meta property=\"article:published_time\" content=\"2024-01-04T14:33:08+00:00\" \/>\n<meta property=\"og:image\" content=\"https:\/\/daxel.mx\/blog\/wp-content\/uploads\/2020\/08\/images.jpg\" \/>\n\t<meta property=\"og:image:width\" content=\"300\" \/>\n\t<meta property=\"og:image:height\" content=\"168\" \/>\n\t<meta property=\"og:image:type\" content=\"image\/jpeg\" \/>\n<meta name=\"author\" content=\"programacion\" \/>\n<meta name=\"twitter:card\" content=\"summary_large_image\" \/>\n<meta name=\"twitter:label1\" content=\"Escrito por\" \/>\n\t<meta name=\"twitter:data1\" content=\"programacion\" \/>\n\t<meta name=\"twitter:label2\" content=\"Tiempo de lectura\" \/>\n\t<meta name=\"twitter:data2\" content=\"4 minutos\" \/>\n<script type=\"application\/ld+json\" class=\"yoast-schema-graph\">{\"@context\":\"https:\\\/\\\/schema.org\",\"@graph\":[{\"@type\":\"Article\",\"@id\":\"https:\\\/\\\/daxel.mx\\\/blog\\\/2024\\\/01\\\/04\\\/senalizacion-digital-atencion-e-interes-del-publico\\\/#article\",\"isPartOf\":{\"@id\":\"https:\\\/\\\/daxel.mx\\\/blog\\\/2024\\\/01\\\/04\\\/senalizacion-digital-atencion-e-interes-del-publico\\\/\"},\"author\":{\"name\":\"programacion\",\"@id\":\"https:\\\/\\\/daxel.mx\\\/blog\\\/#\\\/schema\\\/person\\\/da4f122a1134e8607516450127da9dfa\"},\"headline\":\"Se\u00f1alizaci\u00f3n digital: atenci\u00f3n e inter\u00e9s del p\u00fablico\",\"datePublished\":\"2024-01-04T14:33:08+00:00\",\"mainEntityOfPage\":{\"@id\":\"https:\\\/\\\/daxel.mx\\\/blog\\\/2024\\\/01\\\/04\\\/senalizacion-digital-atencion-e-interes-del-publico\\\/\"},\"wordCount\":912,\"publisher\":{\"@id\":\"https:\\\/\\\/daxel.mx\\\/blog\\\/#organization\"},\"image\":{\"@id\":\"https:\\\/\\\/daxel.mx\\\/blog\\\/2024\\\/01\\\/04\\\/senalizacion-digital-atencion-e-interes-del-publico\\\/#primaryimage\"},\"thumbnailUrl\":\"https:\\\/\\\/daxel.mx\\\/blog\\\/wp-content\\\/uploads\\\/2020\\\/08\\\/images.jpg\",\"articleSection\":[\"blog\"],\"inLanguage\":\"es\"},{\"@type\":\"WebPage\",\"@id\":\"https:\\\/\\\/daxel.mx\\\/blog\\\/2024\\\/01\\\/04\\\/senalizacion-digital-atencion-e-interes-del-publico\\\/\",\"url\":\"https:\\\/\\\/daxel.mx\\\/blog\\\/2024\\\/01\\\/04\\\/senalizacion-digital-atencion-e-interes-del-publico\\\/\",\"name\":\"Se\u00f1alizaci\u00f3n digital: atenci\u00f3n e inter\u00e9s del p\u00fablico\",\"isPartOf\":{\"@id\":\"https:\\\/\\\/daxel.mx\\\/blog\\\/#website\"},\"primaryImageOfPage\":{\"@id\":\"https:\\\/\\\/daxel.mx\\\/blog\\\/2024\\\/01\\\/04\\\/senalizacion-digital-atencion-e-interes-del-publico\\\/#primaryimage\"},\"image\":{\"@id\":\"https:\\\/\\\/daxel.mx\\\/blog\\\/2024\\\/01\\\/04\\\/senalizacion-digital-atencion-e-interes-del-publico\\\/#primaryimage\"},\"thumbnailUrl\":\"https:\\\/\\\/daxel.mx\\\/blog\\\/wp-content\\\/uploads\\\/2020\\\/08\\\/images.jpg\",\"datePublished\":\"2024-01-04T14:33:08+00:00\",\"description\":\"Descubran c\u00f3mo la implementaci\u00f3n de se\u00f1alizaci\u00f3n digital atrae la atenci\u00f3n del p\u00fablico de manera notable\",\"breadcrumb\":{\"@id\":\"https:\\\/\\\/daxel.mx\\\/blog\\\/2024\\\/01\\\/04\\\/senalizacion-digital-atencion-e-interes-del-publico\\\/#breadcrumb\"},\"inLanguage\":\"es\",\"potentialAction\":[{\"@type\":\"ReadAction\",\"target\":[\"https:\\\/\\\/daxel.mx\\\/blog\\\/2024\\\/01\\\/04\\\/senalizacion-digital-atencion-e-interes-del-publico\\\/\"]}]},{\"@type\":\"ImageObject\",\"inLanguage\":\"es\",\"@id\":\"https:\\\/\\\/daxel.mx\\\/blog\\\/2024\\\/01\\\/04\\\/senalizacion-digital-atencion-e-interes-del-publico\\\/#primaryimage\",\"url\":\"https:\\\/\\\/daxel.mx\\\/blog\\\/wp-content\\\/uploads\\\/2020\\\/08\\\/images.jpg\",\"contentUrl\":\"https:\\\/\\\/daxel.mx\\\/blog\\\/wp-content\\\/uploads\\\/2020\\\/08\\\/images.jpg\",\"width\":300,\"height\":168,\"caption\":\"Se\u00f1alizaci\u00f3n digital\"},{\"@type\":\"BreadcrumbList\",\"@id\":\"https:\\\/\\\/daxel.mx\\\/blog\\\/2024\\\/01\\\/04\\\/senalizacion-digital-atencion-e-interes-del-publico\\\/#breadcrumb\",\"itemListElement\":[{\"@type\":\"ListItem\",\"position\":1,\"name\":\"Inicio\",\"item\":\"https:\\\/\\\/daxel.mx\\\/blog\\\/\"},{\"@type\":\"ListItem\",\"position\":2,\"name\":\"Se\u00f1alizaci\u00f3n digital: atenci\u00f3n e inter\u00e9s del p\u00fablico\"}]},{\"@type\":\"WebSite\",\"@id\":\"https:\\\/\\\/daxel.mx\\\/blog\\\/#website\",\"url\":\"https:\\\/\\\/daxel.mx\\\/blog\\\/\",\"name\":\"D\u00e1xel Blog\",\"description\":\"Temas de Dom\u00f3tica Audiovisual\",\"publisher\":{\"@id\":\"https:\\\/\\\/daxel.mx\\\/blog\\\/#organization\"},\"potentialAction\":[{\"@type\":\"SearchAction\",\"target\":{\"@type\":\"EntryPoint\",\"urlTemplate\":\"https:\\\/\\\/daxel.mx\\\/blog\\\/?s={search_term_string}\"},\"query-input\":{\"@type\":\"PropertyValueSpecification\",\"valueRequired\":true,\"valueName\":\"search_term_string\"}}],\"inLanguage\":\"es\"},{\"@type\":\"Organization\",\"@id\":\"https:\\\/\\\/daxel.mx\\\/blog\\\/#organization\",\"name\":\"D\u00e1xel\",\"url\":\"https:\\\/\\\/daxel.mx\\\/blog\\\/\",\"logo\":{\"@type\":\"ImageObject\",\"inLanguage\":\"es\",\"@id\":\"https:\\\/\\\/daxel.mx\\\/blog\\\/#\\\/schema\\\/logo\\\/image\\\/\",\"url\":\"https:\\\/\\\/daxel.mx\\\/blog\\\/wp-content\\\/uploads\\\/2018\\\/01\\\/Horizontal-Gradiente.png\",\"contentUrl\":\"https:\\\/\\\/daxel.mx\\\/blog\\\/wp-content\\\/uploads\\\/2018\\\/01\\\/Horizontal-Gradiente.png\",\"width\":2748,\"height\":1152,\"caption\":\"D\u00e1xel\"},\"image\":{\"@id\":\"https:\\\/\\\/daxel.mx\\\/blog\\\/#\\\/schema\\\/logo\\\/image\\\/\"},\"sameAs\":[\"https:\\\/\\\/www.facebook.com\\\/DaxelDomoticaAudiovisual\\\/\",\"https:\\\/\\\/www.linkedin.com\\\/company\\\/d\u00e1xel\\\/\"]},{\"@type\":\"Person\",\"@id\":\"https:\\\/\\\/daxel.mx\\\/blog\\\/#\\\/schema\\\/person\\\/da4f122a1134e8607516450127da9dfa\",\"name\":\"programacion\",\"image\":{\"@type\":\"ImageObject\",\"inLanguage\":\"es\",\"@id\":\"https:\\\/\\\/secure.gravatar.com\\\/avatar\\\/9d3dfe9b12b7a0a3e2fb00f12839f14fd06d5319a3517c04f2fd4ba0024ec4f0?s=96&d=identicon&r=g\",\"url\":\"https:\\\/\\\/secure.gravatar.com\\\/avatar\\\/9d3dfe9b12b7a0a3e2fb00f12839f14fd06d5319a3517c04f2fd4ba0024ec4f0?s=96&d=identicon&r=g\",\"contentUrl\":\"https:\\\/\\\/secure.gravatar.com\\\/avatar\\\/9d3dfe9b12b7a0a3e2fb00f12839f14fd06d5319a3517c04f2fd4ba0024ec4f0?s=96&d=identicon&r=g\",\"caption\":\"programacion\"},\"url\":\"https:\\\/\\\/daxel.mx\\\/blog\\\/author\\\/programacion\\\/\"}]}<\/script>\n<!-- \/ Yoast SEO plugin. -->","yoast_head_json":{"title":"Se\u00f1alizaci\u00f3n digital: atenci\u00f3n e inter\u00e9s del p\u00fablico","description":"Descubran c\u00f3mo la implementaci\u00f3n de se\u00f1alizaci\u00f3n digital atrae la atenci\u00f3n del p\u00fablico de manera notable","robots":{"index":"index","follow":"follow","max-snippet":"max-snippet:-1","max-image-preview":"max-image-preview:large","max-video-preview":"max-video-preview:-1"},"canonical":"https:\/\/daxel.mx\/blog\/2024\/01\/04\/senalizacion-digital-atencion-e-interes-del-publico\/","og_locale":"es_MX","og_type":"article","og_title":"Se\u00f1alizaci\u00f3n digital: atenci\u00f3n e inter\u00e9s del p\u00fablico","og_description":"Descubran c\u00f3mo la implementaci\u00f3n de se\u00f1alizaci\u00f3n digital atrae la atenci\u00f3n del p\u00fablico de manera notable","og_url":"https:\/\/daxel.mx\/blog\/2024\/01\/04\/senalizacion-digital-atencion-e-interes-del-publico\/","og_site_name":"D\u00e1xel Blog","article_publisher":"https:\/\/www.facebook.com\/DaxelDomoticaAudiovisual\/","article_published_time":"2024-01-04T14:33:08+00:00","og_image":[{"width":300,"height":168,"url":"https:\/\/daxel.mx\/blog\/wp-content\/uploads\/2020\/08\/images.jpg","type":"image\/jpeg"}],"author":"programacion","twitter_card":"summary_large_image","twitter_misc":{"Escrito por":"programacion","Tiempo de lectura":"4 minutos"},"schema":{"@context":"https:\/\/schema.org","@graph":[{"@type":"Article","@id":"https:\/\/daxel.mx\/blog\/2024\/01\/04\/senalizacion-digital-atencion-e-interes-del-publico\/#article","isPartOf":{"@id":"https:\/\/daxel.mx\/blog\/2024\/01\/04\/senalizacion-digital-atencion-e-interes-del-publico\/"},"author":{"name":"programacion","@id":"https:\/\/daxel.mx\/blog\/#\/schema\/person\/da4f122a1134e8607516450127da9dfa"},"headline":"Se\u00f1alizaci\u00f3n digital: atenci\u00f3n e inter\u00e9s del p\u00fablico","datePublished":"2024-01-04T14:33:08+00:00","mainEntityOfPage":{"@id":"https:\/\/daxel.mx\/blog\/2024\/01\/04\/senalizacion-digital-atencion-e-interes-del-publico\/"},"wordCount":912,"publisher":{"@id":"https:\/\/daxel.mx\/blog\/#organization"},"image":{"@id":"https:\/\/daxel.mx\/blog\/2024\/01\/04\/senalizacion-digital-atencion-e-interes-del-publico\/#primaryimage"},"thumbnailUrl":"https:\/\/daxel.mx\/blog\/wp-content\/uploads\/2020\/08\/images.jpg","articleSection":["blog"],"inLanguage":"es"},{"@type":"WebPage","@id":"https:\/\/daxel.mx\/blog\/2024\/01\/04\/senalizacion-digital-atencion-e-interes-del-publico\/","url":"https:\/\/daxel.mx\/blog\/2024\/01\/04\/senalizacion-digital-atencion-e-interes-del-publico\/","name":"Se\u00f1alizaci\u00f3n digital: atenci\u00f3n e inter\u00e9s del p\u00fablico","isPartOf":{"@id":"https:\/\/daxel.mx\/blog\/#website"},"primaryImageOfPage":{"@id":"https:\/\/daxel.mx\/blog\/2024\/01\/04\/senalizacion-digital-atencion-e-interes-del-publico\/#primaryimage"},"image":{"@id":"https:\/\/daxel.mx\/blog\/2024\/01\/04\/senalizacion-digital-atencion-e-interes-del-publico\/#primaryimage"},"thumbnailUrl":"https:\/\/daxel.mx\/blog\/wp-content\/uploads\/2020\/08\/images.jpg","datePublished":"2024-01-04T14:33:08+00:00","description":"Descubran c\u00f3mo la implementaci\u00f3n de se\u00f1alizaci\u00f3n digital atrae la atenci\u00f3n del p\u00fablico de manera notable","breadcrumb":{"@id":"https:\/\/daxel.mx\/blog\/2024\/01\/04\/senalizacion-digital-atencion-e-interes-del-publico\/#breadcrumb"},"inLanguage":"es","potentialAction":[{"@type":"ReadAction","target":["https:\/\/daxel.mx\/blog\/2024\/01\/04\/senalizacion-digital-atencion-e-interes-del-publico\/"]}]},{"@type":"ImageObject","inLanguage":"es","@id":"https:\/\/daxel.mx\/blog\/2024\/01\/04\/senalizacion-digital-atencion-e-interes-del-publico\/#primaryimage","url":"https:\/\/daxel.mx\/blog\/wp-content\/uploads\/2020\/08\/images.jpg","contentUrl":"https:\/\/daxel.mx\/blog\/wp-content\/uploads\/2020\/08\/images.jpg","width":300,"height":168,"caption":"Se\u00f1alizaci\u00f3n digital"},{"@type":"BreadcrumbList","@id":"https:\/\/daxel.mx\/blog\/2024\/01\/04\/senalizacion-digital-atencion-e-interes-del-publico\/#breadcrumb","itemListElement":[{"@type":"ListItem","position":1,"name":"Inicio","item":"https:\/\/daxel.mx\/blog\/"},{"@type":"ListItem","position":2,"name":"Se\u00f1alizaci\u00f3n digital: atenci\u00f3n e inter\u00e9s del p\u00fablico"}]},{"@type":"WebSite","@id":"https:\/\/daxel.mx\/blog\/#website","url":"https:\/\/daxel.mx\/blog\/","name":"D\u00e1xel Blog","description":"Temas de Dom\u00f3tica Audiovisual","publisher":{"@id":"https:\/\/daxel.mx\/blog\/#organization"},"potentialAction":[{"@type":"SearchAction","target":{"@type":"EntryPoint","urlTemplate":"https:\/\/daxel.mx\/blog\/?s={search_term_string}"},"query-input":{"@type":"PropertyValueSpecification","valueRequired":true,"valueName":"search_term_string"}}],"inLanguage":"es"},{"@type":"Organization","@id":"https:\/\/daxel.mx\/blog\/#organization","name":"D\u00e1xel","url":"https:\/\/daxel.mx\/blog\/","logo":{"@type":"ImageObject","inLanguage":"es","@id":"https:\/\/daxel.mx\/blog\/#\/schema\/logo\/image\/","url":"https:\/\/daxel.mx\/blog\/wp-content\/uploads\/2018\/01\/Horizontal-Gradiente.png","contentUrl":"https:\/\/daxel.mx\/blog\/wp-content\/uploads\/2018\/01\/Horizontal-Gradiente.png","width":2748,"height":1152,"caption":"D\u00e1xel"},"image":{"@id":"https:\/\/daxel.mx\/blog\/#\/schema\/logo\/image\/"},"sameAs":["https:\/\/www.facebook.com\/DaxelDomoticaAudiovisual\/","https:\/\/www.linkedin.com\/company\/d\u00e1xel\/"]},{"@type":"Person","@id":"https:\/\/daxel.mx\/blog\/#\/schema\/person\/da4f122a1134e8607516450127da9dfa","name":"programacion","image":{"@type":"ImageObject","inLanguage":"es","@id":"https:\/\/secure.gravatar.com\/avatar\/9d3dfe9b12b7a0a3e2fb00f12839f14fd06d5319a3517c04f2fd4ba0024ec4f0?s=96&d=identicon&r=g","url":"https:\/\/secure.gravatar.com\/avatar\/9d3dfe9b12b7a0a3e2fb00f12839f14fd06d5319a3517c04f2fd4ba0024ec4f0?s=96&d=identicon&r=g","contentUrl":"https:\/\/secure.gravatar.com\/avatar\/9d3dfe9b12b7a0a3e2fb00f12839f14fd06d5319a3517c04f2fd4ba0024ec4f0?s=96&d=identicon&r=g","caption":"programacion"},"url":"https:\/\/daxel.mx\/blog\/author\/programacion\/"}]}},"jetpack_publicize_connections":[],"_links":{"self":[{"href":"https:\/\/daxel.mx\/blog\/wp-json\/wp\/v2\/posts\/653","targetHints":{"allow":["GET"]}}],"collection":[{"href":"https:\/\/daxel.mx\/blog\/wp-json\/wp\/v2\/posts"}],"about":[{"href":"https:\/\/daxel.mx\/blog\/wp-json\/wp\/v2\/types\/post"}],"author":[{"embeddable":true,"href":"https:\/\/daxel.mx\/blog\/wp-json\/wp\/v2\/users\/342"}],"replies":[{"embeddable":true,"href":"https:\/\/daxel.mx\/blog\/wp-json\/wp\/v2\/comments?post=653"}],"version-history":[{"count":1,"href":"https:\/\/daxel.mx\/blog\/wp-json\/wp\/v2\/posts\/653\/revisions"}],"predecessor-version":[{"id":656,"href":"https:\/\/daxel.mx\/blog\/wp-json\/wp\/v2\/posts\/653\/revisions\/656"}],"wp:featuredmedia":[{"embeddable":true,"href":"https:\/\/daxel.mx\/blog\/wp-json\/wp\/v2\/media\/214"}],"wp:attachment":[{"href":"https:\/\/daxel.mx\/blog\/wp-json\/wp\/v2\/media?parent=653"}],"wp:term":[{"taxonomy":"category","embeddable":true,"href":"https:\/\/daxel.mx\/blog\/wp-json\/wp\/v2\/categories?post=653"},{"taxonomy":"post_tag","embeddable":true,"href":"https:\/\/daxel.mx\/blog\/wp-json\/wp\/v2\/tags?post=653"}],"curies":[{"name":"wp","href":"https:\/\/api.w.org\/{rel}","templated":true}]}}