{"id":691,"date":"2024-05-08T10:26:54","date_gmt":"2024-05-08T16:26:54","guid":{"rendered":"https:\/\/daxel.mx\/blog\/?p=691"},"modified":"2024-04-30T15:16:05","modified_gmt":"2024-04-30T21:16:05","slug":"organizando-la-dinamica-de-las-oficinas-con-los-sistemas-de-reserva-de-salas","status":"publish","type":"post","link":"https:\/\/daxel.mx\/blog\/2024\/05\/08\/organizando-la-dinamica-de-las-oficinas-con-los-sistemas-de-reserva-de-salas\/","title":{"rendered":"Organizando la din\u00e1mica de las oficinas con los sistemas de reserva de salas"},"content":{"rendered":"<p>Gracias a la llegada de la tecnolog\u00eda y las plataformas de videoconferencias es posible contar con un extenso repertorio de herramientas que optimizan las reuniones del trabajo y las llamadas por v\u00eddeo en general. Sin embargo, en las oficinas y espacios laborales resulta muy com\u00fan que sucedan interrupciones, toparse con salas llenas y contar una organizaci\u00f3n limitada para aprovechar este tipo de espacio de manera adecuada. Es por esto que los dispositivos de <a href=\"https:\/\/daxel.mx\/reserva-de-salas.php\"><strong>reserva de salas<\/strong><\/a> se han ido posicionando como la mejor alternativa a tener en cuenta para solucionar este tipo de contratiempos.<\/p>\n<p>Estos son dispositivos altamente innovadores, modernos y confiables que permiten contar con un mayor nivel de control y organizaci\u00f3n para aprovechar cada sala de conferencia de la mejor manera posible. Generalmente se instala la pantalla t\u00e1ctil del dispositivo fuera de la sala de juntas para que cualquier colaborador pueda seleccionar horas, d\u00edas y meses para reservar la disponibilidad del lugar. As\u00ed que hablamos de un dispositivo notablemente pr\u00e1ctico, eficiente y sencillo de aprovechar. En D\u00e1xel les ense\u00f1aremos todo lo que deben saber sobre este tema, a continuaci\u00f3n.<\/p>\n<h2>Mayor nivel de organizaci\u00f3n para las juntas en oficinas<\/h2>\n<p>Como bien dijimos antes, los dispositivos de <a href=\"https:\/\/daxel.mx\/reserva-de-salas.php\"><strong>reserva de salas<\/strong><\/a> representan una soluci\u00f3n sumamente innovadora y eficiente que proporciona un mayor nivel de organizaci\u00f3n en oficinas y espacios laborales. Desde la llegada de la tecnolog\u00eda y las plataformas para videoconferencias es posible contar con un extenso repertorio de herramientas y beneficios que contribuyen a una excelente comunicaci\u00f3n. Esto resulta muy beneficioso para los negocios y empresas pues pueden obtener un mayor alcance y mantener relaciones de importancia de manera sencilla y sin complicaciones.<\/p>\n<p>Sin embargo, las interrupciones, retrasos y las salas ocupadas son otras de las situaciones problem\u00e1ticas que demandan una soluci\u00f3n. Es aqu\u00ed donde estos dispositivos para reserva cobran un nivel de importancia incomparable. Gracias a ellos es posible evitar las interrupciones en juntas administrativas y directivas al mismo tiempo que se proporciona un mayor nivel de organizaci\u00f3n a la din\u00e1mica de la oficina.<\/p>\n<p>Al igual que la <a href=\"https:\/\/daxel.mx\/pantalla-tactil-para-controlar-videoconferencia.php\"><strong>pantalla t\u00e1ctil para controlar videoconferencia<\/strong><\/a> este dispositivo permite obtener un mayor nivel de control sobre el uso y aprovechamiento de las salas. De esta forma es posible garantizar reuniones eficientes, una organizaci\u00f3n mucho m\u00e1s adecuada y la posibilidad de reservar las salas de manera precisa y muy r\u00e1pida. Se trata de una verdadera soluci\u00f3n a considerar para oficinas concurridas y empresas que requieren optimizar este tipo de actividades y din\u00e1micas.<\/p>\n<h3>Dispositivos de reserva confiables y funcionales<\/h3>\n<p>Los dispositivos de reserva representan un elemento innovador cuyo funcionamiento resulta pr\u00e1ctico y confiable. Mediante una adecuada configuraci\u00f3n y reserva de d\u00edas ser\u00e1 posible programar conferencias de forma sencilla. Ahora bien, resulta recomendable adquirir estos dispositivos y otros similares como la <a href=\"https:\/\/daxel.mx\/camara-para-videoconferencia.php\"><strong>c\u00e1mara para videoconferencia<\/strong><\/a> de parte de empresas representativas y responsables.<\/p>\n<p>Solo de esta manera se podr\u00e1 garantizar la compra de un dispositivo de alta calidad, resistente y realmente adaptado a las necesidades de los espacios laborales de la actualidad. Todo esto sin mencionar que tambi\u00e9n se podr\u00e1 contar con la asesor\u00eda e informaci\u00f3n confiable de especialistas experimentados para un m\u00e1ximo aprovechamiento del dispositivo de reserva. Algo que resulta de mucha utilidad s\u00ed no se cuenta con mucho conocimiento relacionado a este tema.<\/p>\n<h2>D\u00e1xel y sus soluciones tecnol\u00f3gicas para oficinas y espacios de trabajo<\/h2>\n<p>Los dispositivos de <a href=\"https:\/\/daxel.mx\/reserva-de-salas.php\"><strong>reserva de salas<\/strong><\/a>, sin ning\u00fan tipo de duda, se posicionan como la mejor alternativa para mantener un alto nivel de organizaci\u00f3n en espacios de trabajo en todo momento. Gracias a su pr\u00e1ctico y sencillo funcionamiento es posible realizar reservas de manera espec\u00edfica para garantizar una junta fluida y sin interrupciones. Estamos hablando de una soluci\u00f3n para los espacios laborales modernos que buscan mantener un nivel de productividad en su d\u00eda a d\u00eda. Por lo que se trata de una alternativa a tener en mente en todo momento.<\/p>\n<p>D\u00e1xel deja a su disposici\u00f3n un amplio cat\u00e1logo de soluciones tecnol\u00f3gicas innovadoras con el objetivo de proporcionar todo lo que necesitan en sus empresas y negocios. Nuestro equipo de especialistas altamente experimentados y capacitados les ofrecer\u00e1 toda la informaci\u00f3n que necesitan para disipar cualquier tipo de duda.<\/p>\n<p>Somos una empresa representativa, responsable y experimentada que garantiza productos y servicios de la m\u00e1s alta calidad. Todo esto sin mencionar que mantenemos una reputaci\u00f3n intachable con cada cliente a lo largo de nuestra destacada trayectoria.<\/p>\n<p>\u00bfQuieren obtener todos los beneficios que nuestros dispositivos de reserva de alta calidad son capaces de ofrecer? Pueden comunicarse con nosotros a trav\u00e9s del correo electr\u00f3nico <a href=\"mailto:contacto@daxel.mx\">contacto@daxel.mx<\/a> o mediante la l\u00ednea telef\u00f3nica (477) 555 7200 para descubrir todos los detalles que buscan.<\/p>\n","protected":false},"excerpt":{"rendered":"<p>Gracias a la llegada de la tecnolog\u00eda y las plataformas de videoconferencias es posible contar con un extenso repertorio de herramientas que optimizan las reuniones del trabajo y las llamadas por v\u00eddeo en general. Sin embargo, en las oficinas y espacios laborales resulta muy com\u00fan que sucedan interrupciones, toparse con salas llenas y contar una&hellip; <br \/> <a class=\"read-more\" href=\"https:\/\/daxel.mx\/blog\/2024\/05\/08\/organizando-la-dinamica-de-las-oficinas-con-los-sistemas-de-reserva-de-salas\/\">Leer m\u00e1s<\/a><\/p>\n","protected":false},"author":342,"featured_media":374,"comment_status":"closed","ping_status":"closed","sticky":false,"template":"","format":"standard","meta":{"footnotes":"","jetpack_publicize_message":"","jetpack_publicize_feature_enabled":true,"jetpack_social_post_already_shared":true,"jetpack_social_options":{"image_generator_settings":{"template":"highway","default_image_id":0,"font":"","enabled":false},"version":2}},"categories":[37],"tags":[],"class_list":["post-691","post","type-post","status-publish","format-standard","has-post-thumbnail","hentry","category-blog"],"yoast_head":"<!-- This site is optimized with the Yoast SEO plugin v27.3 - https:\/\/yoast.com\/product\/yoast-seo-wordpress\/ -->\n<title>Organizando la din\u00e1mica de las oficinas con los sistemas de reserva de salas<\/title>\n<meta name=\"description\" content=\"Todo lo que los sistemas de reserva de salas son capaces de ofrecer en cuestiones de organizaci\u00f3n en la din\u00e1mica de oficinas\" \/>\n<meta name=\"robots\" content=\"index, follow, max-snippet:-1, max-image-preview:large, max-video-preview:-1\" \/>\n<link rel=\"canonical\" href=\"https:\/\/daxel.mx\/blog\/2024\/05\/08\/organizando-la-dinamica-de-las-oficinas-con-los-sistemas-de-reserva-de-salas\/\" \/>\n<meta property=\"og:locale\" content=\"es_MX\" \/>\n<meta property=\"og:type\" content=\"article\" \/>\n<meta property=\"og:title\" content=\"Organizando la din\u00e1mica de las oficinas con los sistemas de reserva de salas\" \/>\n<meta property=\"og:description\" content=\"Todo lo que los sistemas de reserva de salas son capaces de ofrecer en cuestiones de organizaci\u00f3n en la din\u00e1mica de oficinas\" \/>\n<meta property=\"og:url\" content=\"https:\/\/daxel.mx\/blog\/2024\/05\/08\/organizando-la-dinamica-de-las-oficinas-con-los-sistemas-de-reserva-de-salas\/\" \/>\n<meta property=\"og:site_name\" content=\"D\u00e1xel Blog\" \/>\n<meta property=\"article:publisher\" content=\"https:\/\/www.facebook.com\/DaxelDomoticaAudiovisual\/\" \/>\n<meta property=\"article:published_time\" content=\"2024-05-08T16:26:54+00:00\" \/>\n<meta property=\"og:image\" content=\"https:\/\/daxel.mx\/blog\/wp-content\/uploads\/2022\/04\/pexels-christina-morillo-1181396-min.jpg\" \/>\n\t<meta property=\"og:image:width\" content=\"640\" \/>\n\t<meta property=\"og:image:height\" content=\"427\" \/>\n\t<meta property=\"og:image:type\" content=\"image\/jpeg\" \/>\n<meta name=\"author\" content=\"programacion\" \/>\n<meta name=\"twitter:card\" content=\"summary_large_image\" \/>\n<meta name=\"twitter:label1\" content=\"Escrito por\" \/>\n\t<meta name=\"twitter:data1\" content=\"programacion\" \/>\n\t<meta name=\"twitter:label2\" content=\"Tiempo de lectura\" \/>\n\t<meta name=\"twitter:data2\" content=\"4 minutos\" \/>\n<script type=\"application\/ld+json\" class=\"yoast-schema-graph\">{\"@context\":\"https:\\\/\\\/schema.org\",\"@graph\":[{\"@type\":\"Article\",\"@id\":\"https:\\\/\\\/daxel.mx\\\/blog\\\/2024\\\/05\\\/08\\\/organizando-la-dinamica-de-las-oficinas-con-los-sistemas-de-reserva-de-salas\\\/#article\",\"isPartOf\":{\"@id\":\"https:\\\/\\\/daxel.mx\\\/blog\\\/2024\\\/05\\\/08\\\/organizando-la-dinamica-de-las-oficinas-con-los-sistemas-de-reserva-de-salas\\\/\"},\"author\":{\"name\":\"programacion\",\"@id\":\"https:\\\/\\\/daxel.mx\\\/blog\\\/#\\\/schema\\\/person\\\/da4f122a1134e8607516450127da9dfa\"},\"headline\":\"Organizando la din\u00e1mica de las oficinas con los sistemas de reserva de salas\",\"datePublished\":\"2024-05-08T16:26:54+00:00\",\"mainEntityOfPage\":{\"@id\":\"https:\\\/\\\/daxel.mx\\\/blog\\\/2024\\\/05\\\/08\\\/organizando-la-dinamica-de-las-oficinas-con-los-sistemas-de-reserva-de-salas\\\/\"},\"wordCount\":831,\"publisher\":{\"@id\":\"https:\\\/\\\/daxel.mx\\\/blog\\\/#organization\"},\"image\":{\"@id\":\"https:\\\/\\\/daxel.mx\\\/blog\\\/2024\\\/05\\\/08\\\/organizando-la-dinamica-de-las-oficinas-con-los-sistemas-de-reserva-de-salas\\\/#primaryimage\"},\"thumbnailUrl\":\"https:\\\/\\\/daxel.mx\\\/blog\\\/wp-content\\\/uploads\\\/2022\\\/04\\\/pexels-christina-morillo-1181396-min.jpg\",\"articleSection\":[\"blog\"],\"inLanguage\":\"es\"},{\"@type\":\"WebPage\",\"@id\":\"https:\\\/\\\/daxel.mx\\\/blog\\\/2024\\\/05\\\/08\\\/organizando-la-dinamica-de-las-oficinas-con-los-sistemas-de-reserva-de-salas\\\/\",\"url\":\"https:\\\/\\\/daxel.mx\\\/blog\\\/2024\\\/05\\\/08\\\/organizando-la-dinamica-de-las-oficinas-con-los-sistemas-de-reserva-de-salas\\\/\",\"name\":\"Organizando la din\u00e1mica de las oficinas con los sistemas de reserva de salas\",\"isPartOf\":{\"@id\":\"https:\\\/\\\/daxel.mx\\\/blog\\\/#website\"},\"primaryImageOfPage\":{\"@id\":\"https:\\\/\\\/daxel.mx\\\/blog\\\/2024\\\/05\\\/08\\\/organizando-la-dinamica-de-las-oficinas-con-los-sistemas-de-reserva-de-salas\\\/#primaryimage\"},\"image\":{\"@id\":\"https:\\\/\\\/daxel.mx\\\/blog\\\/2024\\\/05\\\/08\\\/organizando-la-dinamica-de-las-oficinas-con-los-sistemas-de-reserva-de-salas\\\/#primaryimage\"},\"thumbnailUrl\":\"https:\\\/\\\/daxel.mx\\\/blog\\\/wp-content\\\/uploads\\\/2022\\\/04\\\/pexels-christina-morillo-1181396-min.jpg\",\"datePublished\":\"2024-05-08T16:26:54+00:00\",\"description\":\"Todo lo que los sistemas de reserva de salas son capaces de ofrecer en cuestiones de organizaci\u00f3n en la din\u00e1mica de oficinas\",\"breadcrumb\":{\"@id\":\"https:\\\/\\\/daxel.mx\\\/blog\\\/2024\\\/05\\\/08\\\/organizando-la-dinamica-de-las-oficinas-con-los-sistemas-de-reserva-de-salas\\\/#breadcrumb\"},\"inLanguage\":\"es\",\"potentialAction\":[{\"@type\":\"ReadAction\",\"target\":[\"https:\\\/\\\/daxel.mx\\\/blog\\\/2024\\\/05\\\/08\\\/organizando-la-dinamica-de-las-oficinas-con-los-sistemas-de-reserva-de-salas\\\/\"]}]},{\"@type\":\"ImageObject\",\"inLanguage\":\"es\",\"@id\":\"https:\\\/\\\/daxel.mx\\\/blog\\\/2024\\\/05\\\/08\\\/organizando-la-dinamica-de-las-oficinas-con-los-sistemas-de-reserva-de-salas\\\/#primaryimage\",\"url\":\"https:\\\/\\\/daxel.mx\\\/blog\\\/wp-content\\\/uploads\\\/2022\\\/04\\\/pexels-christina-morillo-1181396-min.jpg\",\"contentUrl\":\"https:\\\/\\\/daxel.mx\\\/blog\\\/wp-content\\\/uploads\\\/2022\\\/04\\\/pexels-christina-morillo-1181396-min.jpg\",\"width\":640,\"height\":427,\"caption\":\"micr\u00f3fono para sala de juntas\"},{\"@type\":\"BreadcrumbList\",\"@id\":\"https:\\\/\\\/daxel.mx\\\/blog\\\/2024\\\/05\\\/08\\\/organizando-la-dinamica-de-las-oficinas-con-los-sistemas-de-reserva-de-salas\\\/#breadcrumb\",\"itemListElement\":[{\"@type\":\"ListItem\",\"position\":1,\"name\":\"Inicio\",\"item\":\"https:\\\/\\\/daxel.mx\\\/blog\\\/\"},{\"@type\":\"ListItem\",\"position\":2,\"name\":\"Organizando la din\u00e1mica de las oficinas con los sistemas de reserva de salas\"}]},{\"@type\":\"WebSite\",\"@id\":\"https:\\\/\\\/daxel.mx\\\/blog\\\/#website\",\"url\":\"https:\\\/\\\/daxel.mx\\\/blog\\\/\",\"name\":\"D\u00e1xel Blog\",\"description\":\"Temas de Dom\u00f3tica Audiovisual\",\"publisher\":{\"@id\":\"https:\\\/\\\/daxel.mx\\\/blog\\\/#organization\"},\"potentialAction\":[{\"@type\":\"SearchAction\",\"target\":{\"@type\":\"EntryPoint\",\"urlTemplate\":\"https:\\\/\\\/daxel.mx\\\/blog\\\/?s={search_term_string}\"},\"query-input\":{\"@type\":\"PropertyValueSpecification\",\"valueRequired\":true,\"valueName\":\"search_term_string\"}}],\"inLanguage\":\"es\"},{\"@type\":\"Organization\",\"@id\":\"https:\\\/\\\/daxel.mx\\\/blog\\\/#organization\",\"name\":\"D\u00e1xel\",\"url\":\"https:\\\/\\\/daxel.mx\\\/blog\\\/\",\"logo\":{\"@type\":\"ImageObject\",\"inLanguage\":\"es\",\"@id\":\"https:\\\/\\\/daxel.mx\\\/blog\\\/#\\\/schema\\\/logo\\\/image\\\/\",\"url\":\"https:\\\/\\\/daxel.mx\\\/blog\\\/wp-content\\\/uploads\\\/2018\\\/01\\\/Horizontal-Gradiente.png\",\"contentUrl\":\"https:\\\/\\\/daxel.mx\\\/blog\\\/wp-content\\\/uploads\\\/2018\\\/01\\\/Horizontal-Gradiente.png\",\"width\":2748,\"height\":1152,\"caption\":\"D\u00e1xel\"},\"image\":{\"@id\":\"https:\\\/\\\/daxel.mx\\\/blog\\\/#\\\/schema\\\/logo\\\/image\\\/\"},\"sameAs\":[\"https:\\\/\\\/www.facebook.com\\\/DaxelDomoticaAudiovisual\\\/\",\"https:\\\/\\\/www.linkedin.com\\\/company\\\/d\u00e1xel\\\/\"]},{\"@type\":\"Person\",\"@id\":\"https:\\\/\\\/daxel.mx\\\/blog\\\/#\\\/schema\\\/person\\\/da4f122a1134e8607516450127da9dfa\",\"name\":\"programacion\",\"image\":{\"@type\":\"ImageObject\",\"inLanguage\":\"es\",\"@id\":\"https:\\\/\\\/secure.gravatar.com\\\/avatar\\\/9d3dfe9b12b7a0a3e2fb00f12839f14fd06d5319a3517c04f2fd4ba0024ec4f0?s=96&d=identicon&r=g\",\"url\":\"https:\\\/\\\/secure.gravatar.com\\\/avatar\\\/9d3dfe9b12b7a0a3e2fb00f12839f14fd06d5319a3517c04f2fd4ba0024ec4f0?s=96&d=identicon&r=g\",\"contentUrl\":\"https:\\\/\\\/secure.gravatar.com\\\/avatar\\\/9d3dfe9b12b7a0a3e2fb00f12839f14fd06d5319a3517c04f2fd4ba0024ec4f0?s=96&d=identicon&r=g\",\"caption\":\"programacion\"},\"url\":\"https:\\\/\\\/daxel.mx\\\/blog\\\/author\\\/programacion\\\/\"}]}<\/script>\n<!-- \/ Yoast SEO plugin. -->","yoast_head_json":{"title":"Organizando la din\u00e1mica de las oficinas con los sistemas de reserva de salas","description":"Todo lo que los sistemas de reserva de salas son capaces de ofrecer en cuestiones de organizaci\u00f3n en la din\u00e1mica de oficinas","robots":{"index":"index","follow":"follow","max-snippet":"max-snippet:-1","max-image-preview":"max-image-preview:large","max-video-preview":"max-video-preview:-1"},"canonical":"https:\/\/daxel.mx\/blog\/2024\/05\/08\/organizando-la-dinamica-de-las-oficinas-con-los-sistemas-de-reserva-de-salas\/","og_locale":"es_MX","og_type":"article","og_title":"Organizando la din\u00e1mica de las oficinas con los sistemas de reserva de salas","og_description":"Todo lo que los sistemas de reserva de salas son capaces de ofrecer en cuestiones de organizaci\u00f3n en la din\u00e1mica de oficinas","og_url":"https:\/\/daxel.mx\/blog\/2024\/05\/08\/organizando-la-dinamica-de-las-oficinas-con-los-sistemas-de-reserva-de-salas\/","og_site_name":"D\u00e1xel Blog","article_publisher":"https:\/\/www.facebook.com\/DaxelDomoticaAudiovisual\/","article_published_time":"2024-05-08T16:26:54+00:00","og_image":[{"width":640,"height":427,"url":"https:\/\/daxel.mx\/blog\/wp-content\/uploads\/2022\/04\/pexels-christina-morillo-1181396-min.jpg","type":"image\/jpeg"}],"author":"programacion","twitter_card":"summary_large_image","twitter_misc":{"Escrito por":"programacion","Tiempo de lectura":"4 minutos"},"schema":{"@context":"https:\/\/schema.org","@graph":[{"@type":"Article","@id":"https:\/\/daxel.mx\/blog\/2024\/05\/08\/organizando-la-dinamica-de-las-oficinas-con-los-sistemas-de-reserva-de-salas\/#article","isPartOf":{"@id":"https:\/\/daxel.mx\/blog\/2024\/05\/08\/organizando-la-dinamica-de-las-oficinas-con-los-sistemas-de-reserva-de-salas\/"},"author":{"name":"programacion","@id":"https:\/\/daxel.mx\/blog\/#\/schema\/person\/da4f122a1134e8607516450127da9dfa"},"headline":"Organizando la din\u00e1mica de las oficinas con los sistemas de reserva de salas","datePublished":"2024-05-08T16:26:54+00:00","mainEntityOfPage":{"@id":"https:\/\/daxel.mx\/blog\/2024\/05\/08\/organizando-la-dinamica-de-las-oficinas-con-los-sistemas-de-reserva-de-salas\/"},"wordCount":831,"publisher":{"@id":"https:\/\/daxel.mx\/blog\/#organization"},"image":{"@id":"https:\/\/daxel.mx\/blog\/2024\/05\/08\/organizando-la-dinamica-de-las-oficinas-con-los-sistemas-de-reserva-de-salas\/#primaryimage"},"thumbnailUrl":"https:\/\/daxel.mx\/blog\/wp-content\/uploads\/2022\/04\/pexels-christina-morillo-1181396-min.jpg","articleSection":["blog"],"inLanguage":"es"},{"@type":"WebPage","@id":"https:\/\/daxel.mx\/blog\/2024\/05\/08\/organizando-la-dinamica-de-las-oficinas-con-los-sistemas-de-reserva-de-salas\/","url":"https:\/\/daxel.mx\/blog\/2024\/05\/08\/organizando-la-dinamica-de-las-oficinas-con-los-sistemas-de-reserva-de-salas\/","name":"Organizando la din\u00e1mica de las oficinas con los sistemas de reserva de salas","isPartOf":{"@id":"https:\/\/daxel.mx\/blog\/#website"},"primaryImageOfPage":{"@id":"https:\/\/daxel.mx\/blog\/2024\/05\/08\/organizando-la-dinamica-de-las-oficinas-con-los-sistemas-de-reserva-de-salas\/#primaryimage"},"image":{"@id":"https:\/\/daxel.mx\/blog\/2024\/05\/08\/organizando-la-dinamica-de-las-oficinas-con-los-sistemas-de-reserva-de-salas\/#primaryimage"},"thumbnailUrl":"https:\/\/daxel.mx\/blog\/wp-content\/uploads\/2022\/04\/pexels-christina-morillo-1181396-min.jpg","datePublished":"2024-05-08T16:26:54+00:00","description":"Todo lo que los sistemas de reserva de salas son capaces de ofrecer en cuestiones de organizaci\u00f3n en la din\u00e1mica de oficinas","breadcrumb":{"@id":"https:\/\/daxel.mx\/blog\/2024\/05\/08\/organizando-la-dinamica-de-las-oficinas-con-los-sistemas-de-reserva-de-salas\/#breadcrumb"},"inLanguage":"es","potentialAction":[{"@type":"ReadAction","target":["https:\/\/daxel.mx\/blog\/2024\/05\/08\/organizando-la-dinamica-de-las-oficinas-con-los-sistemas-de-reserva-de-salas\/"]}]},{"@type":"ImageObject","inLanguage":"es","@id":"https:\/\/daxel.mx\/blog\/2024\/05\/08\/organizando-la-dinamica-de-las-oficinas-con-los-sistemas-de-reserva-de-salas\/#primaryimage","url":"https:\/\/daxel.mx\/blog\/wp-content\/uploads\/2022\/04\/pexels-christina-morillo-1181396-min.jpg","contentUrl":"https:\/\/daxel.mx\/blog\/wp-content\/uploads\/2022\/04\/pexels-christina-morillo-1181396-min.jpg","width":640,"height":427,"caption":"micr\u00f3fono para sala de juntas"},{"@type":"BreadcrumbList","@id":"https:\/\/daxel.mx\/blog\/2024\/05\/08\/organizando-la-dinamica-de-las-oficinas-con-los-sistemas-de-reserva-de-salas\/#breadcrumb","itemListElement":[{"@type":"ListItem","position":1,"name":"Inicio","item":"https:\/\/daxel.mx\/blog\/"},{"@type":"ListItem","position":2,"name":"Organizando la din\u00e1mica de las oficinas con los sistemas de reserva de salas"}]},{"@type":"WebSite","@id":"https:\/\/daxel.mx\/blog\/#website","url":"https:\/\/daxel.mx\/blog\/","name":"D\u00e1xel Blog","description":"Temas de Dom\u00f3tica Audiovisual","publisher":{"@id":"https:\/\/daxel.mx\/blog\/#organization"},"potentialAction":[{"@type":"SearchAction","target":{"@type":"EntryPoint","urlTemplate":"https:\/\/daxel.mx\/blog\/?s={search_term_string}"},"query-input":{"@type":"PropertyValueSpecification","valueRequired":true,"valueName":"search_term_string"}}],"inLanguage":"es"},{"@type":"Organization","@id":"https:\/\/daxel.mx\/blog\/#organization","name":"D\u00e1xel","url":"https:\/\/daxel.mx\/blog\/","logo":{"@type":"ImageObject","inLanguage":"es","@id":"https:\/\/daxel.mx\/blog\/#\/schema\/logo\/image\/","url":"https:\/\/daxel.mx\/blog\/wp-content\/uploads\/2018\/01\/Horizontal-Gradiente.png","contentUrl":"https:\/\/daxel.mx\/blog\/wp-content\/uploads\/2018\/01\/Horizontal-Gradiente.png","width":2748,"height":1152,"caption":"D\u00e1xel"},"image":{"@id":"https:\/\/daxel.mx\/blog\/#\/schema\/logo\/image\/"},"sameAs":["https:\/\/www.facebook.com\/DaxelDomoticaAudiovisual\/","https:\/\/www.linkedin.com\/company\/d\u00e1xel\/"]},{"@type":"Person","@id":"https:\/\/daxel.mx\/blog\/#\/schema\/person\/da4f122a1134e8607516450127da9dfa","name":"programacion","image":{"@type":"ImageObject","inLanguage":"es","@id":"https:\/\/secure.gravatar.com\/avatar\/9d3dfe9b12b7a0a3e2fb00f12839f14fd06d5319a3517c04f2fd4ba0024ec4f0?s=96&d=identicon&r=g","url":"https:\/\/secure.gravatar.com\/avatar\/9d3dfe9b12b7a0a3e2fb00f12839f14fd06d5319a3517c04f2fd4ba0024ec4f0?s=96&d=identicon&r=g","contentUrl":"https:\/\/secure.gravatar.com\/avatar\/9d3dfe9b12b7a0a3e2fb00f12839f14fd06d5319a3517c04f2fd4ba0024ec4f0?s=96&d=identicon&r=g","caption":"programacion"},"url":"https:\/\/daxel.mx\/blog\/author\/programacion\/"}]}},"jetpack_publicize_connections":[],"_links":{"self":[{"href":"https:\/\/daxel.mx\/blog\/wp-json\/wp\/v2\/posts\/691","targetHints":{"allow":["GET"]}}],"collection":[{"href":"https:\/\/daxel.mx\/blog\/wp-json\/wp\/v2\/posts"}],"about":[{"href":"https:\/\/daxel.mx\/blog\/wp-json\/wp\/v2\/types\/post"}],"author":[{"embeddable":true,"href":"https:\/\/daxel.mx\/blog\/wp-json\/wp\/v2\/users\/342"}],"replies":[{"embeddable":true,"href":"https:\/\/daxel.mx\/blog\/wp-json\/wp\/v2\/comments?post=691"}],"version-history":[{"count":1,"href":"https:\/\/daxel.mx\/blog\/wp-json\/wp\/v2\/posts\/691\/revisions"}],"predecessor-version":[{"id":701,"href":"https:\/\/daxel.mx\/blog\/wp-json\/wp\/v2\/posts\/691\/revisions\/701"}],"wp:featuredmedia":[{"embeddable":true,"href":"https:\/\/daxel.mx\/blog\/wp-json\/wp\/v2\/media\/374"}],"wp:attachment":[{"href":"https:\/\/daxel.mx\/blog\/wp-json\/wp\/v2\/media?parent=691"}],"wp:term":[{"taxonomy":"category","embeddable":true,"href":"https:\/\/daxel.mx\/blog\/wp-json\/wp\/v2\/categories?post=691"},{"taxonomy":"post_tag","embeddable":true,"href":"https:\/\/daxel.mx\/blog\/wp-json\/wp\/v2\/tags?post=691"}],"curies":[{"name":"wp","href":"https:\/\/api.w.org\/{rel}","templated":true}]}}