{"id":729,"date":"2024-06-11T10:37:29","date_gmt":"2024-06-11T16:37:29","guid":{"rendered":"https:\/\/daxel.mx\/blog\/?p=729"},"modified":"2024-05-07T10:56:43","modified_gmt":"2024-05-07T16:56:43","slug":"camara-de-videoconferencia-ajustes-adecuados-para-una-imagen-nitida","status":"publish","type":"post","link":"https:\/\/daxel.mx\/blog\/2024\/06\/11\/camara-de-videoconferencia-ajustes-adecuados-para-una-imagen-nitida\/","title":{"rendered":"C\u00e1mara de videoconferencia: ajustes adecuados para una imagen n\u00edtida"},"content":{"rendered":"<p>Hoy en d\u00eda el uso de la <a href=\"https:\/\/daxel.mx\/camara-para-videoconferencia.php\"><strong>c\u00e1mara para videoconferencia<\/strong><\/a> se ha convertido en un tema de mucha relevancia para colaboradores y empresarios por igual. Esto se debe a que mediante estos dispositivos es posible llevar a cabo reuniones de vital importancia para las diversas empresas y negocios de la actualidad. Sin embargo, al tratarse de dispositivos tecnol\u00f3gicos resulta indispensable conocer a profundidad sobre su funcionamiento para obtener un m\u00e1ximo aprovechamiento de cada funci\u00f3n. Para las empresas, contar con una imagen clara y 100% n\u00edtida resulta primordial en reuniones, negociaciones y otros procesos de importancia.<\/p>\n<p>Mediante una r\u00e1pida configuraci\u00f3n y ajustes de la c\u00e1mara es posible alcanzar este objetivo sin mayor dificultad. Aunque, no todas las personas cuentan con el conocimiento necesario para llevar a cabo esta tarea. Por esto, conocer algunas recomendaciones a tener en cuenta al momento de realizar el ajuste de las c\u00e1maras para videoconferencia representa un tema de vital relevancia. En D\u00e1xel les ense\u00f1aremos todo lo que deben saber sobre esto en el siguiente art\u00edculo.<\/p>\n<h2>Importancia de tener una adecuada configuraci\u00f3n de la c\u00e1mara<\/h2>\n<p>Como bien dijimos, una adecuada configuraci\u00f3n y ajuste de la <a href=\"https:\/\/daxel.mx\/camara-para-videoconferencia.php\"><strong>c\u00e1mara para videoconferencia<\/strong><\/a> marca una enorme diferencia en la calidad de imagen final durante las reuniones. Esto incluye un enfoque ideal, iluminaci\u00f3n adecuada, limpieza del lente y algunos otros puntos clave a tener en cuenta en todo momento para contar con una imagen 100% clara y n\u00edtida. Para que tengan una mejor idea de esto les ense\u00f1aremos algunos de los m\u00e1s relevantes a tener en consideraci\u00f3n, a continuaci\u00f3n<\/p>\n<h3>Adecuada iluminaci\u00f3n y posici\u00f3n<\/h3>\n<p>No basta con tener un dispositivo de alta calidad que garantice una calidad de imagen ideal, tambi\u00e9n es necesario contar con un ambiente adecuadamente iluminado y una posici\u00f3n favorable. Es importante asegurar que el rostro se encuentre adecuadamente posicionado e iluminado con luz natural o l\u00e1mparas. De esta forma se podr\u00e1 contar con una imagen m\u00e1s profesional, algo de vital relevancia en el mundo empresarial de la actualidad.<\/p>\n<h3>Selecci\u00f3n de un fondo adecuado<\/h3>\n<p>En las diversas plataformas para videoconferencias de la actualidad es posible hallar diversas alternativas en fondos para los momentos profesionales de reuni\u00f3n. Es importante seleccionar un fondo apropiado, limpio y que no genere distracciones para que la atenci\u00f3n se centre en el usuario y la informaci\u00f3n que desea compartir.<\/p>\n<h3>Configuraci\u00f3n de resoluci\u00f3n<\/h3>\n<p>Otro de los puntos clave a tener en cuenta sobre los <a href=\"https:\/\/daxel.mx\/sistemas-de-videoconferencia.php\"><strong>sistemas de videoconferencia<\/strong><\/a> y la c\u00e1mara para reuniones espec\u00edficamente es la configuraci\u00f3n de la resoluci\u00f3n del dispositivo. Resulta necesario ajustar la resoluci\u00f3n para contar con una imagen n\u00edtida y de alta calidad, ajustando el cuadro para que la c\u00e1mara enfoque correctamente es posible evidenciar una notable diferencia. Adem\u00e1s, esto no representa una tarea sumamente compleja de realizar, todo lo contrario, es posible realizar un adecuado ajuste en la configuraci\u00f3n principal del dispositivo.<\/p>\n<h3>\u00c1ngulo adecuado de la c\u00e1mara<\/h3>\n<p>Tener en cuenta la posici\u00f3n o \u00e1ngulo de la c\u00e1mara tambi\u00e9n trae consigo una optimizaci\u00f3n en la calidad final de la imagen. Es importante tener en cuenta una altura adecuada a los ojos para obtener un aspecto m\u00e1s profesional y natural. Tambi\u00e9n es posible jugar un poco con la iluminaci\u00f3n y el \u00e1ngulo para perfeccionar la calidad de la imagen proyectada.<\/p>\n<h3>Configuraci\u00f3n de conexi\u00f3n y con otros dispositivos<\/h3>\n<p>Para llevar a cabo una videoconferencia exitosa resulta indispensable asegurarse de contar con una conexi\u00f3n a Internet estable y veloz. S\u00f3lo de esta manera se podr\u00e1 contar con una imagen clara y precisa en todo momento. Adem\u00e1s, se deben configurar adecuadamente los dem\u00e1s componentes de los sistemas como la <a href=\"https:\/\/daxel.mx\/pantalla-tactil-para-controlar-videoconferencia.php\"><strong>pantalla t\u00e1ctil para controlar videoconferencia<\/strong><\/a> para un funcionamiento \u00f3ptimo y confiable. De esta forma se podr\u00e1 realizar con total comodidad una reuni\u00f3n laboral de manera ideal.<\/p>\n<h2>C\u00e1maras y dispositivos de la m\u00e1s alta calidad en D\u00e1xel<\/h2>\n<p>Luego de repasar cada detalle queda claro que una adecuada configuraci\u00f3n de la <a href=\"https:\/\/daxel.mx\/camara-para-videoconferencia.php\"><strong>c\u00e1mara para videoconferencia<\/strong><\/a> marca una enorme diferencia en la calidad final de la imagen que se proyecta. Teniendo en cuenta algunos aspectos como la iluminaci\u00f3n, posici\u00f3n de la persona, \u00e1ngulo de la c\u00e1mara y otros similares, es posible contar con una imagen 100% clara y n\u00edtida para el \u00e9xito en las reuniones laborales. Por lo que se trata de consejos o recomendaciones a tener en cuenta para asegurar videoconferencias claras y realmente beneficiosas.<\/p>\n<p>D\u00e1xel deja a su disposici\u00f3n un amplio cat\u00e1logo de soluciones tecnol\u00f3gicas e innovadoras con el objetivo de proporcionar todo lo que necesitan en sus empresas y hogares. Nuestro equipo de especialistas altamente experimentados y capacitados les ofrecer\u00e1 todas las asesor\u00edas e informaci\u00f3n que necesitan para disipar cualquier tipo de duda.<\/p>\n<p>Somos una empresa representativa, responsable y experimentada que garantiza productos y servicios de la m\u00e1s alta calidad. Todo esto sin mencionar que mantenemos una reputaci\u00f3n intachable con cada cliente a lo largo de nuestra destacada trayectoria.<\/p>\n<p>\u00bfQuieren obtener todos los beneficios que nuestros sistemas y dispositivos de alta calidad son capaces de ofrecer? Pueden comunicarse con nosotros a trav\u00e9s del correo electr\u00f3nico <a href=\"mailto:contacto@daxel.mx\">contacto@daxel.mx<\/a> o mediante la l\u00ednea telef\u00f3nica (477) 555 7200 para descubrir todos los detalles que buscan.<\/p>\n","protected":false},"excerpt":{"rendered":"<p>Hoy en d\u00eda el uso de la c\u00e1mara para videoconferencia se ha convertido en un tema de mucha relevancia para colaboradores y empresarios por igual. Esto se debe a que mediante estos dispositivos es posible llevar a cabo reuniones de vital importancia para las diversas empresas y negocios de la actualidad. Sin embargo, al tratarse&hellip; <br \/> <a class=\"read-more\" href=\"https:\/\/daxel.mx\/blog\/2024\/06\/11\/camara-de-videoconferencia-ajustes-adecuados-para-una-imagen-nitida\/\">Leer m\u00e1s<\/a><\/p>\n","protected":false},"author":342,"featured_media":99,"comment_status":"closed","ping_status":"closed","sticky":false,"template":"","format":"standard","meta":{"footnotes":"","jetpack_publicize_message":"","jetpack_publicize_feature_enabled":true,"jetpack_social_post_already_shared":true,"jetpack_social_options":{"image_generator_settings":{"template":"highway","default_image_id":0,"font":"","enabled":false},"version":2}},"categories":[37],"tags":[],"class_list":["post-729","post","type-post","status-publish","format-standard","has-post-thumbnail","hentry","category-blog"],"yoast_head":"<!-- This site is optimized with the Yoast SEO plugin v27.3 - https:\/\/yoast.com\/product\/yoast-seo-wordpress\/ -->\n<title>C\u00e1mara de videoconferencia: ajustes adecuados para una imagen n\u00edtida<\/title>\n<meta name=\"description\" content=\"Todo lo relacionado al ajuste adecuado de la c\u00e1mara de videoconferencia para una imagen m\u00e1s n\u00edtida, profesional y de alta calidad\" \/>\n<meta name=\"robots\" content=\"index, follow, max-snippet:-1, max-image-preview:large, max-video-preview:-1\" \/>\n<link rel=\"canonical\" href=\"https:\/\/daxel.mx\/blog\/2024\/06\/11\/camara-de-videoconferencia-ajustes-adecuados-para-una-imagen-nitida\/\" \/>\n<meta property=\"og:locale\" content=\"es_MX\" \/>\n<meta property=\"og:type\" content=\"article\" \/>\n<meta property=\"og:title\" content=\"C\u00e1mara de videoconferencia: ajustes adecuados para una imagen n\u00edtida\" \/>\n<meta property=\"og:description\" content=\"Todo lo relacionado al ajuste adecuado de la c\u00e1mara de videoconferencia para una imagen m\u00e1s n\u00edtida, profesional y de alta calidad\" \/>\n<meta property=\"og:url\" content=\"https:\/\/daxel.mx\/blog\/2024\/06\/11\/camara-de-videoconferencia-ajustes-adecuados-para-una-imagen-nitida\/\" \/>\n<meta property=\"og:site_name\" content=\"D\u00e1xel Blog\" \/>\n<meta property=\"article:publisher\" content=\"https:\/\/www.facebook.com\/DaxelDomoticaAudiovisual\/\" \/>\n<meta property=\"article:published_time\" content=\"2024-06-11T16:37:29+00:00\" \/>\n<meta property=\"og:image\" content=\"https:\/\/daxel.mx\/blog\/wp-content\/uploads\/2018\/06\/ugn-silao-conf-06.jpg\" \/>\n\t<meta property=\"og:image:width\" content=\"2048\" \/>\n\t<meta property=\"og:image:height\" content=\"1536\" \/>\n\t<meta property=\"og:image:type\" content=\"image\/jpeg\" \/>\n<meta name=\"author\" content=\"programacion\" \/>\n<meta name=\"twitter:card\" content=\"summary_large_image\" \/>\n<meta name=\"twitter:label1\" content=\"Escrito por\" \/>\n\t<meta name=\"twitter:data1\" content=\"programacion\" \/>\n\t<meta name=\"twitter:label2\" content=\"Tiempo de lectura\" \/>\n\t<meta name=\"twitter:data2\" content=\"5 minutos\" \/>\n<script type=\"application\/ld+json\" class=\"yoast-schema-graph\">{\"@context\":\"https:\\\/\\\/schema.org\",\"@graph\":[{\"@type\":\"Article\",\"@id\":\"https:\\\/\\\/daxel.mx\\\/blog\\\/2024\\\/06\\\/11\\\/camara-de-videoconferencia-ajustes-adecuados-para-una-imagen-nitida\\\/#article\",\"isPartOf\":{\"@id\":\"https:\\\/\\\/daxel.mx\\\/blog\\\/2024\\\/06\\\/11\\\/camara-de-videoconferencia-ajustes-adecuados-para-una-imagen-nitida\\\/\"},\"author\":{\"name\":\"programacion\",\"@id\":\"https:\\\/\\\/daxel.mx\\\/blog\\\/#\\\/schema\\\/person\\\/da4f122a1134e8607516450127da9dfa\"},\"headline\":\"C\u00e1mara de videoconferencia: ajustes adecuados para una imagen n\u00edtida\",\"datePublished\":\"2024-06-11T16:37:29+00:00\",\"mainEntityOfPage\":{\"@id\":\"https:\\\/\\\/daxel.mx\\\/blog\\\/2024\\\/06\\\/11\\\/camara-de-videoconferencia-ajustes-adecuados-para-una-imagen-nitida\\\/\"},\"wordCount\":928,\"publisher\":{\"@id\":\"https:\\\/\\\/daxel.mx\\\/blog\\\/#organization\"},\"image\":{\"@id\":\"https:\\\/\\\/daxel.mx\\\/blog\\\/2024\\\/06\\\/11\\\/camara-de-videoconferencia-ajustes-adecuados-para-una-imagen-nitida\\\/#primaryimage\"},\"thumbnailUrl\":\"https:\\\/\\\/daxel.mx\\\/blog\\\/wp-content\\\/uploads\\\/2018\\\/06\\\/ugn-silao-conf-06.jpg\",\"articleSection\":[\"blog\"],\"inLanguage\":\"es\"},{\"@type\":\"WebPage\",\"@id\":\"https:\\\/\\\/daxel.mx\\\/blog\\\/2024\\\/06\\\/11\\\/camara-de-videoconferencia-ajustes-adecuados-para-una-imagen-nitida\\\/\",\"url\":\"https:\\\/\\\/daxel.mx\\\/blog\\\/2024\\\/06\\\/11\\\/camara-de-videoconferencia-ajustes-adecuados-para-una-imagen-nitida\\\/\",\"name\":\"C\u00e1mara de videoconferencia: ajustes adecuados para una imagen n\u00edtida\",\"isPartOf\":{\"@id\":\"https:\\\/\\\/daxel.mx\\\/blog\\\/#website\"},\"primaryImageOfPage\":{\"@id\":\"https:\\\/\\\/daxel.mx\\\/blog\\\/2024\\\/06\\\/11\\\/camara-de-videoconferencia-ajustes-adecuados-para-una-imagen-nitida\\\/#primaryimage\"},\"image\":{\"@id\":\"https:\\\/\\\/daxel.mx\\\/blog\\\/2024\\\/06\\\/11\\\/camara-de-videoconferencia-ajustes-adecuados-para-una-imagen-nitida\\\/#primaryimage\"},\"thumbnailUrl\":\"https:\\\/\\\/daxel.mx\\\/blog\\\/wp-content\\\/uploads\\\/2018\\\/06\\\/ugn-silao-conf-06.jpg\",\"datePublished\":\"2024-06-11T16:37:29+00:00\",\"description\":\"Todo lo relacionado al ajuste adecuado de la c\u00e1mara de videoconferencia para una imagen m\u00e1s n\u00edtida, profesional y de alta calidad\",\"breadcrumb\":{\"@id\":\"https:\\\/\\\/daxel.mx\\\/blog\\\/2024\\\/06\\\/11\\\/camara-de-videoconferencia-ajustes-adecuados-para-una-imagen-nitida\\\/#breadcrumb\"},\"inLanguage\":\"es\",\"potentialAction\":[{\"@type\":\"ReadAction\",\"target\":[\"https:\\\/\\\/daxel.mx\\\/blog\\\/2024\\\/06\\\/11\\\/camara-de-videoconferencia-ajustes-adecuados-para-una-imagen-nitida\\\/\"]}]},{\"@type\":\"ImageObject\",\"inLanguage\":\"es\",\"@id\":\"https:\\\/\\\/daxel.mx\\\/blog\\\/2024\\\/06\\\/11\\\/camara-de-videoconferencia-ajustes-adecuados-para-una-imagen-nitida\\\/#primaryimage\",\"url\":\"https:\\\/\\\/daxel.mx\\\/blog\\\/wp-content\\\/uploads\\\/2018\\\/06\\\/ugn-silao-conf-06.jpg\",\"contentUrl\":\"https:\\\/\\\/daxel.mx\\\/blog\\\/wp-content\\\/uploads\\\/2018\\\/06\\\/ugn-silao-conf-06.jpg\",\"width\":2048,\"height\":1536,\"caption\":\"Sala de conferencias en la planta de UGN en Silao, Gto.\"},{\"@type\":\"BreadcrumbList\",\"@id\":\"https:\\\/\\\/daxel.mx\\\/blog\\\/2024\\\/06\\\/11\\\/camara-de-videoconferencia-ajustes-adecuados-para-una-imagen-nitida\\\/#breadcrumb\",\"itemListElement\":[{\"@type\":\"ListItem\",\"position\":1,\"name\":\"Inicio\",\"item\":\"https:\\\/\\\/daxel.mx\\\/blog\\\/\"},{\"@type\":\"ListItem\",\"position\":2,\"name\":\"C\u00e1mara de videoconferencia: ajustes adecuados para una imagen n\u00edtida\"}]},{\"@type\":\"WebSite\",\"@id\":\"https:\\\/\\\/daxel.mx\\\/blog\\\/#website\",\"url\":\"https:\\\/\\\/daxel.mx\\\/blog\\\/\",\"name\":\"D\u00e1xel Blog\",\"description\":\"Temas de Dom\u00f3tica Audiovisual\",\"publisher\":{\"@id\":\"https:\\\/\\\/daxel.mx\\\/blog\\\/#organization\"},\"potentialAction\":[{\"@type\":\"SearchAction\",\"target\":{\"@type\":\"EntryPoint\",\"urlTemplate\":\"https:\\\/\\\/daxel.mx\\\/blog\\\/?s={search_term_string}\"},\"query-input\":{\"@type\":\"PropertyValueSpecification\",\"valueRequired\":true,\"valueName\":\"search_term_string\"}}],\"inLanguage\":\"es\"},{\"@type\":\"Organization\",\"@id\":\"https:\\\/\\\/daxel.mx\\\/blog\\\/#organization\",\"name\":\"D\u00e1xel\",\"url\":\"https:\\\/\\\/daxel.mx\\\/blog\\\/\",\"logo\":{\"@type\":\"ImageObject\",\"inLanguage\":\"es\",\"@id\":\"https:\\\/\\\/daxel.mx\\\/blog\\\/#\\\/schema\\\/logo\\\/image\\\/\",\"url\":\"https:\\\/\\\/daxel.mx\\\/blog\\\/wp-content\\\/uploads\\\/2018\\\/01\\\/Horizontal-Gradiente.png\",\"contentUrl\":\"https:\\\/\\\/daxel.mx\\\/blog\\\/wp-content\\\/uploads\\\/2018\\\/01\\\/Horizontal-Gradiente.png\",\"width\":2748,\"height\":1152,\"caption\":\"D\u00e1xel\"},\"image\":{\"@id\":\"https:\\\/\\\/daxel.mx\\\/blog\\\/#\\\/schema\\\/logo\\\/image\\\/\"},\"sameAs\":[\"https:\\\/\\\/www.facebook.com\\\/DaxelDomoticaAudiovisual\\\/\",\"https:\\\/\\\/www.linkedin.com\\\/company\\\/d\u00e1xel\\\/\"]},{\"@type\":\"Person\",\"@id\":\"https:\\\/\\\/daxel.mx\\\/blog\\\/#\\\/schema\\\/person\\\/da4f122a1134e8607516450127da9dfa\",\"name\":\"programacion\",\"image\":{\"@type\":\"ImageObject\",\"inLanguage\":\"es\",\"@id\":\"https:\\\/\\\/secure.gravatar.com\\\/avatar\\\/9d3dfe9b12b7a0a3e2fb00f12839f14fd06d5319a3517c04f2fd4ba0024ec4f0?s=96&d=identicon&r=g\",\"url\":\"https:\\\/\\\/secure.gravatar.com\\\/avatar\\\/9d3dfe9b12b7a0a3e2fb00f12839f14fd06d5319a3517c04f2fd4ba0024ec4f0?s=96&d=identicon&r=g\",\"contentUrl\":\"https:\\\/\\\/secure.gravatar.com\\\/avatar\\\/9d3dfe9b12b7a0a3e2fb00f12839f14fd06d5319a3517c04f2fd4ba0024ec4f0?s=96&d=identicon&r=g\",\"caption\":\"programacion\"},\"url\":\"https:\\\/\\\/daxel.mx\\\/blog\\\/author\\\/programacion\\\/\"}]}<\/script>\n<!-- \/ Yoast SEO plugin. -->","yoast_head_json":{"title":"C\u00e1mara de videoconferencia: ajustes adecuados para una imagen n\u00edtida","description":"Todo lo relacionado al ajuste adecuado de la c\u00e1mara de videoconferencia para una imagen m\u00e1s n\u00edtida, profesional y de alta calidad","robots":{"index":"index","follow":"follow","max-snippet":"max-snippet:-1","max-image-preview":"max-image-preview:large","max-video-preview":"max-video-preview:-1"},"canonical":"https:\/\/daxel.mx\/blog\/2024\/06\/11\/camara-de-videoconferencia-ajustes-adecuados-para-una-imagen-nitida\/","og_locale":"es_MX","og_type":"article","og_title":"C\u00e1mara de videoconferencia: ajustes adecuados para una imagen n\u00edtida","og_description":"Todo lo relacionado al ajuste adecuado de la c\u00e1mara de videoconferencia para una imagen m\u00e1s n\u00edtida, profesional y de alta calidad","og_url":"https:\/\/daxel.mx\/blog\/2024\/06\/11\/camara-de-videoconferencia-ajustes-adecuados-para-una-imagen-nitida\/","og_site_name":"D\u00e1xel Blog","article_publisher":"https:\/\/www.facebook.com\/DaxelDomoticaAudiovisual\/","article_published_time":"2024-06-11T16:37:29+00:00","og_image":[{"width":2048,"height":1536,"url":"https:\/\/daxel.mx\/blog\/wp-content\/uploads\/2018\/06\/ugn-silao-conf-06.jpg","type":"image\/jpeg"}],"author":"programacion","twitter_card":"summary_large_image","twitter_misc":{"Escrito por":"programacion","Tiempo de lectura":"5 minutos"},"schema":{"@context":"https:\/\/schema.org","@graph":[{"@type":"Article","@id":"https:\/\/daxel.mx\/blog\/2024\/06\/11\/camara-de-videoconferencia-ajustes-adecuados-para-una-imagen-nitida\/#article","isPartOf":{"@id":"https:\/\/daxel.mx\/blog\/2024\/06\/11\/camara-de-videoconferencia-ajustes-adecuados-para-una-imagen-nitida\/"},"author":{"name":"programacion","@id":"https:\/\/daxel.mx\/blog\/#\/schema\/person\/da4f122a1134e8607516450127da9dfa"},"headline":"C\u00e1mara de videoconferencia: ajustes adecuados para una imagen n\u00edtida","datePublished":"2024-06-11T16:37:29+00:00","mainEntityOfPage":{"@id":"https:\/\/daxel.mx\/blog\/2024\/06\/11\/camara-de-videoconferencia-ajustes-adecuados-para-una-imagen-nitida\/"},"wordCount":928,"publisher":{"@id":"https:\/\/daxel.mx\/blog\/#organization"},"image":{"@id":"https:\/\/daxel.mx\/blog\/2024\/06\/11\/camara-de-videoconferencia-ajustes-adecuados-para-una-imagen-nitida\/#primaryimage"},"thumbnailUrl":"https:\/\/daxel.mx\/blog\/wp-content\/uploads\/2018\/06\/ugn-silao-conf-06.jpg","articleSection":["blog"],"inLanguage":"es"},{"@type":"WebPage","@id":"https:\/\/daxel.mx\/blog\/2024\/06\/11\/camara-de-videoconferencia-ajustes-adecuados-para-una-imagen-nitida\/","url":"https:\/\/daxel.mx\/blog\/2024\/06\/11\/camara-de-videoconferencia-ajustes-adecuados-para-una-imagen-nitida\/","name":"C\u00e1mara de videoconferencia: ajustes adecuados para una imagen n\u00edtida","isPartOf":{"@id":"https:\/\/daxel.mx\/blog\/#website"},"primaryImageOfPage":{"@id":"https:\/\/daxel.mx\/blog\/2024\/06\/11\/camara-de-videoconferencia-ajustes-adecuados-para-una-imagen-nitida\/#primaryimage"},"image":{"@id":"https:\/\/daxel.mx\/blog\/2024\/06\/11\/camara-de-videoconferencia-ajustes-adecuados-para-una-imagen-nitida\/#primaryimage"},"thumbnailUrl":"https:\/\/daxel.mx\/blog\/wp-content\/uploads\/2018\/06\/ugn-silao-conf-06.jpg","datePublished":"2024-06-11T16:37:29+00:00","description":"Todo lo relacionado al ajuste adecuado de la c\u00e1mara de videoconferencia para una imagen m\u00e1s n\u00edtida, profesional y de alta calidad","breadcrumb":{"@id":"https:\/\/daxel.mx\/blog\/2024\/06\/11\/camara-de-videoconferencia-ajustes-adecuados-para-una-imagen-nitida\/#breadcrumb"},"inLanguage":"es","potentialAction":[{"@type":"ReadAction","target":["https:\/\/daxel.mx\/blog\/2024\/06\/11\/camara-de-videoconferencia-ajustes-adecuados-para-una-imagen-nitida\/"]}]},{"@type":"ImageObject","inLanguage":"es","@id":"https:\/\/daxel.mx\/blog\/2024\/06\/11\/camara-de-videoconferencia-ajustes-adecuados-para-una-imagen-nitida\/#primaryimage","url":"https:\/\/daxel.mx\/blog\/wp-content\/uploads\/2018\/06\/ugn-silao-conf-06.jpg","contentUrl":"https:\/\/daxel.mx\/blog\/wp-content\/uploads\/2018\/06\/ugn-silao-conf-06.jpg","width":2048,"height":1536,"caption":"Sala de conferencias en la planta de UGN en Silao, Gto."},{"@type":"BreadcrumbList","@id":"https:\/\/daxel.mx\/blog\/2024\/06\/11\/camara-de-videoconferencia-ajustes-adecuados-para-una-imagen-nitida\/#breadcrumb","itemListElement":[{"@type":"ListItem","position":1,"name":"Inicio","item":"https:\/\/daxel.mx\/blog\/"},{"@type":"ListItem","position":2,"name":"C\u00e1mara de videoconferencia: ajustes adecuados para una imagen n\u00edtida"}]},{"@type":"WebSite","@id":"https:\/\/daxel.mx\/blog\/#website","url":"https:\/\/daxel.mx\/blog\/","name":"D\u00e1xel Blog","description":"Temas de Dom\u00f3tica Audiovisual","publisher":{"@id":"https:\/\/daxel.mx\/blog\/#organization"},"potentialAction":[{"@type":"SearchAction","target":{"@type":"EntryPoint","urlTemplate":"https:\/\/daxel.mx\/blog\/?s={search_term_string}"},"query-input":{"@type":"PropertyValueSpecification","valueRequired":true,"valueName":"search_term_string"}}],"inLanguage":"es"},{"@type":"Organization","@id":"https:\/\/daxel.mx\/blog\/#organization","name":"D\u00e1xel","url":"https:\/\/daxel.mx\/blog\/","logo":{"@type":"ImageObject","inLanguage":"es","@id":"https:\/\/daxel.mx\/blog\/#\/schema\/logo\/image\/","url":"https:\/\/daxel.mx\/blog\/wp-content\/uploads\/2018\/01\/Horizontal-Gradiente.png","contentUrl":"https:\/\/daxel.mx\/blog\/wp-content\/uploads\/2018\/01\/Horizontal-Gradiente.png","width":2748,"height":1152,"caption":"D\u00e1xel"},"image":{"@id":"https:\/\/daxel.mx\/blog\/#\/schema\/logo\/image\/"},"sameAs":["https:\/\/www.facebook.com\/DaxelDomoticaAudiovisual\/","https:\/\/www.linkedin.com\/company\/d\u00e1xel\/"]},{"@type":"Person","@id":"https:\/\/daxel.mx\/blog\/#\/schema\/person\/da4f122a1134e8607516450127da9dfa","name":"programacion","image":{"@type":"ImageObject","inLanguage":"es","@id":"https:\/\/secure.gravatar.com\/avatar\/9d3dfe9b12b7a0a3e2fb00f12839f14fd06d5319a3517c04f2fd4ba0024ec4f0?s=96&d=identicon&r=g","url":"https:\/\/secure.gravatar.com\/avatar\/9d3dfe9b12b7a0a3e2fb00f12839f14fd06d5319a3517c04f2fd4ba0024ec4f0?s=96&d=identicon&r=g","contentUrl":"https:\/\/secure.gravatar.com\/avatar\/9d3dfe9b12b7a0a3e2fb00f12839f14fd06d5319a3517c04f2fd4ba0024ec4f0?s=96&d=identicon&r=g","caption":"programacion"},"url":"https:\/\/daxel.mx\/blog\/author\/programacion\/"}]}},"jetpack_publicize_connections":[],"_links":{"self":[{"href":"https:\/\/daxel.mx\/blog\/wp-json\/wp\/v2\/posts\/729","targetHints":{"allow":["GET"]}}],"collection":[{"href":"https:\/\/daxel.mx\/blog\/wp-json\/wp\/v2\/posts"}],"about":[{"href":"https:\/\/daxel.mx\/blog\/wp-json\/wp\/v2\/types\/post"}],"author":[{"embeddable":true,"href":"https:\/\/daxel.mx\/blog\/wp-json\/wp\/v2\/users\/342"}],"replies":[{"embeddable":true,"href":"https:\/\/daxel.mx\/blog\/wp-json\/wp\/v2\/comments?post=729"}],"version-history":[{"count":1,"href":"https:\/\/daxel.mx\/blog\/wp-json\/wp\/v2\/posts\/729\/revisions"}],"predecessor-version":[{"id":739,"href":"https:\/\/daxel.mx\/blog\/wp-json\/wp\/v2\/posts\/729\/revisions\/739"}],"wp:featuredmedia":[{"embeddable":true,"href":"https:\/\/daxel.mx\/blog\/wp-json\/wp\/v2\/media\/99"}],"wp:attachment":[{"href":"https:\/\/daxel.mx\/blog\/wp-json\/wp\/v2\/media?parent=729"}],"wp:term":[{"taxonomy":"category","embeddable":true,"href":"https:\/\/daxel.mx\/blog\/wp-json\/wp\/v2\/categories?post=729"},{"taxonomy":"post_tag","embeddable":true,"href":"https:\/\/daxel.mx\/blog\/wp-json\/wp\/v2\/tags?post=729"}],"curies":[{"name":"wp","href":"https:\/\/api.w.org\/{rel}","templated":true}]}}