{"id":748,"date":"2024-07-02T10:04:33","date_gmt":"2024-07-02T16:04:33","guid":{"rendered":"https:\/\/daxel.mx\/blog\/?p=748"},"modified":"2024-06-03T10:12:38","modified_gmt":"2024-06-03T16:12:38","slug":"la-instalacion-de-proyectores-vs-el-uso-de-pantallas-en-auditorios","status":"publish","type":"post","link":"https:\/\/daxel.mx\/blog\/2024\/07\/02\/la-instalacion-de-proyectores-vs-el-uso-de-pantallas-en-auditorios\/","title":{"rendered":"La instalaci\u00f3n de proyectores vs el uso de pantallas en auditorios"},"content":{"rendered":"<p>Para muchas empresas, la <a href=\"https:\/\/daxel.mx\/instalacion-de-proyectores.php\"><strong>instalaci\u00f3n de proyectores<\/strong><\/a> resulta una soluci\u00f3n ideal cuando se habla de la visualizaci\u00f3n en espacios importantes como los auditorios. Sin embargo, algunas otras prefieren el uso de m\u00faltiples pantallas que permitan ense\u00f1ar presentaciones de manera eficiente. La realidad es que ambos elementos cuentan con sus propios beneficios y contras que deben ser tomadas en cuenta.<\/p>\n<p>En el caso de los proyectores, es importante destacar su f\u00e1cil y r\u00e1pida instalaci\u00f3n y su mayor superficie de proyecci\u00f3n, lo que los posiciona como una opci\u00f3n m\u00e1s eficaz. En D\u00e1xel les ense\u00f1aremos todo lo que deben saber sobre este tema con el fin de compartir informaci\u00f3n confiable, a continuaci\u00f3n.<\/p>\n<h2>\u00bfPor qu\u00e9 preferir la <a href=\"https:\/\/daxel.mx\/instalacion-de-proyectores.php\"><strong>instalaci\u00f3n de proyectores<\/strong><\/a> sobre las pantallas?<\/h2>\n<p>Tal y como dijimos antes, la <a href=\"https:\/\/daxel.mx\/instalacion-de-proyectores.php\"><strong>instalaci\u00f3n de proyectores<\/strong><\/a> trae consigo un extenso repertorio de beneficios a tener en cuenta en todo momento y que llegan a ser m\u00e1s atractivos en comparaci\u00f3n con las pantallas. Para comenzar, es importante destacar que estos dispositivos resultan ideales para espacios de grandes dimensiones como los auditorios, ya que permiten una excelente visualizaci\u00f3n para cada uno de los presentes.<\/p>\n<p>Adem\u00e1s, el tiempo de instalaci\u00f3n resulta mucho menor que el de las pantallas ya que se cuenta con un sistema integrado, sin embargo, es recomendable contar con la presencia de especialistas para garantizar una instalaci\u00f3n adecuada. De igual forma, es preciso seguir al pie de la letra las instrucciones del fabricante y diversos aspectos de importancia como la ubicaci\u00f3n, claridad y dem\u00e1s para obtener un m\u00e1ximo aprovechamiento.<\/p>\n<p>La experiencia visual resulta mucho m\u00e1s beneficiosa con estos dispositivos, ya que proporcionan la oportunidad de reuniones y conferencias mucho m\u00e1s envolventes. Sin mencionar que resulta sumamente sencillo y pr\u00e1ctico aprovechar sus funciones para realizar presentaciones a gran escala, algo que con las pantallas llega a complicarse en algunas situaciones. El <a href=\"https:\/\/daxel.mx\/sistema-de-audio-y-video-para-auditorios.php\"><strong>sistema de audio y video para auditorios<\/strong><\/a> m\u00e1s completo incluye todos los componentes de los proyectores, adem\u00e1s de un audio adecuado para que la experiencia en auditorios sea excepcional.<\/p>\n<ul>\n<li>Experiencia en reuniones y juntas importantes optimizada.<\/li>\n<li>Alto nivel de fiabilidad en todo momento.<\/li>\n<li>F\u00e1cil y r\u00e1pida instalaci\u00f3n.<\/li>\n<li>Sencillos de comprender y aprovechar.<\/li>\n<li>Mayor visualizaci\u00f3n en presentaciones que beneficia los procesos de aprendizaje.<\/li>\n<li>Un \u00fanico elemento que incluye sus distintos componentes para comenzar a disfrutar pr\u00e1cticamente de inmediato.<\/li>\n<li>Mejor imagen corporativa al ofrecer un adecuado nivel de profesionalismo.<\/li>\n<\/ul>\n<h3>\u00bfLos proyectores s\u00f3lo se pueden utilizar en auditorios?<\/h3>\n<p>En auditorios, representan una excelente soluci\u00f3n para abarcar el alto nivel de demanda, sin embargo, no es el \u00fanico lugar dentro de las empresas donde resultan de mucha utilidad. De hecho, estamos hablando de dispositivos sumamente vers\u00e1tiles y flexibles que se adaptan a las necesidades de cada tipo de empresa y su espacio.<\/p>\n<p>Hoy en d\u00eda es posible hallar en el mercado una excelente diversidad en marcas, capacidades, caracter\u00edsticas exclusivas y mucho m\u00e1s. Por lo que cada negocio, vivienda, instituci\u00f3n formativa, empresa o espacio que requiera de sus funciones, podr\u00e1 contar con un elemento ideal seg\u00fan sus requerimientos.<\/p>\n<h3>Otros beneficios indirectos del uso de proyectores<\/h3>\n<p>Un aspecto clave a tener en cuenta es que estos elementos para <a href=\"https:\/\/daxel.mx\/sistemas-de-videoconferencia.php\"><strong>sistemas de videoconferencia<\/strong><\/a> permiten optimizar la comunicaci\u00f3n y colaboraci\u00f3n de los trabajadores. La facilidad de visualizaci\u00f3n fomenta la participaci\u00f3n y hace que el proceso de aprendizaje sea mucho m\u00e1s significativo y beneficioso en cada trabajador.<\/p>\n<p>Adem\u00e1s, permite trabajar en equipo mediante una sola pantalla compartida con las dimensiones adecuadas para distintos tipos de espacios. Por otra parte, es importante destacar que, los proyectores en comparaci\u00f3n con las pantallas convencionales, resultan mucho m\u00e1s econ\u00f3micos y pr\u00e1cticos.<\/p>\n<p>Por \u00faltimo y, como mencionamos antes, la presencia de proyectores dentro de salas de juntas, auditorios, oficinas y salas de videoconferencia, proporcionan una imagen profesional mucho m\u00e1s representativa. No es casualidad que las grandes corporaciones implementan m\u00faltiples dispositivos de este tipo para mejorar sus juntas y conferencias. De hecho, su implementaci\u00f3n resulta estrat\u00e9gica debido a todo lo que son capaces de brindar.<\/p>\n<h3>Ciclo de vida de los dispositivos<\/h3>\n<p>El ciclo de vida puede llegar a variar dependiendo el tipo de proyector del que estemos hablando, sus capacidades y caracter\u00edsticas exclusivas. Sin embargo, los proyectos de marcas conocidas y de calidad como los de D\u00e1xel suelen ser resistentes y duraderos y ofrecen una amplia cantidad de horas de vida \u00fatil de los distintos componentes.<\/p>\n<h2>D\u00e1xel: amplia gama de proyectores de la m\u00e1s alta calidad<\/h2>\n<p>Quedan claros los principales motivos por los que la <a href=\"https:\/\/daxel.mx\/instalacion-de-proyectores.php\"><strong>instalaci\u00f3n de proyectores<\/strong><\/a> se posiciona como una alternativa a considerar sobre el uso de m\u00faltiples pantallas en espacios empresariales. Gracias a estos dispositivos es posible satisfacer las necesidades de distintos tipos de espacios de la mejor manera posible y sin ning\u00fan tipo de complicaci\u00f3n.<\/p>\n<p>D\u00e1xel es una empresa tecnol\u00f3gica especializada con a\u00f1os de experiencia brindando soluciones innovadoras a las empresas que buscan un crecimiento envidiable. \u00bfQuieren conocer m\u00e1s sobre nuestros proyectores o los servicios que ofrecemos? Les invitamos a comunicarse con nosotros a trav\u00e9s del correo electr\u00f3nico <a href=\"mailto:contacto@daxel.mx\">contacto@daxel.mx<\/a> o, mediante el n\u00famero de tel\u00e9fono (477) 555 72 00 para descubrir toda la informaci\u00f3n que buscan.<\/p>\n","protected":false},"excerpt":{"rendered":"<p>Para muchas empresas, la instalaci\u00f3n de proyectores resulta una soluci\u00f3n ideal cuando se habla de la visualizaci\u00f3n en espacios importantes como los auditorios. Sin embargo, algunas otras prefieren el uso de m\u00faltiples pantallas que permitan ense\u00f1ar presentaciones de manera eficiente. La realidad es que ambos elementos cuentan con sus propios beneficios y contras que deben&hellip; <br \/> <a class=\"read-more\" href=\"https:\/\/daxel.mx\/blog\/2024\/07\/02\/la-instalacion-de-proyectores-vs-el-uso-de-pantallas-en-auditorios\/\">Leer m\u00e1s<\/a><\/p>\n","protected":false},"author":342,"featured_media":96,"comment_status":"closed","ping_status":"closed","sticky":false,"template":"","format":"standard","meta":{"footnotes":"","jetpack_publicize_message":"","jetpack_publicize_feature_enabled":true,"jetpack_social_post_already_shared":true,"jetpack_social_options":{"image_generator_settings":{"template":"highway","default_image_id":0,"font":"","enabled":false},"version":2}},"categories":[37],"tags":[],"class_list":["post-748","post","type-post","status-publish","format-standard","has-post-thumbnail","hentry","category-blog"],"yoast_head":"<!-- This site is optimized with the Yoast SEO plugin v27.3 - https:\/\/yoast.com\/product\/yoast-seo-wordpress\/ -->\n<title>La instalaci\u00f3n de proyectores vs el uso de pantallas en auditorios<\/title>\n<meta name=\"description\" content=\"Conozcan algunos datos comparativos entre la instalaci\u00f3n de proyectores y el uso de pantallas en auditorios corporativos\" \/>\n<meta name=\"robots\" content=\"index, follow, max-snippet:-1, max-image-preview:large, max-video-preview:-1\" \/>\n<link rel=\"canonical\" href=\"https:\/\/daxel.mx\/blog\/2024\/07\/02\/la-instalacion-de-proyectores-vs-el-uso-de-pantallas-en-auditorios\/\" \/>\n<meta property=\"og:locale\" content=\"es_MX\" \/>\n<meta property=\"og:type\" content=\"article\" \/>\n<meta property=\"og:title\" content=\"La instalaci\u00f3n de proyectores vs el uso de pantallas en auditorios\" \/>\n<meta property=\"og:description\" content=\"Conozcan algunos datos comparativos entre la instalaci\u00f3n de proyectores y el uso de pantallas en auditorios corporativos\" \/>\n<meta property=\"og:url\" content=\"https:\/\/daxel.mx\/blog\/2024\/07\/02\/la-instalacion-de-proyectores-vs-el-uso-de-pantallas-en-auditorios\/\" \/>\n<meta property=\"og:site_name\" content=\"D\u00e1xel Blog\" \/>\n<meta property=\"article:publisher\" content=\"https:\/\/www.facebook.com\/DaxelDomoticaAudiovisual\/\" \/>\n<meta property=\"article:published_time\" content=\"2024-07-02T16:04:33+00:00\" \/>\n<meta property=\"og:image\" content=\"https:\/\/daxel.mx\/blog\/wp-content\/uploads\/2018\/06\/ugn-silao-conf-03.jpg\" \/>\n\t<meta property=\"og:image:width\" content=\"2048\" \/>\n\t<meta property=\"og:image:height\" content=\"1536\" \/>\n\t<meta property=\"og:image:type\" content=\"image\/jpeg\" \/>\n<meta name=\"author\" content=\"programacion\" \/>\n<meta name=\"twitter:card\" content=\"summary_large_image\" \/>\n<meta name=\"twitter:label1\" content=\"Escrito por\" \/>\n\t<meta name=\"twitter:data1\" content=\"programacion\" \/>\n\t<meta name=\"twitter:label2\" content=\"Tiempo de lectura\" \/>\n\t<meta name=\"twitter:data2\" content=\"5 minutos\" \/>\n<script type=\"application\/ld+json\" class=\"yoast-schema-graph\">{\"@context\":\"https:\\\/\\\/schema.org\",\"@graph\":[{\"@type\":\"Article\",\"@id\":\"https:\\\/\\\/daxel.mx\\\/blog\\\/2024\\\/07\\\/02\\\/la-instalacion-de-proyectores-vs-el-uso-de-pantallas-en-auditorios\\\/#article\",\"isPartOf\":{\"@id\":\"https:\\\/\\\/daxel.mx\\\/blog\\\/2024\\\/07\\\/02\\\/la-instalacion-de-proyectores-vs-el-uso-de-pantallas-en-auditorios\\\/\"},\"author\":{\"name\":\"programacion\",\"@id\":\"https:\\\/\\\/daxel.mx\\\/blog\\\/#\\\/schema\\\/person\\\/da4f122a1134e8607516450127da9dfa\"},\"headline\":\"La instalaci\u00f3n de proyectores vs el uso de pantallas en auditorios\",\"datePublished\":\"2024-07-02T16:04:33+00:00\",\"mainEntityOfPage\":{\"@id\":\"https:\\\/\\\/daxel.mx\\\/blog\\\/2024\\\/07\\\/02\\\/la-instalacion-de-proyectores-vs-el-uso-de-pantallas-en-auditorios\\\/\"},\"wordCount\":921,\"publisher\":{\"@id\":\"https:\\\/\\\/daxel.mx\\\/blog\\\/#organization\"},\"image\":{\"@id\":\"https:\\\/\\\/daxel.mx\\\/blog\\\/2024\\\/07\\\/02\\\/la-instalacion-de-proyectores-vs-el-uso-de-pantallas-en-auditorios\\\/#primaryimage\"},\"thumbnailUrl\":\"https:\\\/\\\/daxel.mx\\\/blog\\\/wp-content\\\/uploads\\\/2018\\\/06\\\/ugn-silao-conf-03.jpg\",\"articleSection\":[\"blog\"],\"inLanguage\":\"es\"},{\"@type\":\"WebPage\",\"@id\":\"https:\\\/\\\/daxel.mx\\\/blog\\\/2024\\\/07\\\/02\\\/la-instalacion-de-proyectores-vs-el-uso-de-pantallas-en-auditorios\\\/\",\"url\":\"https:\\\/\\\/daxel.mx\\\/blog\\\/2024\\\/07\\\/02\\\/la-instalacion-de-proyectores-vs-el-uso-de-pantallas-en-auditorios\\\/\",\"name\":\"La instalaci\u00f3n de proyectores vs el uso de pantallas en auditorios\",\"isPartOf\":{\"@id\":\"https:\\\/\\\/daxel.mx\\\/blog\\\/#website\"},\"primaryImageOfPage\":{\"@id\":\"https:\\\/\\\/daxel.mx\\\/blog\\\/2024\\\/07\\\/02\\\/la-instalacion-de-proyectores-vs-el-uso-de-pantallas-en-auditorios\\\/#primaryimage\"},\"image\":{\"@id\":\"https:\\\/\\\/daxel.mx\\\/blog\\\/2024\\\/07\\\/02\\\/la-instalacion-de-proyectores-vs-el-uso-de-pantallas-en-auditorios\\\/#primaryimage\"},\"thumbnailUrl\":\"https:\\\/\\\/daxel.mx\\\/blog\\\/wp-content\\\/uploads\\\/2018\\\/06\\\/ugn-silao-conf-03.jpg\",\"datePublished\":\"2024-07-02T16:04:33+00:00\",\"description\":\"Conozcan algunos datos comparativos entre la instalaci\u00f3n de proyectores y el uso de pantallas en auditorios corporativos\",\"breadcrumb\":{\"@id\":\"https:\\\/\\\/daxel.mx\\\/blog\\\/2024\\\/07\\\/02\\\/la-instalacion-de-proyectores-vs-el-uso-de-pantallas-en-auditorios\\\/#breadcrumb\"},\"inLanguage\":\"es\",\"potentialAction\":[{\"@type\":\"ReadAction\",\"target\":[\"https:\\\/\\\/daxel.mx\\\/blog\\\/2024\\\/07\\\/02\\\/la-instalacion-de-proyectores-vs-el-uso-de-pantallas-en-auditorios\\\/\"]}]},{\"@type\":\"ImageObject\",\"inLanguage\":\"es\",\"@id\":\"https:\\\/\\\/daxel.mx\\\/blog\\\/2024\\\/07\\\/02\\\/la-instalacion-de-proyectores-vs-el-uso-de-pantallas-en-auditorios\\\/#primaryimage\",\"url\":\"https:\\\/\\\/daxel.mx\\\/blog\\\/wp-content\\\/uploads\\\/2018\\\/06\\\/ugn-silao-conf-03.jpg\",\"contentUrl\":\"https:\\\/\\\/daxel.mx\\\/blog\\\/wp-content\\\/uploads\\\/2018\\\/06\\\/ugn-silao-conf-03.jpg\",\"width\":2048,\"height\":1536,\"caption\":\"Sala de conferencias en la planta de UGN en Silao, Gto.\"},{\"@type\":\"BreadcrumbList\",\"@id\":\"https:\\\/\\\/daxel.mx\\\/blog\\\/2024\\\/07\\\/02\\\/la-instalacion-de-proyectores-vs-el-uso-de-pantallas-en-auditorios\\\/#breadcrumb\",\"itemListElement\":[{\"@type\":\"ListItem\",\"position\":1,\"name\":\"Inicio\",\"item\":\"https:\\\/\\\/daxel.mx\\\/blog\\\/\"},{\"@type\":\"ListItem\",\"position\":2,\"name\":\"La instalaci\u00f3n de proyectores vs el uso de pantallas en auditorios\"}]},{\"@type\":\"WebSite\",\"@id\":\"https:\\\/\\\/daxel.mx\\\/blog\\\/#website\",\"url\":\"https:\\\/\\\/daxel.mx\\\/blog\\\/\",\"name\":\"D\u00e1xel Blog\",\"description\":\"Temas de Dom\u00f3tica Audiovisual\",\"publisher\":{\"@id\":\"https:\\\/\\\/daxel.mx\\\/blog\\\/#organization\"},\"potentialAction\":[{\"@type\":\"SearchAction\",\"target\":{\"@type\":\"EntryPoint\",\"urlTemplate\":\"https:\\\/\\\/daxel.mx\\\/blog\\\/?s={search_term_string}\"},\"query-input\":{\"@type\":\"PropertyValueSpecification\",\"valueRequired\":true,\"valueName\":\"search_term_string\"}}],\"inLanguage\":\"es\"},{\"@type\":\"Organization\",\"@id\":\"https:\\\/\\\/daxel.mx\\\/blog\\\/#organization\",\"name\":\"D\u00e1xel\",\"url\":\"https:\\\/\\\/daxel.mx\\\/blog\\\/\",\"logo\":{\"@type\":\"ImageObject\",\"inLanguage\":\"es\",\"@id\":\"https:\\\/\\\/daxel.mx\\\/blog\\\/#\\\/schema\\\/logo\\\/image\\\/\",\"url\":\"https:\\\/\\\/daxel.mx\\\/blog\\\/wp-content\\\/uploads\\\/2018\\\/01\\\/Horizontal-Gradiente.png\",\"contentUrl\":\"https:\\\/\\\/daxel.mx\\\/blog\\\/wp-content\\\/uploads\\\/2018\\\/01\\\/Horizontal-Gradiente.png\",\"width\":2748,\"height\":1152,\"caption\":\"D\u00e1xel\"},\"image\":{\"@id\":\"https:\\\/\\\/daxel.mx\\\/blog\\\/#\\\/schema\\\/logo\\\/image\\\/\"},\"sameAs\":[\"https:\\\/\\\/www.facebook.com\\\/DaxelDomoticaAudiovisual\\\/\",\"https:\\\/\\\/www.linkedin.com\\\/company\\\/d\u00e1xel\\\/\"]},{\"@type\":\"Person\",\"@id\":\"https:\\\/\\\/daxel.mx\\\/blog\\\/#\\\/schema\\\/person\\\/da4f122a1134e8607516450127da9dfa\",\"name\":\"programacion\",\"image\":{\"@type\":\"ImageObject\",\"inLanguage\":\"es\",\"@id\":\"https:\\\/\\\/secure.gravatar.com\\\/avatar\\\/9d3dfe9b12b7a0a3e2fb00f12839f14fd06d5319a3517c04f2fd4ba0024ec4f0?s=96&d=identicon&r=g\",\"url\":\"https:\\\/\\\/secure.gravatar.com\\\/avatar\\\/9d3dfe9b12b7a0a3e2fb00f12839f14fd06d5319a3517c04f2fd4ba0024ec4f0?s=96&d=identicon&r=g\",\"contentUrl\":\"https:\\\/\\\/secure.gravatar.com\\\/avatar\\\/9d3dfe9b12b7a0a3e2fb00f12839f14fd06d5319a3517c04f2fd4ba0024ec4f0?s=96&d=identicon&r=g\",\"caption\":\"programacion\"},\"url\":\"https:\\\/\\\/daxel.mx\\\/blog\\\/author\\\/programacion\\\/\"}]}<\/script>\n<!-- \/ Yoast SEO plugin. -->","yoast_head_json":{"title":"La instalaci\u00f3n de proyectores vs el uso de pantallas en auditorios","description":"Conozcan algunos datos comparativos entre la instalaci\u00f3n de proyectores y el uso de pantallas en auditorios corporativos","robots":{"index":"index","follow":"follow","max-snippet":"max-snippet:-1","max-image-preview":"max-image-preview:large","max-video-preview":"max-video-preview:-1"},"canonical":"https:\/\/daxel.mx\/blog\/2024\/07\/02\/la-instalacion-de-proyectores-vs-el-uso-de-pantallas-en-auditorios\/","og_locale":"es_MX","og_type":"article","og_title":"La instalaci\u00f3n de proyectores vs el uso de pantallas en auditorios","og_description":"Conozcan algunos datos comparativos entre la instalaci\u00f3n de proyectores y el uso de pantallas en auditorios corporativos","og_url":"https:\/\/daxel.mx\/blog\/2024\/07\/02\/la-instalacion-de-proyectores-vs-el-uso-de-pantallas-en-auditorios\/","og_site_name":"D\u00e1xel Blog","article_publisher":"https:\/\/www.facebook.com\/DaxelDomoticaAudiovisual\/","article_published_time":"2024-07-02T16:04:33+00:00","og_image":[{"width":2048,"height":1536,"url":"https:\/\/daxel.mx\/blog\/wp-content\/uploads\/2018\/06\/ugn-silao-conf-03.jpg","type":"image\/jpeg"}],"author":"programacion","twitter_card":"summary_large_image","twitter_misc":{"Escrito por":"programacion","Tiempo de lectura":"5 minutos"},"schema":{"@context":"https:\/\/schema.org","@graph":[{"@type":"Article","@id":"https:\/\/daxel.mx\/blog\/2024\/07\/02\/la-instalacion-de-proyectores-vs-el-uso-de-pantallas-en-auditorios\/#article","isPartOf":{"@id":"https:\/\/daxel.mx\/blog\/2024\/07\/02\/la-instalacion-de-proyectores-vs-el-uso-de-pantallas-en-auditorios\/"},"author":{"name":"programacion","@id":"https:\/\/daxel.mx\/blog\/#\/schema\/person\/da4f122a1134e8607516450127da9dfa"},"headline":"La instalaci\u00f3n de proyectores vs el uso de pantallas en auditorios","datePublished":"2024-07-02T16:04:33+00:00","mainEntityOfPage":{"@id":"https:\/\/daxel.mx\/blog\/2024\/07\/02\/la-instalacion-de-proyectores-vs-el-uso-de-pantallas-en-auditorios\/"},"wordCount":921,"publisher":{"@id":"https:\/\/daxel.mx\/blog\/#organization"},"image":{"@id":"https:\/\/daxel.mx\/blog\/2024\/07\/02\/la-instalacion-de-proyectores-vs-el-uso-de-pantallas-en-auditorios\/#primaryimage"},"thumbnailUrl":"https:\/\/daxel.mx\/blog\/wp-content\/uploads\/2018\/06\/ugn-silao-conf-03.jpg","articleSection":["blog"],"inLanguage":"es"},{"@type":"WebPage","@id":"https:\/\/daxel.mx\/blog\/2024\/07\/02\/la-instalacion-de-proyectores-vs-el-uso-de-pantallas-en-auditorios\/","url":"https:\/\/daxel.mx\/blog\/2024\/07\/02\/la-instalacion-de-proyectores-vs-el-uso-de-pantallas-en-auditorios\/","name":"La instalaci\u00f3n de proyectores vs el uso de pantallas en auditorios","isPartOf":{"@id":"https:\/\/daxel.mx\/blog\/#website"},"primaryImageOfPage":{"@id":"https:\/\/daxel.mx\/blog\/2024\/07\/02\/la-instalacion-de-proyectores-vs-el-uso-de-pantallas-en-auditorios\/#primaryimage"},"image":{"@id":"https:\/\/daxel.mx\/blog\/2024\/07\/02\/la-instalacion-de-proyectores-vs-el-uso-de-pantallas-en-auditorios\/#primaryimage"},"thumbnailUrl":"https:\/\/daxel.mx\/blog\/wp-content\/uploads\/2018\/06\/ugn-silao-conf-03.jpg","datePublished":"2024-07-02T16:04:33+00:00","description":"Conozcan algunos datos comparativos entre la instalaci\u00f3n de proyectores y el uso de pantallas en auditorios corporativos","breadcrumb":{"@id":"https:\/\/daxel.mx\/blog\/2024\/07\/02\/la-instalacion-de-proyectores-vs-el-uso-de-pantallas-en-auditorios\/#breadcrumb"},"inLanguage":"es","potentialAction":[{"@type":"ReadAction","target":["https:\/\/daxel.mx\/blog\/2024\/07\/02\/la-instalacion-de-proyectores-vs-el-uso-de-pantallas-en-auditorios\/"]}]},{"@type":"ImageObject","inLanguage":"es","@id":"https:\/\/daxel.mx\/blog\/2024\/07\/02\/la-instalacion-de-proyectores-vs-el-uso-de-pantallas-en-auditorios\/#primaryimage","url":"https:\/\/daxel.mx\/blog\/wp-content\/uploads\/2018\/06\/ugn-silao-conf-03.jpg","contentUrl":"https:\/\/daxel.mx\/blog\/wp-content\/uploads\/2018\/06\/ugn-silao-conf-03.jpg","width":2048,"height":1536,"caption":"Sala de conferencias en la planta de UGN en Silao, Gto."},{"@type":"BreadcrumbList","@id":"https:\/\/daxel.mx\/blog\/2024\/07\/02\/la-instalacion-de-proyectores-vs-el-uso-de-pantallas-en-auditorios\/#breadcrumb","itemListElement":[{"@type":"ListItem","position":1,"name":"Inicio","item":"https:\/\/daxel.mx\/blog\/"},{"@type":"ListItem","position":2,"name":"La instalaci\u00f3n de proyectores vs el uso de pantallas en auditorios"}]},{"@type":"WebSite","@id":"https:\/\/daxel.mx\/blog\/#website","url":"https:\/\/daxel.mx\/blog\/","name":"D\u00e1xel Blog","description":"Temas de Dom\u00f3tica Audiovisual","publisher":{"@id":"https:\/\/daxel.mx\/blog\/#organization"},"potentialAction":[{"@type":"SearchAction","target":{"@type":"EntryPoint","urlTemplate":"https:\/\/daxel.mx\/blog\/?s={search_term_string}"},"query-input":{"@type":"PropertyValueSpecification","valueRequired":true,"valueName":"search_term_string"}}],"inLanguage":"es"},{"@type":"Organization","@id":"https:\/\/daxel.mx\/blog\/#organization","name":"D\u00e1xel","url":"https:\/\/daxel.mx\/blog\/","logo":{"@type":"ImageObject","inLanguage":"es","@id":"https:\/\/daxel.mx\/blog\/#\/schema\/logo\/image\/","url":"https:\/\/daxel.mx\/blog\/wp-content\/uploads\/2018\/01\/Horizontal-Gradiente.png","contentUrl":"https:\/\/daxel.mx\/blog\/wp-content\/uploads\/2018\/01\/Horizontal-Gradiente.png","width":2748,"height":1152,"caption":"D\u00e1xel"},"image":{"@id":"https:\/\/daxel.mx\/blog\/#\/schema\/logo\/image\/"},"sameAs":["https:\/\/www.facebook.com\/DaxelDomoticaAudiovisual\/","https:\/\/www.linkedin.com\/company\/d\u00e1xel\/"]},{"@type":"Person","@id":"https:\/\/daxel.mx\/blog\/#\/schema\/person\/da4f122a1134e8607516450127da9dfa","name":"programacion","image":{"@type":"ImageObject","inLanguage":"es","@id":"https:\/\/secure.gravatar.com\/avatar\/9d3dfe9b12b7a0a3e2fb00f12839f14fd06d5319a3517c04f2fd4ba0024ec4f0?s=96&d=identicon&r=g","url":"https:\/\/secure.gravatar.com\/avatar\/9d3dfe9b12b7a0a3e2fb00f12839f14fd06d5319a3517c04f2fd4ba0024ec4f0?s=96&d=identicon&r=g","contentUrl":"https:\/\/secure.gravatar.com\/avatar\/9d3dfe9b12b7a0a3e2fb00f12839f14fd06d5319a3517c04f2fd4ba0024ec4f0?s=96&d=identicon&r=g","caption":"programacion"},"url":"https:\/\/daxel.mx\/blog\/author\/programacion\/"}]}},"jetpack_publicize_connections":[],"_links":{"self":[{"href":"https:\/\/daxel.mx\/blog\/wp-json\/wp\/v2\/posts\/748","targetHints":{"allow":["GET"]}}],"collection":[{"href":"https:\/\/daxel.mx\/blog\/wp-json\/wp\/v2\/posts"}],"about":[{"href":"https:\/\/daxel.mx\/blog\/wp-json\/wp\/v2\/types\/post"}],"author":[{"embeddable":true,"href":"https:\/\/daxel.mx\/blog\/wp-json\/wp\/v2\/users\/342"}],"replies":[{"embeddable":true,"href":"https:\/\/daxel.mx\/blog\/wp-json\/wp\/v2\/comments?post=748"}],"version-history":[{"count":1,"href":"https:\/\/daxel.mx\/blog\/wp-json\/wp\/v2\/posts\/748\/revisions"}],"predecessor-version":[{"id":758,"href":"https:\/\/daxel.mx\/blog\/wp-json\/wp\/v2\/posts\/748\/revisions\/758"}],"wp:featuredmedia":[{"embeddable":true,"href":"https:\/\/daxel.mx\/blog\/wp-json\/wp\/v2\/media\/96"}],"wp:attachment":[{"href":"https:\/\/daxel.mx\/blog\/wp-json\/wp\/v2\/media?parent=748"}],"wp:term":[{"taxonomy":"category","embeddable":true,"href":"https:\/\/daxel.mx\/blog\/wp-json\/wp\/v2\/categories?post=748"},{"taxonomy":"post_tag","embeddable":true,"href":"https:\/\/daxel.mx\/blog\/wp-json\/wp\/v2\/tags?post=748"}],"curies":[{"name":"wp","href":"https:\/\/api.w.org\/{rel}","templated":true}]}}