{"id":768,"date":"2024-07-25T10:24:57","date_gmt":"2024-07-25T16:24:57","guid":{"rendered":"https:\/\/daxel.mx\/blog\/?p=768"},"modified":"2024-07-05T10:33:31","modified_gmt":"2024-07-05T16:33:31","slug":"senalizacion-digital-en-tiempos-de-campanas-electorales-una-alternativa-ecologica","status":"publish","type":"post","link":"https:\/\/daxel.mx\/blog\/2024\/07\/25\/senalizacion-digital-en-tiempos-de-campanas-electorales-una-alternativa-ecologica\/","title":{"rendered":"Se\u00f1alizaci\u00f3n digital en tiempos de campa\u00f1as electorales: Una alternativa ecol\u00f3gica"},"content":{"rendered":"<p>Una de las quejas m\u00e1s frecuentes de la poblaci\u00f3n mexicana durante el tiempo de elecciones, es la cantidad de basura que se genera para promocionar las campa\u00f1as de los candidatos.<\/p>\n<p>Es entendible que los candidatos tengan que hacer trabajo de campa\u00f1a para darse a conocer, pero debemos cambiar las maneras en que se promocionan los candidatos si queremos disminuir la huella de carbono que se genera durante las campa\u00f1as.<\/p>\n<p>Bajo este contexto, la <a href=\"https:\/\/daxel.mx\/senalizacion-digital.php\"><strong>se\u00f1alizaci\u00f3n digital<\/strong><\/a> o carteler\u00eda digital ha emergido como una herramienta poderosa en diversos sectores, y las campa\u00f1as electorales no son la excepci\u00f3n.<\/p>\n<p>En M\u00e9xico, donde las campa\u00f1as pol\u00edticas son un evento significativo que moviliza a millones de ciudadanos, la carteler\u00eda digital se presenta como una alternativa no solo efectiva, sino tambi\u00e9n ecol\u00f3gica y capaz de reducir el desperdicio asociado con la se\u00f1alizaci\u00f3n tradicional.<\/p>\n<h2>El problema con la se\u00f1alizaci\u00f3n tradicional<\/h2>\n<p>Cada cierta cantidad de a\u00f1os, es com\u00fan ver que, durante las campa\u00f1as electorales en M\u00e9xico, las calles se inundan de carteles, pancartas, y vallas publicitarias. Estos materiales impresos, aunque efectivos en captar la atenci\u00f3n, tienen un impacto ambiental considerable.<\/p>\n<p>La realidad es que a\u00fan hasta estos d\u00edas, la mayor\u00eda de estos materiales est\u00e1n hechos de pl\u00e1stico y otros componentes no biodegradables, lo que contribuye a la contaminaci\u00f3n y genera una cantidad significativa de residuos.<\/p>\n<p>Adem\u00e1s, la producci\u00f3n, distribuci\u00f3n y posterior eliminaci\u00f3n de estos materiales impresos consume una cantidad significativa de recursos naturales y energ\u00eda. La tinta utilizada en la impresi\u00f3n, el transporte de los materiales y la limpieza post-campa\u00f1a generan emisiones de carbono que contribuyen a\u00fan m\u00e1s al cambio clim\u00e1tico.<\/p>\n<h2>Se\u00f1alizaci\u00f3n digital: Una alternativa ecol\u00f3gica<\/h2>\n<p>La <a href=\"https:\/\/daxel.mx\/senalizacion-digital.php\"><strong>se\u00f1alizaci\u00f3n digital<\/strong><\/a> ofrece una alternativa sostenible que puede mitigar muchos de los problemas ambientales asociados con la se\u00f1alizaci\u00f3n tradicional. A continuaci\u00f3n, exploramos algunas de las <a href=\"https:\/\/daxel.mx\/blog\/2024\/05\/27\/aplicaciones-de-senalizacion-digital-para-escuelas-que-son\/\">ventajas ecol\u00f3gicas y pr\u00e1cticas de utilizar este tipo de se\u00f1alizaci\u00f3n<\/a> en campa\u00f1as electorales en M\u00e9xico.<\/p>\n<h3>1.\u00a0\u00a0\u00a0 Reducci\u00f3n de residuos<\/h3>\n<p>Una de las ventajas m\u00e1s evidentes de la carteler\u00eda digital es la reducci\u00f3n significativa de residuos. A diferencia de los carteles y pancartas tradicionales que, una vez terminada la campa\u00f1a, se convierten en basura, los paneles y pantallas digitales pueden reutilizarse para futuras campa\u00f1as o diferentes prop\u00f3sitos.<\/p>\n<p>Esto no solo reduce la cantidad de basura generada, sino que tambi\u00e9n disminuye la necesidad de producci\u00f3n continua de nuevos materiales.<\/p>\n<h3>2.\u00a0\u00a0\u00a0 Ahorro de recursos naturales<\/h3>\n<p>La producci\u00f3n de se\u00f1alizaci\u00f3n impresa requiere papel, pl\u00e1stico, tinta y otros recursos que provienen de procesos industriales intensivos en consumo de energ\u00eda. En cambio, la carteler\u00eda digital, una vez instalada, puede ser operada y actualizada con un consumo relativamente bajo de electricidad. Las pantallas LED, por ejemplo, son conocidas por su eficiencia energ\u00e9tica, lo que contribuye a un menor impacto ambiental.<\/p>\n<h3>3.\u00a0\u00a0\u00a0 Emisiones de carbono reducidas<\/h3>\n<p>El transporte y la instalaci\u00f3n de materiales impresos generan emisiones de carbono significativas. La carteler\u00eda digital, una vez instalada, no requiere transporte adicional, y los contenidos pueden ser actualizados remotamente. Esto reduce la huella de carbono asociada con las campa\u00f1as electorales.<\/p>\n<h3>4.\u00a0\u00a0\u00a0 Flexibilidad y dinamismo<\/h3>\n<p>La carteler\u00eda digital permite una mayor flexibilidad en la creaci\u00f3n y actualizaci\u00f3n de contenido. Los mensajes pueden cambiarse en tiempo real, lo que elimina la necesidad de imprimir nuevos materiales cada vez que hay una actualizaci\u00f3n o correcci\u00f3n. Esta capacidad de adaptaci\u00f3n en tiempo real no solo es m\u00e1s ecol\u00f3gica, sino que tambi\u00e9n mejora la efectividad de la campa\u00f1a, permitiendo respuestas r\u00e1pidas a eventos y noticias.<\/p>\n<h2>Implementaci\u00f3n de se\u00f1alizaci\u00f3n digital en campa\u00f1as electorales<\/h2>\n<p>Pero no es tan sencillo como solo poner pantallas por todos lados con las caras de los candidatos. Para que la <a href=\"https:\/\/daxel.mx\/senalizacion-digital.php\"><strong>se\u00f1alizaci\u00f3n digital<\/strong><\/a> sea una alternativa viable y efectiva en las campa\u00f1as electorales en M\u00e9xico, es necesario considerar varios factores clave:<\/p>\n<h3>1.\u00a0\u00a0\u00a0 Infraestructura y accesibilidad<\/h3>\n<p>Es esencial contar con la infraestructura adecuada para soportar la carteler\u00eda digital, incluyendo la disponibilidad de energ\u00eda el\u00e9ctrica confiable y el acceso a tecnolog\u00eda de punta. Las \u00e1reas urbanas en M\u00e9xico ya cuentan con una infraestructura avanzada, pero es crucial que las zonas rurales tambi\u00e9n se beneficien de estas tecnolog\u00edas.<\/p>\n<h3>2.\u00a0\u00a0\u00a0 Costos iniciales<\/h3>\n<p>Aunque la carteler\u00eda digital puede representar un ahorro a largo plazo, los costos iniciales de instalaci\u00f3n pueden ser elevados. Es importante que los partidos pol\u00edticos y los candidatos consideren estos costos como una inversi\u00f3n en sostenibilidad y eficiencia.<\/p>\n<h3>3.\u00a0\u00a0\u00a0 Contenido atractivo y relevante<\/h3>\n<p>La efectividad de la carteler\u00eda digital depende en gran medida del contenido que se muestra. Es vital crear contenido que no solo sea atractivo, sino tambi\u00e9n relevante y persuasivo. Esto requiere un enfoque estrat\u00e9gico y creativo en la producci\u00f3n de mensajes visuales y audiovisuales.<\/p>\n<h3>4.\u00a0\u00a0\u00a0 Normativas y regulaciones<\/h3>\n<p>Es fundamental que la implementaci\u00f3n de carteler\u00eda digital en campa\u00f1as electorales cumpla con las normativas y regulaciones locales. Esto incluye permisos para la instalaci\u00f3n de pantallas y el cumplimiento de las leyes electorales sobre publicidad y propaganda.<\/p>\n<p>En general, la <a href=\"https:\/\/daxel.mx\/senalizacion-digital.php\"><strong>se\u00f1alizaci\u00f3n digital<\/strong><\/a> se presenta como una soluci\u00f3n innovadora y ecol\u00f3gica para las campa\u00f1as electorales en M\u00e9xico. Al reducir los residuos, ahorrar recursos naturales y disminuir las emisiones de carbono, esta tecnolog\u00eda ofrece una alternativa sostenible a la se\u00f1alizaci\u00f3n tradicional.<\/p>\n<p>Aunque existen desaf\u00edos en t\u00e9rminos de infraestructura y costos iniciales, los beneficios a largo plazo <a href=\"https:\/\/daxel.mx\/blog\/2024\/05\/01\/senalizacion-digital-como-elemento-esencial-en-el-exito-de-aeropuertos\/\">para el medio ambiente y la efectividad d<\/a>e las campa\u00f1as pol\u00edticas son innegables.<\/p>\n<p>En un pa\u00eds donde la participaci\u00f3n ciudadana y la conciencia ambiental est\u00e1n en aumento, la adopci\u00f3n de la carteler\u00eda digital en las campa\u00f1as electorales podr\u00eda marcar un paso significativo hacia un futuro m\u00e1s sostenible y eficiente.<\/p>\n<h2>Proveedores de soluciones tecnol\u00f3gicas en M\u00e9xico<\/h2>\n<p>En Daxel ofrecemos esta soluci\u00f3n de se\u00f1alizaci\u00f3n y muchas otras soluciones dentro del campo tecnol\u00f3gico. Somos expertos en crear espacios inteligentes que generen una experiencia audiovisual de excelencia y nos especializamos en <a href=\"https:\/\/daxel.mx\/diseno-de-domotica.php\"><strong>dise\u00f1o de dom\u00f3tica<\/strong><\/a>, es decir que, programamos sistemas de<a href=\"https:\/\/daxel.mx\/automatizacion-de-casas-inteligentes.php\"><strong> automatizaci\u00f3n de casas inteligentes<\/strong><\/a> que controlan el audio, video, iluminaci\u00f3n, persianas, climas y mucho m\u00e1s desde un iPhone, un iPad o comandos de voz.<\/p>\n<p>Si gustas conocer m\u00e1s acerca de los productos y servicios que podemos ofrecer en D\u00e1xel, no dudes en ponerte en contacto con nosotros. Lo puedes hacer a trav\u00e9s del <u>tel\u00e9fono de nuestra oficina: 477 555 7200<\/u>.<\/p>\n<p>Tambi\u00e9n puedes comunicarte por medio de nuestro email: <a href=\"mailto:contacto@daxel.mx\">contacto<\/a><a href=\"mailto:contacto@daxel.mx\">@<\/a><a href=\"mailto:contacto@daxel.mx\">daxel.mx<\/a>. Tenemos sedes en Le\u00f3n, Celaya y el Valle de M\u00e9xico con cobertura en m\u00e1s de 20 ciudades. Recuerda que tenemos un proceso de servicio que te acompa\u00f1a desde el dise\u00f1o de tu proyecto hasta la puesta en marcha llave en mano.<\/p>\n","protected":false},"excerpt":{"rendered":"<p>Una de las quejas m\u00e1s frecuentes de la poblaci\u00f3n mexicana durante el tiempo de elecciones, es la cantidad de basura que se genera para promocionar las campa\u00f1as de los candidatos. Es entendible que los candidatos tengan que hacer trabajo de campa\u00f1a para darse a conocer, pero debemos cambiar las maneras en que se promocionan los&hellip; <br \/> <a class=\"read-more\" href=\"https:\/\/daxel.mx\/blog\/2024\/07\/25\/senalizacion-digital-en-tiempos-de-campanas-electorales-una-alternativa-ecologica\/\">Leer m\u00e1s<\/a><\/p>\n","protected":false},"author":342,"featured_media":778,"comment_status":"closed","ping_status":"closed","sticky":false,"template":"","format":"standard","meta":{"footnotes":"","jetpack_publicize_message":"","jetpack_publicize_feature_enabled":true,"jetpack_social_post_already_shared":true,"jetpack_social_options":{"image_generator_settings":{"template":"highway","default_image_id":0,"font":"","enabled":false},"version":2}},"categories":[37],"tags":[],"class_list":["post-768","post","type-post","status-publish","format-standard","has-post-thumbnail","hentry","category-blog"],"yoast_head":"<!-- This site is optimized with the Yoast SEO plugin v27.3 - https:\/\/yoast.com\/product\/yoast-seo-wordpress\/ -->\n<title>Se\u00f1alizaci\u00f3n digital en tiempos de campa\u00f1as electorales: Una alternativa ecol\u00f3gica<\/title>\n<meta name=\"description\" content=\"Descubre c\u00f3mo la se\u00f1alizaci\u00f3n digital puede ser una alternativa m\u00e1s ecol\u00f3gica para la promoci\u00f3n en tiempos de campa\u00f1as electorales\" \/>\n<meta name=\"robots\" content=\"index, follow, max-snippet:-1, max-image-preview:large, max-video-preview:-1\" \/>\n<link rel=\"canonical\" href=\"https:\/\/daxel.mx\/blog\/2024\/07\/25\/senalizacion-digital-en-tiempos-de-campanas-electorales-una-alternativa-ecologica\/\" \/>\n<meta property=\"og:locale\" content=\"es_MX\" \/>\n<meta property=\"og:type\" content=\"article\" \/>\n<meta property=\"og:title\" content=\"Se\u00f1alizaci\u00f3n digital en tiempos de campa\u00f1as electorales: Una alternativa ecol\u00f3gica\" \/>\n<meta property=\"og:description\" content=\"Descubre c\u00f3mo la se\u00f1alizaci\u00f3n digital puede ser una alternativa m\u00e1s ecol\u00f3gica para la promoci\u00f3n en tiempos de campa\u00f1as electorales\" \/>\n<meta property=\"og:url\" content=\"https:\/\/daxel.mx\/blog\/2024\/07\/25\/senalizacion-digital-en-tiempos-de-campanas-electorales-una-alternativa-ecologica\/\" \/>\n<meta property=\"og:site_name\" content=\"D\u00e1xel Blog\" \/>\n<meta property=\"article:publisher\" content=\"https:\/\/www.facebook.com\/DaxelDomoticaAudiovisual\/\" \/>\n<meta property=\"article:published_time\" content=\"2024-07-25T16:24:57+00:00\" \/>\n<meta property=\"og:image\" content=\"https:\/\/daxel.mx\/blog\/wp-content\/uploads\/2024\/07\/campannas-electorales.webp\" \/>\n\t<meta property=\"og:image:width\" content=\"1000\" \/>\n\t<meta property=\"og:image:height\" content=\"650\" \/>\n\t<meta property=\"og:image:type\" content=\"image\/webp\" \/>\n<meta name=\"author\" content=\"programacion\" \/>\n<meta name=\"twitter:card\" content=\"summary_large_image\" \/>\n<meta name=\"twitter:label1\" content=\"Escrito por\" \/>\n\t<meta name=\"twitter:data1\" content=\"programacion\" \/>\n\t<meta name=\"twitter:label2\" content=\"Tiempo de lectura\" \/>\n\t<meta name=\"twitter:data2\" content=\"6 minutos\" \/>\n<script type=\"application\/ld+json\" class=\"yoast-schema-graph\">{\"@context\":\"https:\\\/\\\/schema.org\",\"@graph\":[{\"@type\":\"Article\",\"@id\":\"https:\\\/\\\/daxel.mx\\\/blog\\\/2024\\\/07\\\/25\\\/senalizacion-digital-en-tiempos-de-campanas-electorales-una-alternativa-ecologica\\\/#article\",\"isPartOf\":{\"@id\":\"https:\\\/\\\/daxel.mx\\\/blog\\\/2024\\\/07\\\/25\\\/senalizacion-digital-en-tiempos-de-campanas-electorales-una-alternativa-ecologica\\\/\"},\"author\":{\"name\":\"programacion\",\"@id\":\"https:\\\/\\\/daxel.mx\\\/blog\\\/#\\\/schema\\\/person\\\/da4f122a1134e8607516450127da9dfa\"},\"headline\":\"Se\u00f1alizaci\u00f3n digital en tiempos de campa\u00f1as electorales: Una alternativa ecol\u00f3gica\",\"datePublished\":\"2024-07-25T16:24:57+00:00\",\"mainEntityOfPage\":{\"@id\":\"https:\\\/\\\/daxel.mx\\\/blog\\\/2024\\\/07\\\/25\\\/senalizacion-digital-en-tiempos-de-campanas-electorales-una-alternativa-ecologica\\\/\"},\"wordCount\":1216,\"publisher\":{\"@id\":\"https:\\\/\\\/daxel.mx\\\/blog\\\/#organization\"},\"image\":{\"@id\":\"https:\\\/\\\/daxel.mx\\\/blog\\\/2024\\\/07\\\/25\\\/senalizacion-digital-en-tiempos-de-campanas-electorales-una-alternativa-ecologica\\\/#primaryimage\"},\"thumbnailUrl\":\"https:\\\/\\\/daxel.mx\\\/blog\\\/wp-content\\\/uploads\\\/2024\\\/07\\\/campannas-electorales.webp\",\"articleSection\":[\"blog\"],\"inLanguage\":\"es\"},{\"@type\":\"WebPage\",\"@id\":\"https:\\\/\\\/daxel.mx\\\/blog\\\/2024\\\/07\\\/25\\\/senalizacion-digital-en-tiempos-de-campanas-electorales-una-alternativa-ecologica\\\/\",\"url\":\"https:\\\/\\\/daxel.mx\\\/blog\\\/2024\\\/07\\\/25\\\/senalizacion-digital-en-tiempos-de-campanas-electorales-una-alternativa-ecologica\\\/\",\"name\":\"Se\u00f1alizaci\u00f3n digital en tiempos de campa\u00f1as electorales: Una alternativa ecol\u00f3gica\",\"isPartOf\":{\"@id\":\"https:\\\/\\\/daxel.mx\\\/blog\\\/#website\"},\"primaryImageOfPage\":{\"@id\":\"https:\\\/\\\/daxel.mx\\\/blog\\\/2024\\\/07\\\/25\\\/senalizacion-digital-en-tiempos-de-campanas-electorales-una-alternativa-ecologica\\\/#primaryimage\"},\"image\":{\"@id\":\"https:\\\/\\\/daxel.mx\\\/blog\\\/2024\\\/07\\\/25\\\/senalizacion-digital-en-tiempos-de-campanas-electorales-una-alternativa-ecologica\\\/#primaryimage\"},\"thumbnailUrl\":\"https:\\\/\\\/daxel.mx\\\/blog\\\/wp-content\\\/uploads\\\/2024\\\/07\\\/campannas-electorales.webp\",\"datePublished\":\"2024-07-25T16:24:57+00:00\",\"description\":\"Descubre c\u00f3mo la se\u00f1alizaci\u00f3n digital puede ser una alternativa m\u00e1s ecol\u00f3gica para la promoci\u00f3n en tiempos de campa\u00f1as electorales\",\"breadcrumb\":{\"@id\":\"https:\\\/\\\/daxel.mx\\\/blog\\\/2024\\\/07\\\/25\\\/senalizacion-digital-en-tiempos-de-campanas-electorales-una-alternativa-ecologica\\\/#breadcrumb\"},\"inLanguage\":\"es\",\"potentialAction\":[{\"@type\":\"ReadAction\",\"target\":[\"https:\\\/\\\/daxel.mx\\\/blog\\\/2024\\\/07\\\/25\\\/senalizacion-digital-en-tiempos-de-campanas-electorales-una-alternativa-ecologica\\\/\"]}]},{\"@type\":\"ImageObject\",\"inLanguage\":\"es\",\"@id\":\"https:\\\/\\\/daxel.mx\\\/blog\\\/2024\\\/07\\\/25\\\/senalizacion-digital-en-tiempos-de-campanas-electorales-una-alternativa-ecologica\\\/#primaryimage\",\"url\":\"https:\\\/\\\/daxel.mx\\\/blog\\\/wp-content\\\/uploads\\\/2024\\\/07\\\/campannas-electorales.webp\",\"contentUrl\":\"https:\\\/\\\/daxel.mx\\\/blog\\\/wp-content\\\/uploads\\\/2024\\\/07\\\/campannas-electorales.webp\",\"width\":1000,\"height\":650,\"caption\":\"Se\u00f1alizaci\u00f3n digital\"},{\"@type\":\"BreadcrumbList\",\"@id\":\"https:\\\/\\\/daxel.mx\\\/blog\\\/2024\\\/07\\\/25\\\/senalizacion-digital-en-tiempos-de-campanas-electorales-una-alternativa-ecologica\\\/#breadcrumb\",\"itemListElement\":[{\"@type\":\"ListItem\",\"position\":1,\"name\":\"Inicio\",\"item\":\"https:\\\/\\\/daxel.mx\\\/blog\\\/\"},{\"@type\":\"ListItem\",\"position\":2,\"name\":\"Se\u00f1alizaci\u00f3n digital en tiempos de campa\u00f1as electorales: Una alternativa ecol\u00f3gica\"}]},{\"@type\":\"WebSite\",\"@id\":\"https:\\\/\\\/daxel.mx\\\/blog\\\/#website\",\"url\":\"https:\\\/\\\/daxel.mx\\\/blog\\\/\",\"name\":\"D\u00e1xel Blog\",\"description\":\"Temas de Dom\u00f3tica Audiovisual\",\"publisher\":{\"@id\":\"https:\\\/\\\/daxel.mx\\\/blog\\\/#organization\"},\"potentialAction\":[{\"@type\":\"SearchAction\",\"target\":{\"@type\":\"EntryPoint\",\"urlTemplate\":\"https:\\\/\\\/daxel.mx\\\/blog\\\/?s={search_term_string}\"},\"query-input\":{\"@type\":\"PropertyValueSpecification\",\"valueRequired\":true,\"valueName\":\"search_term_string\"}}],\"inLanguage\":\"es\"},{\"@type\":\"Organization\",\"@id\":\"https:\\\/\\\/daxel.mx\\\/blog\\\/#organization\",\"name\":\"D\u00e1xel\",\"url\":\"https:\\\/\\\/daxel.mx\\\/blog\\\/\",\"logo\":{\"@type\":\"ImageObject\",\"inLanguage\":\"es\",\"@id\":\"https:\\\/\\\/daxel.mx\\\/blog\\\/#\\\/schema\\\/logo\\\/image\\\/\",\"url\":\"https:\\\/\\\/daxel.mx\\\/blog\\\/wp-content\\\/uploads\\\/2018\\\/01\\\/Horizontal-Gradiente.png\",\"contentUrl\":\"https:\\\/\\\/daxel.mx\\\/blog\\\/wp-content\\\/uploads\\\/2018\\\/01\\\/Horizontal-Gradiente.png\",\"width\":2748,\"height\":1152,\"caption\":\"D\u00e1xel\"},\"image\":{\"@id\":\"https:\\\/\\\/daxel.mx\\\/blog\\\/#\\\/schema\\\/logo\\\/image\\\/\"},\"sameAs\":[\"https:\\\/\\\/www.facebook.com\\\/DaxelDomoticaAudiovisual\\\/\",\"https:\\\/\\\/www.linkedin.com\\\/company\\\/d\u00e1xel\\\/\"]},{\"@type\":\"Person\",\"@id\":\"https:\\\/\\\/daxel.mx\\\/blog\\\/#\\\/schema\\\/person\\\/da4f122a1134e8607516450127da9dfa\",\"name\":\"programacion\",\"image\":{\"@type\":\"ImageObject\",\"inLanguage\":\"es\",\"@id\":\"https:\\\/\\\/secure.gravatar.com\\\/avatar\\\/9d3dfe9b12b7a0a3e2fb00f12839f14fd06d5319a3517c04f2fd4ba0024ec4f0?s=96&d=identicon&r=g\",\"url\":\"https:\\\/\\\/secure.gravatar.com\\\/avatar\\\/9d3dfe9b12b7a0a3e2fb00f12839f14fd06d5319a3517c04f2fd4ba0024ec4f0?s=96&d=identicon&r=g\",\"contentUrl\":\"https:\\\/\\\/secure.gravatar.com\\\/avatar\\\/9d3dfe9b12b7a0a3e2fb00f12839f14fd06d5319a3517c04f2fd4ba0024ec4f0?s=96&d=identicon&r=g\",\"caption\":\"programacion\"},\"url\":\"https:\\\/\\\/daxel.mx\\\/blog\\\/author\\\/programacion\\\/\"}]}<\/script>\n<!-- \/ Yoast SEO plugin. -->","yoast_head_json":{"title":"Se\u00f1alizaci\u00f3n digital en tiempos de campa\u00f1as electorales: Una alternativa ecol\u00f3gica","description":"Descubre c\u00f3mo la se\u00f1alizaci\u00f3n digital puede ser una alternativa m\u00e1s ecol\u00f3gica para la promoci\u00f3n en tiempos de campa\u00f1as electorales","robots":{"index":"index","follow":"follow","max-snippet":"max-snippet:-1","max-image-preview":"max-image-preview:large","max-video-preview":"max-video-preview:-1"},"canonical":"https:\/\/daxel.mx\/blog\/2024\/07\/25\/senalizacion-digital-en-tiempos-de-campanas-electorales-una-alternativa-ecologica\/","og_locale":"es_MX","og_type":"article","og_title":"Se\u00f1alizaci\u00f3n digital en tiempos de campa\u00f1as electorales: Una alternativa ecol\u00f3gica","og_description":"Descubre c\u00f3mo la se\u00f1alizaci\u00f3n digital puede ser una alternativa m\u00e1s ecol\u00f3gica para la promoci\u00f3n en tiempos de campa\u00f1as electorales","og_url":"https:\/\/daxel.mx\/blog\/2024\/07\/25\/senalizacion-digital-en-tiempos-de-campanas-electorales-una-alternativa-ecologica\/","og_site_name":"D\u00e1xel Blog","article_publisher":"https:\/\/www.facebook.com\/DaxelDomoticaAudiovisual\/","article_published_time":"2024-07-25T16:24:57+00:00","og_image":[{"width":1000,"height":650,"url":"https:\/\/daxel.mx\/blog\/wp-content\/uploads\/2024\/07\/campannas-electorales.webp","type":"image\/webp"}],"author":"programacion","twitter_card":"summary_large_image","twitter_misc":{"Escrito por":"programacion","Tiempo de lectura":"6 minutos"},"schema":{"@context":"https:\/\/schema.org","@graph":[{"@type":"Article","@id":"https:\/\/daxel.mx\/blog\/2024\/07\/25\/senalizacion-digital-en-tiempos-de-campanas-electorales-una-alternativa-ecologica\/#article","isPartOf":{"@id":"https:\/\/daxel.mx\/blog\/2024\/07\/25\/senalizacion-digital-en-tiempos-de-campanas-electorales-una-alternativa-ecologica\/"},"author":{"name":"programacion","@id":"https:\/\/daxel.mx\/blog\/#\/schema\/person\/da4f122a1134e8607516450127da9dfa"},"headline":"Se\u00f1alizaci\u00f3n digital en tiempos de campa\u00f1as electorales: Una alternativa ecol\u00f3gica","datePublished":"2024-07-25T16:24:57+00:00","mainEntityOfPage":{"@id":"https:\/\/daxel.mx\/blog\/2024\/07\/25\/senalizacion-digital-en-tiempos-de-campanas-electorales-una-alternativa-ecologica\/"},"wordCount":1216,"publisher":{"@id":"https:\/\/daxel.mx\/blog\/#organization"},"image":{"@id":"https:\/\/daxel.mx\/blog\/2024\/07\/25\/senalizacion-digital-en-tiempos-de-campanas-electorales-una-alternativa-ecologica\/#primaryimage"},"thumbnailUrl":"https:\/\/daxel.mx\/blog\/wp-content\/uploads\/2024\/07\/campannas-electorales.webp","articleSection":["blog"],"inLanguage":"es"},{"@type":"WebPage","@id":"https:\/\/daxel.mx\/blog\/2024\/07\/25\/senalizacion-digital-en-tiempos-de-campanas-electorales-una-alternativa-ecologica\/","url":"https:\/\/daxel.mx\/blog\/2024\/07\/25\/senalizacion-digital-en-tiempos-de-campanas-electorales-una-alternativa-ecologica\/","name":"Se\u00f1alizaci\u00f3n digital en tiempos de campa\u00f1as electorales: Una alternativa ecol\u00f3gica","isPartOf":{"@id":"https:\/\/daxel.mx\/blog\/#website"},"primaryImageOfPage":{"@id":"https:\/\/daxel.mx\/blog\/2024\/07\/25\/senalizacion-digital-en-tiempos-de-campanas-electorales-una-alternativa-ecologica\/#primaryimage"},"image":{"@id":"https:\/\/daxel.mx\/blog\/2024\/07\/25\/senalizacion-digital-en-tiempos-de-campanas-electorales-una-alternativa-ecologica\/#primaryimage"},"thumbnailUrl":"https:\/\/daxel.mx\/blog\/wp-content\/uploads\/2024\/07\/campannas-electorales.webp","datePublished":"2024-07-25T16:24:57+00:00","description":"Descubre c\u00f3mo la se\u00f1alizaci\u00f3n digital puede ser una alternativa m\u00e1s ecol\u00f3gica para la promoci\u00f3n en tiempos de campa\u00f1as electorales","breadcrumb":{"@id":"https:\/\/daxel.mx\/blog\/2024\/07\/25\/senalizacion-digital-en-tiempos-de-campanas-electorales-una-alternativa-ecologica\/#breadcrumb"},"inLanguage":"es","potentialAction":[{"@type":"ReadAction","target":["https:\/\/daxel.mx\/blog\/2024\/07\/25\/senalizacion-digital-en-tiempos-de-campanas-electorales-una-alternativa-ecologica\/"]}]},{"@type":"ImageObject","inLanguage":"es","@id":"https:\/\/daxel.mx\/blog\/2024\/07\/25\/senalizacion-digital-en-tiempos-de-campanas-electorales-una-alternativa-ecologica\/#primaryimage","url":"https:\/\/daxel.mx\/blog\/wp-content\/uploads\/2024\/07\/campannas-electorales.webp","contentUrl":"https:\/\/daxel.mx\/blog\/wp-content\/uploads\/2024\/07\/campannas-electorales.webp","width":1000,"height":650,"caption":"Se\u00f1alizaci\u00f3n digital"},{"@type":"BreadcrumbList","@id":"https:\/\/daxel.mx\/blog\/2024\/07\/25\/senalizacion-digital-en-tiempos-de-campanas-electorales-una-alternativa-ecologica\/#breadcrumb","itemListElement":[{"@type":"ListItem","position":1,"name":"Inicio","item":"https:\/\/daxel.mx\/blog\/"},{"@type":"ListItem","position":2,"name":"Se\u00f1alizaci\u00f3n digital en tiempos de campa\u00f1as electorales: Una alternativa ecol\u00f3gica"}]},{"@type":"WebSite","@id":"https:\/\/daxel.mx\/blog\/#website","url":"https:\/\/daxel.mx\/blog\/","name":"D\u00e1xel Blog","description":"Temas de Dom\u00f3tica Audiovisual","publisher":{"@id":"https:\/\/daxel.mx\/blog\/#organization"},"potentialAction":[{"@type":"SearchAction","target":{"@type":"EntryPoint","urlTemplate":"https:\/\/daxel.mx\/blog\/?s={search_term_string}"},"query-input":{"@type":"PropertyValueSpecification","valueRequired":true,"valueName":"search_term_string"}}],"inLanguage":"es"},{"@type":"Organization","@id":"https:\/\/daxel.mx\/blog\/#organization","name":"D\u00e1xel","url":"https:\/\/daxel.mx\/blog\/","logo":{"@type":"ImageObject","inLanguage":"es","@id":"https:\/\/daxel.mx\/blog\/#\/schema\/logo\/image\/","url":"https:\/\/daxel.mx\/blog\/wp-content\/uploads\/2018\/01\/Horizontal-Gradiente.png","contentUrl":"https:\/\/daxel.mx\/blog\/wp-content\/uploads\/2018\/01\/Horizontal-Gradiente.png","width":2748,"height":1152,"caption":"D\u00e1xel"},"image":{"@id":"https:\/\/daxel.mx\/blog\/#\/schema\/logo\/image\/"},"sameAs":["https:\/\/www.facebook.com\/DaxelDomoticaAudiovisual\/","https:\/\/www.linkedin.com\/company\/d\u00e1xel\/"]},{"@type":"Person","@id":"https:\/\/daxel.mx\/blog\/#\/schema\/person\/da4f122a1134e8607516450127da9dfa","name":"programacion","image":{"@type":"ImageObject","inLanguage":"es","@id":"https:\/\/secure.gravatar.com\/avatar\/9d3dfe9b12b7a0a3e2fb00f12839f14fd06d5319a3517c04f2fd4ba0024ec4f0?s=96&d=identicon&r=g","url":"https:\/\/secure.gravatar.com\/avatar\/9d3dfe9b12b7a0a3e2fb00f12839f14fd06d5319a3517c04f2fd4ba0024ec4f0?s=96&d=identicon&r=g","contentUrl":"https:\/\/secure.gravatar.com\/avatar\/9d3dfe9b12b7a0a3e2fb00f12839f14fd06d5319a3517c04f2fd4ba0024ec4f0?s=96&d=identicon&r=g","caption":"programacion"},"url":"https:\/\/daxel.mx\/blog\/author\/programacion\/"}]}},"jetpack_publicize_connections":[],"_links":{"self":[{"href":"https:\/\/daxel.mx\/blog\/wp-json\/wp\/v2\/posts\/768","targetHints":{"allow":["GET"]}}],"collection":[{"href":"https:\/\/daxel.mx\/blog\/wp-json\/wp\/v2\/posts"}],"about":[{"href":"https:\/\/daxel.mx\/blog\/wp-json\/wp\/v2\/types\/post"}],"author":[{"embeddable":true,"href":"https:\/\/daxel.mx\/blog\/wp-json\/wp\/v2\/users\/342"}],"replies":[{"embeddable":true,"href":"https:\/\/daxel.mx\/blog\/wp-json\/wp\/v2\/comments?post=768"}],"version-history":[{"count":1,"href":"https:\/\/daxel.mx\/blog\/wp-json\/wp\/v2\/posts\/768\/revisions"}],"predecessor-version":[{"id":779,"href":"https:\/\/daxel.mx\/blog\/wp-json\/wp\/v2\/posts\/768\/revisions\/779"}],"wp:featuredmedia":[{"embeddable":true,"href":"https:\/\/daxel.mx\/blog\/wp-json\/wp\/v2\/media\/778"}],"wp:attachment":[{"href":"https:\/\/daxel.mx\/blog\/wp-json\/wp\/v2\/media?parent=768"}],"wp:term":[{"taxonomy":"category","embeddable":true,"href":"https:\/\/daxel.mx\/blog\/wp-json\/wp\/v2\/categories?post=768"},{"taxonomy":"post_tag","embeddable":true,"href":"https:\/\/daxel.mx\/blog\/wp-json\/wp\/v2\/tags?post=768"}],"curies":[{"name":"wp","href":"https:\/\/api.w.org\/{rel}","templated":true}]}}