{"id":769,"date":"2024-07-27T10:24:59","date_gmt":"2024-07-27T16:24:59","guid":{"rendered":"https:\/\/daxel.mx\/blog\/?p=769"},"modified":"2024-07-05T10:34:53","modified_gmt":"2024-07-05T16:34:53","slug":"como-la-reserva-de-salas-contribuye-a-la-sostenibilidad-en-la-oficina","status":"publish","type":"post","link":"https:\/\/daxel.mx\/blog\/2024\/07\/27\/como-la-reserva-de-salas-contribuye-a-la-sostenibilidad-en-la-oficina\/","title":{"rendered":"C\u00f3mo la reserva de salas contribuye a la sostenibilidad en la oficina"},"content":{"rendered":"<p>En 2024 ya estamos experimentando las consecuencias de un mundo altamente contaminado. Con las altas temperaturas ascendiendo cada vez m\u00e1s a\u00f1o tras a\u00f1o, es innegable que nuestra forma de vida impacta mucho en la tierra en general.<\/p>\n<p>Por esto, la sostenibilidad se ha convertido en una prioridad para muchas organizaciones, y encontrar maneras de reducir el impacto ambiental y optimizar el uso de recursos es crucial.<\/p>\n<p>Una soluci\u00f3n tecnol\u00f3gica que est\u00e1 ganando terreno es el sistema de reserva de salas. Estos sistemas no solo mejoran la eficiencia operativa y la organizaci\u00f3n en el entorno laboral, sino que tambi\u00e9n contribuyen significativamente a la sostenibilidad en la oficina. A continuaci\u00f3n, exploramos c\u00f3mo los sistemas de <a href=\"https:\/\/daxel.mx\/reserva-de-salas.php\"><strong>reserva de salas<\/strong><\/a> pueden ayudar a reducir recursos y optimizar el uso del espacio mediante la tecnolog\u00eda.<\/p>\n<h2>Reducci\u00f3n de recursos<\/h2>\n<h3>1.\u00a0\u00a0\u00a0 Disminuci\u00f3n del uso de papel<\/h3>\n<p>Tradicionalmente, las reservas de salas de reuniones se gestionaban a menudo mediante m\u00e9todos manuales, como hojas de papel o pizarras. Con la implementaci\u00f3n de sistemas digitales de reserva, se elimina la necesidad de utilizar papel, reduciendo as\u00ed el consumo de recursos naturales. <a href=\"https:\/\/daxel.mx\/blog\/2024\/05\/29\/mejora-la-organizacion-de-tu-empresa-con-reserva-de-salas\/\">La digitalizaci\u00f3n de este proceso no solo es m\u00e1s eficiente<\/a>, sino que tambi\u00e9n apoya las iniciativas de sostenibilidad al reducir el desperdicio de papel y los costos asociados.<\/p>\n<h3>2.\u00a0\u00a0\u00a0 Optimizaci\u00f3n del uso de energ\u00eda<\/h3>\n<p>Los sistemas de <a href=\"https:\/\/daxel.mx\/reserva-de-salas.php\"><strong>reserva de salas<\/strong><\/a> modernas est\u00e1n dise\u00f1ados para ser energ\u00e9ticamente eficientes. Muchos de estos dispositivos utilizan tecnolog\u00edas como Power over Ethernet (PoE+), que permite que tanto la alimentaci\u00f3n el\u00e9ctrica como la conectividad de red se suministren a trav\u00e9s de un solo cable Ethernet.<\/p>\n<p>Esto reduce la necesidad de m\u00faltiples cables y enchufes el\u00e9ctricos, disminuyendo el consumo de energ\u00eda. Adem\u00e1s, algunos sistemas pueden apagarse autom\u00e1ticamente cuando no est\u00e1n en uso, ahorrando a\u00fan m\u00e1s energ\u00eda.<\/p>\n<h3>3.\u00a0\u00a0\u00a0 Reducci\u00f3n de desperdicio de recursos<\/h3>\n<p>Al utilizar sistemas de reserva, las empresas pueden llevar un control preciso de la <a href=\"https:\/\/daxel.mx\/blog\/2024\/05\/17\/desarrollo-y-control-ideal-con-sistemas-de-videoconferencia-de-calidad\/\">utilizaci\u00f3n de las salas y recursos asociados<\/a>. Esto permite a los administradores identificar patrones de uso y realizar ajustes para evitar el desperdicio.<\/p>\n<p>Por ejemplo, si se detecta que una sala es reservada pero no utilizada con frecuencia, se pueden implementar pol\u00edticas para liberar autom\u00e1ticamente la sala despu\u00e9s de un cierto periodo de inactividad, permitiendo que otros equipos la utilicen.<\/p>\n<h2>Optimizaci\u00f3n del uso del espacio<\/h2>\n<h3>1.\u00a0\u00a0\u00a0 Gesti\u00f3n eficiente de espacios<\/h3>\n<p>Una de las mayores ventajas de los sistemas de <a href=\"https:\/\/daxel.mx\/reserva-de-salas.php\"><strong>reserva de salas<\/strong><\/a> es la capacidad de gestionar y optimizar el uso del espacio de manera eficiente. Estos sistemas proporcionan datos en tiempo real sobre la disponibilidad de salas, lo que permite a los empleados encontrar y reservar espacios de reuni\u00f3n adecuados r\u00e1pidamente.<\/p>\n<p>Al mejorar la visibilidad y la accesibilidad de las salas de reuniones, se maximiza la utilizaci\u00f3n de los espacios disponibles, evitando la infrautilizaci\u00f3n o el uso excesivo de ciertas \u00e1reas.<\/p>\n<h3>2.\u00a0\u00a0\u00a0 Reducci\u00f3n de la necesidad de espacios adicionales<\/h3>\n<p>Con una gesti\u00f3n m\u00e1s eficiente del espacio, las empresas pueden evitar la necesidad de alquilar o construir espacios adicionales para reuniones. Esto no solo ahorra costos, sino que tambi\u00e9n reduce el impacto ambiental asociado con la construcci\u00f3n y el mantenimiento de nuevas instalaciones. Al utilizar de manera \u00f3ptima los espacios existentes, se minimiza la huella ecol\u00f3gica de la empresa.<\/p>\n<h3>3.\u00a0\u00a0\u00a0 Integraci\u00f3n con sensores y an\u00e1lisis de datos<\/h3>\n<p>Muchos sistemas de <a href=\"https:\/\/daxel.mx\/reserva-de-salas.php\"><strong>reserva de salas<\/strong><\/a> modernas pueden integrarse con sensores de ocupaci\u00f3n y software de an\u00e1lisis de datos. Estos sensores pueden detectar si una sala est\u00e1 realmente ocupada o no, y el software puede proporcionar informes detallados sobre el uso del espacio.<\/p>\n<p>Esta informaci\u00f3n es invaluable para los administradores de oficinas, ya que les permite tomar decisiones informadas sobre c\u00f3mo redistribuir o reorganizar los espacios para maximizar su eficiencia. Por ejemplo, si ciertos espacios se utilizan menos, pueden ser reconfigurados para otros prop\u00f3sitos, como \u00e1reas de trabajo colaborativo o estaciones de trabajo flexibles.<\/p>\n<h2>Contribuci\u00f3n a una cultura de sostenibilidad<\/h2>\n<h3>1.\u00a0\u00a0\u00a0 Fomento de pr\u00e1cticas sostenibles<\/h3>\n<p>Implementar sistemas de reserva tambi\u00e9n fomenta una cultura de sostenibilidad dentro de la organizaci\u00f3n. Al demostrar un compromiso con la reducci\u00f3n de desperdicios y la eficiencia energ\u00e9tica, las empresas pueden inspirar a sus empleados a adoptar pr\u00e1cticas m\u00e1s sostenibles en su trabajo diario. Esto puede incluir h\u00e1bitos como apagar equipos cuando no est\u00e1n en uso, reciclar adecuadamente y ser m\u00e1s conscientes del uso de los recursos.<\/p>\n<h3>2.\u00a0\u00a0\u00a0 Transparencia y responsabilidad<\/h3>\n<p>Los sistemas de reserva permiten una mayor transparencia en el uso de los recursos. Al tener acceso a datos detallados sobre la utilizaci\u00f3n de las salas, las empresas pueden responsabilizar a los equipos y departamentos por su uso de los espacios. Esto fomenta una mayor responsabilidad y puede llevar a un uso m\u00e1s consciente y eficiente de los recursos disponibles.<\/p>\n<h3>3.\u00a0\u00a0\u00a0 Reducci\u00f3n del tiempo de b\u00fasqueda de espacios<\/h3>\n<p>Finalmente, al facilitar la localizaci\u00f3n y reserva de salas disponibles, estos sistemas reducen el tiempo que los empleados pasan buscando espacios para reuniones. Menos tiempo buscando significa menos tiempo perdido, lo que aumenta la productividad y reduce el estr\u00e9s asociado con la b\u00fasqueda de espacios de trabajo adecuados.<\/p>\n<p>En general los sistemas de <a href=\"https:\/\/daxel.mx\/reserva-de-salas.php\"><strong>reserva de salas<\/strong><\/a> no solo aportan eficiencia y organizaci\u00f3n al entorno laboral, sino que tambi\u00e9n juegan un papel crucial en las iniciativas de sostenibilidad de las empresas. Aunque no de manera tan directa, estos sistemas contribuyen significativamente a la creaci\u00f3n de oficinas m\u00e1s ecol\u00f3gicas y eficientes.<\/p>\n<p>Adoptar esta tecnolog\u00eda no solo beneficia a las empresas desde una perspectiva operativa, sino que tambi\u00e9n apoya los objetivos globales de sostenibilidad y responsabilidad ambiental.<\/p>\n<h2>Proveedores de soluciones tecnol\u00f3gicas<\/h2>\n<p>En Daxel llevamos ocho a\u00f1os ofreciendo soluciones tecnol\u00f3gicas para el sector residencial, comercial y empresarial. Con equipos de video, <a href=\"https:\/\/daxel.mx\/blog\/2023\/03\/28\/consejos-para-elegir-la-musica-adecuada-para-tu-negocio\/\">sonido ambiental para negocios<\/a>, reserva de salas, <a href=\"https:\/\/daxel.mx\/senalizacion-digital.php\"><strong>se\u00f1alizaci\u00f3n digital<\/strong><\/a>, automatizaci\u00f3n de procesos, <a href=\"https:\/\/daxel.mx\/sistemas-de-videoconferencia.php\"><strong>sistemas de videoconferencia<\/strong><\/a> y muchas otras soluciones dentro del campo tecnol\u00f3gico, somos el aliado n\u00famero uno en tecnolog\u00eda de M\u00e9xico.<\/p>\n<p>Somos expertos en crear espacios inteligentes que generen una experiencia audiovisual de excelencia y nos especializamos en <a href=\"https:\/\/daxel.mx\/diseno-de-domotica.php\"><strong>dise\u00f1o de dom\u00f3tica<\/strong><\/a>, es decir que, programamos sistemas de automatizaci\u00f3n que controlan el audio, video, iluminaci\u00f3n, persianas, climas y mucho m\u00e1s desde un iPhone, un iPad o comandos de voz.<\/p>\n<p>Si gustas conocer m\u00e1s acerca de los productos y servicios que podemos ofrecer en D\u00e1xel, no dudes en ponerte en contacto con nosotros. Lo puedes hacer a trav\u00e9s del <u>tel\u00e9fono de nuestra oficina: 477 555 7200<\/u>. Tambi\u00e9n puedes comunicarte por medio de nuestro email: <a href=\"mailto:contacto@daxel.mx\">contacto<\/a><a href=\"mailto:contacto@daxel.mx\">@<\/a><a href=\"mailto:contacto@daxel.mx\">daxel.mx<\/a>. Tenemos sedes en Le\u00f3n, Celaya y el Valle de M\u00e9xico con cobertura en m\u00e1s de 20 ciudades. Recuerda que tenemos un proceso de servicio que te acompa\u00f1a desde el dise\u00f1o de tu proyecto hasta la puesta en marcha llave en mano.<\/p>\n","protected":false},"excerpt":{"rendered":"<p>En 2024 ya estamos experimentando las consecuencias de un mundo altamente contaminado. Con las altas temperaturas ascendiendo cada vez m\u00e1s a\u00f1o tras a\u00f1o, es innegable que nuestra forma de vida impacta mucho en la tierra en general. Por esto, la sostenibilidad se ha convertido en una prioridad para muchas organizaciones, y encontrar maneras de reducir&hellip; <br \/> <a class=\"read-more\" href=\"https:\/\/daxel.mx\/blog\/2024\/07\/27\/como-la-reserva-de-salas-contribuye-a-la-sostenibilidad-en-la-oficina\/\">Leer m\u00e1s<\/a><\/p>\n","protected":false},"author":342,"featured_media":560,"comment_status":"closed","ping_status":"closed","sticky":false,"template":"","format":"standard","meta":{"footnotes":"","jetpack_publicize_message":"","jetpack_publicize_feature_enabled":true,"jetpack_social_post_already_shared":true,"jetpack_social_options":{"image_generator_settings":{"template":"highway","default_image_id":0,"font":"","enabled":false},"version":2}},"categories":[37],"tags":[],"class_list":["post-769","post","type-post","status-publish","format-standard","has-post-thumbnail","hentry","category-blog"],"yoast_head":"<!-- This site is optimized with the Yoast SEO plugin v27.3 - https:\/\/yoast.com\/product\/yoast-seo-wordpress\/ -->\n<title>C\u00f3mo la reserva de salas contribuye a la sostenibilidad en la oficina<\/title>\n<meta name=\"description\" content=\"Descubre c\u00f3mo los sistemas de reserva de salas contribuyen a mejorar la sostenibilidad en la oficina\" \/>\n<meta name=\"robots\" content=\"index, follow, max-snippet:-1, max-image-preview:large, max-video-preview:-1\" \/>\n<link rel=\"canonical\" href=\"https:\/\/daxel.mx\/blog\/2024\/07\/27\/como-la-reserva-de-salas-contribuye-a-la-sostenibilidad-en-la-oficina\/\" \/>\n<meta property=\"og:locale\" content=\"es_MX\" \/>\n<meta property=\"og:type\" content=\"article\" \/>\n<meta property=\"og:title\" content=\"C\u00f3mo la reserva de salas contribuye a la sostenibilidad en la oficina\" \/>\n<meta property=\"og:description\" content=\"Descubre c\u00f3mo los sistemas de reserva de salas contribuyen a mejorar la sostenibilidad en la oficina\" \/>\n<meta property=\"og:url\" content=\"https:\/\/daxel.mx\/blog\/2024\/07\/27\/como-la-reserva-de-salas-contribuye-a-la-sostenibilidad-en-la-oficina\/\" \/>\n<meta property=\"og:site_name\" content=\"D\u00e1xel Blog\" \/>\n<meta property=\"article:publisher\" content=\"https:\/\/www.facebook.com\/DaxelDomoticaAudiovisual\/\" \/>\n<meta property=\"article:published_time\" content=\"2024-07-27T16:24:59+00:00\" \/>\n<meta property=\"og:image\" content=\"https:\/\/daxel.mx\/blog\/wp-content\/uploads\/2023\/03\/sala-lk-con-montaje-min.jpg\" \/>\n\t<meta property=\"og:image:width\" content=\"900\" \/>\n\t<meta property=\"og:image:height\" content=\"600\" \/>\n\t<meta property=\"og:image:type\" content=\"image\/jpeg\" \/>\n<meta name=\"author\" content=\"programacion\" \/>\n<meta name=\"twitter:card\" content=\"summary_large_image\" \/>\n<meta name=\"twitter:label1\" content=\"Escrito por\" \/>\n\t<meta name=\"twitter:data1\" content=\"programacion\" \/>\n\t<meta name=\"twitter:label2\" content=\"Tiempo de lectura\" \/>\n\t<meta name=\"twitter:data2\" content=\"6 minutos\" \/>\n<script type=\"application\/ld+json\" class=\"yoast-schema-graph\">{\"@context\":\"https:\\\/\\\/schema.org\",\"@graph\":[{\"@type\":\"Article\",\"@id\":\"https:\\\/\\\/daxel.mx\\\/blog\\\/2024\\\/07\\\/27\\\/como-la-reserva-de-salas-contribuye-a-la-sostenibilidad-en-la-oficina\\\/#article\",\"isPartOf\":{\"@id\":\"https:\\\/\\\/daxel.mx\\\/blog\\\/2024\\\/07\\\/27\\\/como-la-reserva-de-salas-contribuye-a-la-sostenibilidad-en-la-oficina\\\/\"},\"author\":{\"name\":\"programacion\",\"@id\":\"https:\\\/\\\/daxel.mx\\\/blog\\\/#\\\/schema\\\/person\\\/da4f122a1134e8607516450127da9dfa\"},\"headline\":\"C\u00f3mo la reserva de salas contribuye a la sostenibilidad en la oficina\",\"datePublished\":\"2024-07-27T16:24:59+00:00\",\"mainEntityOfPage\":{\"@id\":\"https:\\\/\\\/daxel.mx\\\/blog\\\/2024\\\/07\\\/27\\\/como-la-reserva-de-salas-contribuye-a-la-sostenibilidad-en-la-oficina\\\/\"},\"wordCount\":1202,\"publisher\":{\"@id\":\"https:\\\/\\\/daxel.mx\\\/blog\\\/#organization\"},\"image\":{\"@id\":\"https:\\\/\\\/daxel.mx\\\/blog\\\/2024\\\/07\\\/27\\\/como-la-reserva-de-salas-contribuye-a-la-sostenibilidad-en-la-oficina\\\/#primaryimage\"},\"thumbnailUrl\":\"https:\\\/\\\/daxel.mx\\\/blog\\\/wp-content\\\/uploads\\\/2023\\\/03\\\/sala-lk-con-montaje-min.jpg\",\"articleSection\":[\"blog\"],\"inLanguage\":\"es\"},{\"@type\":\"WebPage\",\"@id\":\"https:\\\/\\\/daxel.mx\\\/blog\\\/2024\\\/07\\\/27\\\/como-la-reserva-de-salas-contribuye-a-la-sostenibilidad-en-la-oficina\\\/\",\"url\":\"https:\\\/\\\/daxel.mx\\\/blog\\\/2024\\\/07\\\/27\\\/como-la-reserva-de-salas-contribuye-a-la-sostenibilidad-en-la-oficina\\\/\",\"name\":\"C\u00f3mo la reserva de salas contribuye a la sostenibilidad en la oficina\",\"isPartOf\":{\"@id\":\"https:\\\/\\\/daxel.mx\\\/blog\\\/#website\"},\"primaryImageOfPage\":{\"@id\":\"https:\\\/\\\/daxel.mx\\\/blog\\\/2024\\\/07\\\/27\\\/como-la-reserva-de-salas-contribuye-a-la-sostenibilidad-en-la-oficina\\\/#primaryimage\"},\"image\":{\"@id\":\"https:\\\/\\\/daxel.mx\\\/blog\\\/2024\\\/07\\\/27\\\/como-la-reserva-de-salas-contribuye-a-la-sostenibilidad-en-la-oficina\\\/#primaryimage\"},\"thumbnailUrl\":\"https:\\\/\\\/daxel.mx\\\/blog\\\/wp-content\\\/uploads\\\/2023\\\/03\\\/sala-lk-con-montaje-min.jpg\",\"datePublished\":\"2024-07-27T16:24:59+00:00\",\"description\":\"Descubre c\u00f3mo los sistemas de reserva de salas contribuyen a mejorar la sostenibilidad en la oficina\",\"breadcrumb\":{\"@id\":\"https:\\\/\\\/daxel.mx\\\/blog\\\/2024\\\/07\\\/27\\\/como-la-reserva-de-salas-contribuye-a-la-sostenibilidad-en-la-oficina\\\/#breadcrumb\"},\"inLanguage\":\"es\",\"potentialAction\":[{\"@type\":\"ReadAction\",\"target\":[\"https:\\\/\\\/daxel.mx\\\/blog\\\/2024\\\/07\\\/27\\\/como-la-reserva-de-salas-contribuye-a-la-sostenibilidad-en-la-oficina\\\/\"]}]},{\"@type\":\"ImageObject\",\"inLanguage\":\"es\",\"@id\":\"https:\\\/\\\/daxel.mx\\\/blog\\\/2024\\\/07\\\/27\\\/como-la-reserva-de-salas-contribuye-a-la-sostenibilidad-en-la-oficina\\\/#primaryimage\",\"url\":\"https:\\\/\\\/daxel.mx\\\/blog\\\/wp-content\\\/uploads\\\/2023\\\/03\\\/sala-lk-con-montaje-min.jpg\",\"contentUrl\":\"https:\\\/\\\/daxel.mx\\\/blog\\\/wp-content\\\/uploads\\\/2023\\\/03\\\/sala-lk-con-montaje-min.jpg\",\"width\":900,\"height\":600,\"caption\":\"Reserva de salas\"},{\"@type\":\"BreadcrumbList\",\"@id\":\"https:\\\/\\\/daxel.mx\\\/blog\\\/2024\\\/07\\\/27\\\/como-la-reserva-de-salas-contribuye-a-la-sostenibilidad-en-la-oficina\\\/#breadcrumb\",\"itemListElement\":[{\"@type\":\"ListItem\",\"position\":1,\"name\":\"Inicio\",\"item\":\"https:\\\/\\\/daxel.mx\\\/blog\\\/\"},{\"@type\":\"ListItem\",\"position\":2,\"name\":\"C\u00f3mo la reserva de salas contribuye a la sostenibilidad en la oficina\"}]},{\"@type\":\"WebSite\",\"@id\":\"https:\\\/\\\/daxel.mx\\\/blog\\\/#website\",\"url\":\"https:\\\/\\\/daxel.mx\\\/blog\\\/\",\"name\":\"D\u00e1xel Blog\",\"description\":\"Temas de Dom\u00f3tica Audiovisual\",\"publisher\":{\"@id\":\"https:\\\/\\\/daxel.mx\\\/blog\\\/#organization\"},\"potentialAction\":[{\"@type\":\"SearchAction\",\"target\":{\"@type\":\"EntryPoint\",\"urlTemplate\":\"https:\\\/\\\/daxel.mx\\\/blog\\\/?s={search_term_string}\"},\"query-input\":{\"@type\":\"PropertyValueSpecification\",\"valueRequired\":true,\"valueName\":\"search_term_string\"}}],\"inLanguage\":\"es\"},{\"@type\":\"Organization\",\"@id\":\"https:\\\/\\\/daxel.mx\\\/blog\\\/#organization\",\"name\":\"D\u00e1xel\",\"url\":\"https:\\\/\\\/daxel.mx\\\/blog\\\/\",\"logo\":{\"@type\":\"ImageObject\",\"inLanguage\":\"es\",\"@id\":\"https:\\\/\\\/daxel.mx\\\/blog\\\/#\\\/schema\\\/logo\\\/image\\\/\",\"url\":\"https:\\\/\\\/daxel.mx\\\/blog\\\/wp-content\\\/uploads\\\/2018\\\/01\\\/Horizontal-Gradiente.png\",\"contentUrl\":\"https:\\\/\\\/daxel.mx\\\/blog\\\/wp-content\\\/uploads\\\/2018\\\/01\\\/Horizontal-Gradiente.png\",\"width\":2748,\"height\":1152,\"caption\":\"D\u00e1xel\"},\"image\":{\"@id\":\"https:\\\/\\\/daxel.mx\\\/blog\\\/#\\\/schema\\\/logo\\\/image\\\/\"},\"sameAs\":[\"https:\\\/\\\/www.facebook.com\\\/DaxelDomoticaAudiovisual\\\/\",\"https:\\\/\\\/www.linkedin.com\\\/company\\\/d\u00e1xel\\\/\"]},{\"@type\":\"Person\",\"@id\":\"https:\\\/\\\/daxel.mx\\\/blog\\\/#\\\/schema\\\/person\\\/da4f122a1134e8607516450127da9dfa\",\"name\":\"programacion\",\"image\":{\"@type\":\"ImageObject\",\"inLanguage\":\"es\",\"@id\":\"https:\\\/\\\/secure.gravatar.com\\\/avatar\\\/9d3dfe9b12b7a0a3e2fb00f12839f14fd06d5319a3517c04f2fd4ba0024ec4f0?s=96&d=identicon&r=g\",\"url\":\"https:\\\/\\\/secure.gravatar.com\\\/avatar\\\/9d3dfe9b12b7a0a3e2fb00f12839f14fd06d5319a3517c04f2fd4ba0024ec4f0?s=96&d=identicon&r=g\",\"contentUrl\":\"https:\\\/\\\/secure.gravatar.com\\\/avatar\\\/9d3dfe9b12b7a0a3e2fb00f12839f14fd06d5319a3517c04f2fd4ba0024ec4f0?s=96&d=identicon&r=g\",\"caption\":\"programacion\"},\"url\":\"https:\\\/\\\/daxel.mx\\\/blog\\\/author\\\/programacion\\\/\"}]}<\/script>\n<!-- \/ Yoast SEO plugin. -->","yoast_head_json":{"title":"C\u00f3mo la reserva de salas contribuye a la sostenibilidad en la oficina","description":"Descubre c\u00f3mo los sistemas de reserva de salas contribuyen a mejorar la sostenibilidad en la oficina","robots":{"index":"index","follow":"follow","max-snippet":"max-snippet:-1","max-image-preview":"max-image-preview:large","max-video-preview":"max-video-preview:-1"},"canonical":"https:\/\/daxel.mx\/blog\/2024\/07\/27\/como-la-reserva-de-salas-contribuye-a-la-sostenibilidad-en-la-oficina\/","og_locale":"es_MX","og_type":"article","og_title":"C\u00f3mo la reserva de salas contribuye a la sostenibilidad en la oficina","og_description":"Descubre c\u00f3mo los sistemas de reserva de salas contribuyen a mejorar la sostenibilidad en la oficina","og_url":"https:\/\/daxel.mx\/blog\/2024\/07\/27\/como-la-reserva-de-salas-contribuye-a-la-sostenibilidad-en-la-oficina\/","og_site_name":"D\u00e1xel Blog","article_publisher":"https:\/\/www.facebook.com\/DaxelDomoticaAudiovisual\/","article_published_time":"2024-07-27T16:24:59+00:00","og_image":[{"width":900,"height":600,"url":"https:\/\/daxel.mx\/blog\/wp-content\/uploads\/2023\/03\/sala-lk-con-montaje-min.jpg","type":"image\/jpeg"}],"author":"programacion","twitter_card":"summary_large_image","twitter_misc":{"Escrito por":"programacion","Tiempo de lectura":"6 minutos"},"schema":{"@context":"https:\/\/schema.org","@graph":[{"@type":"Article","@id":"https:\/\/daxel.mx\/blog\/2024\/07\/27\/como-la-reserva-de-salas-contribuye-a-la-sostenibilidad-en-la-oficina\/#article","isPartOf":{"@id":"https:\/\/daxel.mx\/blog\/2024\/07\/27\/como-la-reserva-de-salas-contribuye-a-la-sostenibilidad-en-la-oficina\/"},"author":{"name":"programacion","@id":"https:\/\/daxel.mx\/blog\/#\/schema\/person\/da4f122a1134e8607516450127da9dfa"},"headline":"C\u00f3mo la reserva de salas contribuye a la sostenibilidad en la oficina","datePublished":"2024-07-27T16:24:59+00:00","mainEntityOfPage":{"@id":"https:\/\/daxel.mx\/blog\/2024\/07\/27\/como-la-reserva-de-salas-contribuye-a-la-sostenibilidad-en-la-oficina\/"},"wordCount":1202,"publisher":{"@id":"https:\/\/daxel.mx\/blog\/#organization"},"image":{"@id":"https:\/\/daxel.mx\/blog\/2024\/07\/27\/como-la-reserva-de-salas-contribuye-a-la-sostenibilidad-en-la-oficina\/#primaryimage"},"thumbnailUrl":"https:\/\/daxel.mx\/blog\/wp-content\/uploads\/2023\/03\/sala-lk-con-montaje-min.jpg","articleSection":["blog"],"inLanguage":"es"},{"@type":"WebPage","@id":"https:\/\/daxel.mx\/blog\/2024\/07\/27\/como-la-reserva-de-salas-contribuye-a-la-sostenibilidad-en-la-oficina\/","url":"https:\/\/daxel.mx\/blog\/2024\/07\/27\/como-la-reserva-de-salas-contribuye-a-la-sostenibilidad-en-la-oficina\/","name":"C\u00f3mo la reserva de salas contribuye a la sostenibilidad en la oficina","isPartOf":{"@id":"https:\/\/daxel.mx\/blog\/#website"},"primaryImageOfPage":{"@id":"https:\/\/daxel.mx\/blog\/2024\/07\/27\/como-la-reserva-de-salas-contribuye-a-la-sostenibilidad-en-la-oficina\/#primaryimage"},"image":{"@id":"https:\/\/daxel.mx\/blog\/2024\/07\/27\/como-la-reserva-de-salas-contribuye-a-la-sostenibilidad-en-la-oficina\/#primaryimage"},"thumbnailUrl":"https:\/\/daxel.mx\/blog\/wp-content\/uploads\/2023\/03\/sala-lk-con-montaje-min.jpg","datePublished":"2024-07-27T16:24:59+00:00","description":"Descubre c\u00f3mo los sistemas de reserva de salas contribuyen a mejorar la sostenibilidad en la oficina","breadcrumb":{"@id":"https:\/\/daxel.mx\/blog\/2024\/07\/27\/como-la-reserva-de-salas-contribuye-a-la-sostenibilidad-en-la-oficina\/#breadcrumb"},"inLanguage":"es","potentialAction":[{"@type":"ReadAction","target":["https:\/\/daxel.mx\/blog\/2024\/07\/27\/como-la-reserva-de-salas-contribuye-a-la-sostenibilidad-en-la-oficina\/"]}]},{"@type":"ImageObject","inLanguage":"es","@id":"https:\/\/daxel.mx\/blog\/2024\/07\/27\/como-la-reserva-de-salas-contribuye-a-la-sostenibilidad-en-la-oficina\/#primaryimage","url":"https:\/\/daxel.mx\/blog\/wp-content\/uploads\/2023\/03\/sala-lk-con-montaje-min.jpg","contentUrl":"https:\/\/daxel.mx\/blog\/wp-content\/uploads\/2023\/03\/sala-lk-con-montaje-min.jpg","width":900,"height":600,"caption":"Reserva de salas"},{"@type":"BreadcrumbList","@id":"https:\/\/daxel.mx\/blog\/2024\/07\/27\/como-la-reserva-de-salas-contribuye-a-la-sostenibilidad-en-la-oficina\/#breadcrumb","itemListElement":[{"@type":"ListItem","position":1,"name":"Inicio","item":"https:\/\/daxel.mx\/blog\/"},{"@type":"ListItem","position":2,"name":"C\u00f3mo la reserva de salas contribuye a la sostenibilidad en la oficina"}]},{"@type":"WebSite","@id":"https:\/\/daxel.mx\/blog\/#website","url":"https:\/\/daxel.mx\/blog\/","name":"D\u00e1xel Blog","description":"Temas de Dom\u00f3tica Audiovisual","publisher":{"@id":"https:\/\/daxel.mx\/blog\/#organization"},"potentialAction":[{"@type":"SearchAction","target":{"@type":"EntryPoint","urlTemplate":"https:\/\/daxel.mx\/blog\/?s={search_term_string}"},"query-input":{"@type":"PropertyValueSpecification","valueRequired":true,"valueName":"search_term_string"}}],"inLanguage":"es"},{"@type":"Organization","@id":"https:\/\/daxel.mx\/blog\/#organization","name":"D\u00e1xel","url":"https:\/\/daxel.mx\/blog\/","logo":{"@type":"ImageObject","inLanguage":"es","@id":"https:\/\/daxel.mx\/blog\/#\/schema\/logo\/image\/","url":"https:\/\/daxel.mx\/blog\/wp-content\/uploads\/2018\/01\/Horizontal-Gradiente.png","contentUrl":"https:\/\/daxel.mx\/blog\/wp-content\/uploads\/2018\/01\/Horizontal-Gradiente.png","width":2748,"height":1152,"caption":"D\u00e1xel"},"image":{"@id":"https:\/\/daxel.mx\/blog\/#\/schema\/logo\/image\/"},"sameAs":["https:\/\/www.facebook.com\/DaxelDomoticaAudiovisual\/","https:\/\/www.linkedin.com\/company\/d\u00e1xel\/"]},{"@type":"Person","@id":"https:\/\/daxel.mx\/blog\/#\/schema\/person\/da4f122a1134e8607516450127da9dfa","name":"programacion","image":{"@type":"ImageObject","inLanguage":"es","@id":"https:\/\/secure.gravatar.com\/avatar\/9d3dfe9b12b7a0a3e2fb00f12839f14fd06d5319a3517c04f2fd4ba0024ec4f0?s=96&d=identicon&r=g","url":"https:\/\/secure.gravatar.com\/avatar\/9d3dfe9b12b7a0a3e2fb00f12839f14fd06d5319a3517c04f2fd4ba0024ec4f0?s=96&d=identicon&r=g","contentUrl":"https:\/\/secure.gravatar.com\/avatar\/9d3dfe9b12b7a0a3e2fb00f12839f14fd06d5319a3517c04f2fd4ba0024ec4f0?s=96&d=identicon&r=g","caption":"programacion"},"url":"https:\/\/daxel.mx\/blog\/author\/programacion\/"}]}},"jetpack_publicize_connections":[],"_links":{"self":[{"href":"https:\/\/daxel.mx\/blog\/wp-json\/wp\/v2\/posts\/769","targetHints":{"allow":["GET"]}}],"collection":[{"href":"https:\/\/daxel.mx\/blog\/wp-json\/wp\/v2\/posts"}],"about":[{"href":"https:\/\/daxel.mx\/blog\/wp-json\/wp\/v2\/types\/post"}],"author":[{"embeddable":true,"href":"https:\/\/daxel.mx\/blog\/wp-json\/wp\/v2\/users\/342"}],"replies":[{"embeddable":true,"href":"https:\/\/daxel.mx\/blog\/wp-json\/wp\/v2\/comments?post=769"}],"version-history":[{"count":1,"href":"https:\/\/daxel.mx\/blog\/wp-json\/wp\/v2\/posts\/769\/revisions"}],"predecessor-version":[{"id":780,"href":"https:\/\/daxel.mx\/blog\/wp-json\/wp\/v2\/posts\/769\/revisions\/780"}],"wp:featuredmedia":[{"embeddable":true,"href":"https:\/\/daxel.mx\/blog\/wp-json\/wp\/v2\/media\/560"}],"wp:attachment":[{"href":"https:\/\/daxel.mx\/blog\/wp-json\/wp\/v2\/media?parent=769"}],"wp:term":[{"taxonomy":"category","embeddable":true,"href":"https:\/\/daxel.mx\/blog\/wp-json\/wp\/v2\/categories?post=769"},{"taxonomy":"post_tag","embeddable":true,"href":"https:\/\/daxel.mx\/blog\/wp-json\/wp\/v2\/tags?post=769"}],"curies":[{"name":"wp","href":"https:\/\/api.w.org\/{rel}","templated":true}]}}