{"id":794,"date":"2024-08-07T09:18:43","date_gmt":"2024-08-07T15:18:43","guid":{"rendered":"https:\/\/daxel.mx\/blog\/?p=794"},"modified":"2024-08-05T09:24:55","modified_gmt":"2024-08-05T15:24:55","slug":"la-camara-para-videoconferencia-para-los-profesionales","status":"publish","type":"post","link":"https:\/\/daxel.mx\/blog\/2024\/08\/07\/la-camara-para-videoconferencia-para-los-profesionales\/","title":{"rendered":"La c\u00e1mara para videoconferencia para los profesionales"},"content":{"rendered":"<p>Cuando se trata de la mejor <a href=\"https:\/\/daxel.mx\/camara-para-videoconferencia.php\"><strong>c\u00e1mara para videoconferencia<\/strong><\/a> para profesionales es necesario prestar especial atenci\u00f3n a los detalles. Las caracter\u00edsticas principales de un dispositivo resultan fundamentales para evaluar su desempe\u00f1o, funcionamiento y confiabilidad. En el caso de las c\u00e1maras, se necesita considerar aspectos como la resoluci\u00f3n, marca, capacidades y funciones de integraci\u00f3n, adem\u00e1s de algunas otras caracter\u00edsticas m\u00e1s.<\/p>\n<p>Las caracter\u00edsticas en dispositivos visuales son esenciales para garantizar una experiencia ideal y realmente beneficiosa sea cu\u00e1l sea el prop\u00f3sito. En D\u00e1xel les ense\u00f1aremos todo lo que deben saber sobre este tema, en el siguiente art\u00edculo.<\/p>\n<h2>\u00bfC\u00f3mo elegir la mejor c\u00e1mara para videoconferencia para profesionales?<\/h2>\n<p>La llegada de la \u00e9poca digital ha tra\u00eddo consigo un extenso repertorio de herramientas y beneficios para las empresas y negocios de la actualidad. En este sentido, la <a href=\"https:\/\/daxel.mx\/camara-para-videoconferencia.php\"><strong>c\u00e1mara para videoconferencia<\/strong><\/a> se posicion\u00f3 como elemento indispensable cuando se trata de reuniones importantes en espacios profesionales. Estos procesos de reuni\u00f3n son primordiales para discutir decisiones, planificaciones y mucho m\u00e1s, por lo que contar con un dispositivo que contribuya a optimizar la experiencia resulta sencillamente perfecto.<\/p>\n<p>Ahora bien, m\u00e1s all\u00e1 de comprar una c\u00e1mara, instalarla y encenderla, es necesario prestar especial atenci\u00f3n a las caracter\u00edsticas principales del dispositivo. De esta forma ser\u00e1 posible garantizar la adquisici\u00f3n de un equipo de alta calidad, confiable y adaptado a las necesidades de cada tipo de proceso. Les ense\u00f1aremos algunas de las caracter\u00edsticas principales que toda c\u00e1mara de videoconferencia para profesionales debe tener, a continuaci\u00f3n<\/p>\n<h3>Resoluci\u00f3n y definici\u00f3n de la imagen<\/h3>\n<p>Cuando se trata de c\u00e1maras para ambientes profesionales, la resoluci\u00f3n y nitidez resulta fundamental. Lo m\u00e1s recomendable es contar con una resoluci\u00f3n m\u00ednima de 720p, aunque, es posible hallar resoluciones full HD de 1080p u opciones ultra alta definici\u00f3n en 4K.<\/p>\n<p>Entre mejor sea la resoluci\u00f3n y nitidez de la imagen m\u00e1s se podr\u00e1 optimizar la experiencia junto a otros componentes que permitan la <a href=\"https:\/\/daxel.mx\/automatizacion-salas-de-juntas.php\"><strong>automatizaci\u00f3n salas<\/strong><\/a><a href=\"https:\/\/daxel.mx\/automatizacion-salas-de-juntas.php\"><strong> de juntas<\/strong><\/a>. As\u00ed, cada proceso de reuni\u00f3n o conferencia podr\u00e1 ser realmente nutritivo y beneficioso para el futuro de las empresas y negocios.<\/p>\n<h3>Campo de visibilidad<\/h3>\n<p>Otro punto clave a considerar es el campo de visibilidad o de visi\u00f3n, el cu\u00e1l requiere tomar en consideraci\u00f3n dos caracter\u00edsticas clave. La primera, es contar con una c\u00e1mara capaz de ofrecer un campo de visibilidad amplio para capturar varias personas en la misma toma y mejorar la experiencia. La segunda, es prestar atenci\u00f3n a la flexibilidad que ofrece la c\u00e1mara en cuanto al campo visual, es decir, s\u00ed es ajustable o no. Es recomendable contar con opci\u00f3n de ajuste para enfocar oradores o \u00e1reas espec\u00edficas.<\/p>\n<h3>Audio integrado y su calidad<\/h3>\n<p>Existen algunos dispositivos que ofrecen un micr\u00f3fono integrado con cancelaci\u00f3n de ruido, algo que resulta id\u00f3neo para reuniones claras y conferencias eficientes. En caso de que el audio no est\u00e9 integrado, resulta necesario contar con una buena compatibilidad con auriculares para evitar errores de vinculaci\u00f3n.<\/p>\n<h2>Funciones adicionales que ofrece la c\u00e1mara<\/h2>\n<p>Por \u00faltimo, pero no menos importante, es necesario prestar especial atenci\u00f3n a las funciones adicionales que ofrece la c\u00e1mara para seleccionar las m\u00e1s adecuadas seg\u00fan cada caso.<\/p>\n<ul>\n<li>Posibilidad de centrado o encuadre autom\u00e1tico para enfocar una imagen o persona en espec\u00edfico incluso en movimiento.<\/li>\n<li>Seguimiento facial para ajustar de manera autom\u00e1tica el zoom y el encuadre.<\/li>\n<li>Opciones de seguridad para resguardar informaci\u00f3n de importancia como la posibilidad de contrase\u00f1a y bloqueo del lente.<\/li>\n<\/ul>\n<p>Los procesos de videoconferencia y reuniones se ver\u00e1n notablemente optimizados mediante el uso de dispositivos de verdadera calidad. Por lo que lo m\u00e1s aconsejable es invertir en una c\u00e1mara de calidad que ofrezca una experiencia realmente beneficiosa y adecuada a los espacios y exigencias profesionales. Las mejores c\u00e1maras cuentan con un extenso repertorio de caracter\u00edsticas, adem\u00e1s de garantizar un funcionamiento confiable y eficiente en todo momento.<\/p>\n<h2>\u00bfD\u00f3nde adquirir la c\u00e1mara de videoconferencia ideal para profesionales?<\/h2>\n<p>M\u00e1s all\u00e1 de realizar una adecuada selecci\u00f3n teniendo en cuenta los aspectos clave anteriormente mencionados, resulta indispensable contar con una c\u00e1mara de verdadera calidad. Esto con el fin de garantizar un \u00f3ptimo desempe\u00f1o e im\u00e1genes claras en procesos profesionales de conferencia o reuni\u00f3n.<\/p>\n<p>Lo m\u00e1s recomendable es contar con la presencia de empresas proveedoras representativas como D\u00e1xel que garanticen la m\u00e1s alta calidad en cada uno de sus productos y servicios. Estas empresas ofrecen una amplia gama de alternativas en dispositivos como la <a href=\"https:\/\/daxel.mx\/pantalla-tactil-para-controlar-videoconferencia.php\"><strong>pantalla t\u00e1ctil para controlar videoconferencia<\/strong><\/a> para optimizar al m\u00e1ximo los espacios profesionales de videoconferencia. Sin mencionar que ofrecen asesoramiento especializado e informaci\u00f3n relevante sobre cada elemento.<\/p>\n<h2>D\u00e1xel: c\u00e1maras de videoconferencia ideales para profesionales<\/h2>\n<p>La <a href=\"https:\/\/daxel.mx\/camara-para-videoconferencia.php\"><strong>c\u00e1mara para videoconferencia<\/strong><\/a> ideal debe contar con m\u00faltiples caracter\u00edsticas primordiales con el objetivo de cumplir su funci\u00f3n sin inconveniente alguno. Las mejores c\u00e1maras ofrecen un funcionamiento completo que permite contar con im\u00e1genes claras y opciones atractivas para optimizar la experiencia al m\u00e1ximo.<\/p>\n<p>En D\u00e1xel contamos con a\u00f1os de experiencia ofreciendo soluciones tecnolog\u00edas adaptadas a las necesidades de cada empresa y espacio residencial \u00bfQuieren saber m\u00e1s sobre nuestras c\u00e1maras de videoconferencia y otros dispositivos para empresas? Les invitamos a comunicarse con nosotros a trav\u00e9s del correo electr\u00f3nico <a href=\"mailto:contacto@daxel.mx\">contacto@daxel.mx<\/a> o mediante la l\u00ednea telef\u00f3nica (477) 555 7200 para descubrir todos los detalles que buscan.<\/p>\n","protected":false},"excerpt":{"rendered":"<p>Cuando se trata de la mejor c\u00e1mara para videoconferencia para profesionales es necesario prestar especial atenci\u00f3n a los detalles. Las caracter\u00edsticas principales de un dispositivo resultan fundamentales para evaluar su desempe\u00f1o, funcionamiento y confiabilidad. En el caso de las c\u00e1maras, se necesita considerar aspectos como la resoluci\u00f3n, marca, capacidades y funciones de integraci\u00f3n, adem\u00e1s de&hellip; <br \/> <a class=\"read-more\" href=\"https:\/\/daxel.mx\/blog\/2024\/08\/07\/la-camara-para-videoconferencia-para-los-profesionales\/\">Leer m\u00e1s<\/a><\/p>\n","protected":false},"author":342,"featured_media":111,"comment_status":"closed","ping_status":"closed","sticky":false,"template":"","format":"standard","meta":{"footnotes":"","jetpack_publicize_message":"","jetpack_publicize_feature_enabled":true,"jetpack_social_post_already_shared":true,"jetpack_social_options":{"image_generator_settings":{"template":"highway","default_image_id":0,"font":"","enabled":false},"version":2}},"categories":[37],"tags":[],"class_list":["post-794","post","type-post","status-publish","format-standard","has-post-thumbnail","hentry","category-blog"],"yoast_head":"<!-- This site is optimized with the Yoast SEO plugin v27.3 - https:\/\/yoast.com\/product\/yoast-seo-wordpress\/ -->\n<title>La c\u00e1mara para videoconferencia para los profesionales<\/title>\n<meta name=\"description\" content=\"Descubran algunas de las caracter\u00edsticas esenciales que toda c\u00e1mara para videoconferencia en espacios profesionales deber\u00eda tener\" \/>\n<meta name=\"robots\" content=\"index, follow, max-snippet:-1, max-image-preview:large, max-video-preview:-1\" \/>\n<link rel=\"canonical\" href=\"https:\/\/daxel.mx\/blog\/2024\/08\/07\/la-camara-para-videoconferencia-para-los-profesionales\/\" \/>\n<meta property=\"og:locale\" content=\"es_MX\" \/>\n<meta property=\"og:type\" content=\"article\" \/>\n<meta property=\"og:title\" content=\"La c\u00e1mara para videoconferencia para los profesionales\" \/>\n<meta property=\"og:description\" content=\"Descubran algunas de las caracter\u00edsticas esenciales que toda c\u00e1mara para videoconferencia en espacios profesionales deber\u00eda tener\" \/>\n<meta property=\"og:url\" content=\"https:\/\/daxel.mx\/blog\/2024\/08\/07\/la-camara-para-videoconferencia-para-los-profesionales\/\" \/>\n<meta property=\"og:site_name\" content=\"D\u00e1xel Blog\" \/>\n<meta property=\"article:publisher\" content=\"https:\/\/www.facebook.com\/DaxelDomoticaAudiovisual\/\" \/>\n<meta property=\"article:published_time\" content=\"2024-08-07T15:18:43+00:00\" \/>\n<meta property=\"og:image\" content=\"https:\/\/daxel.mx\/blog\/wp-content\/uploads\/2018\/06\/ugn-silao-juntas-05.jpg\" \/>\n\t<meta property=\"og:image:width\" content=\"2048\" \/>\n\t<meta property=\"og:image:height\" content=\"1536\" \/>\n\t<meta property=\"og:image:type\" content=\"image\/jpeg\" \/>\n<meta name=\"author\" content=\"programacion\" \/>\n<meta name=\"twitter:card\" content=\"summary_large_image\" \/>\n<meta name=\"twitter:label1\" content=\"Escrito por\" \/>\n\t<meta name=\"twitter:data1\" content=\"programacion\" \/>\n\t<meta name=\"twitter:label2\" content=\"Tiempo de lectura\" \/>\n\t<meta name=\"twitter:data2\" content=\"5 minutos\" \/>\n<script type=\"application\/ld+json\" class=\"yoast-schema-graph\">{\"@context\":\"https:\\\/\\\/schema.org\",\"@graph\":[{\"@type\":\"Article\",\"@id\":\"https:\\\/\\\/daxel.mx\\\/blog\\\/2024\\\/08\\\/07\\\/la-camara-para-videoconferencia-para-los-profesionales\\\/#article\",\"isPartOf\":{\"@id\":\"https:\\\/\\\/daxel.mx\\\/blog\\\/2024\\\/08\\\/07\\\/la-camara-para-videoconferencia-para-los-profesionales\\\/\"},\"author\":{\"name\":\"programacion\",\"@id\":\"https:\\\/\\\/daxel.mx\\\/blog\\\/#\\\/schema\\\/person\\\/da4f122a1134e8607516450127da9dfa\"},\"headline\":\"La c\u00e1mara para videoconferencia para los profesionales\",\"datePublished\":\"2024-08-07T15:18:43+00:00\",\"mainEntityOfPage\":{\"@id\":\"https:\\\/\\\/daxel.mx\\\/blog\\\/2024\\\/08\\\/07\\\/la-camara-para-videoconferencia-para-los-profesionales\\\/\"},\"wordCount\":961,\"publisher\":{\"@id\":\"https:\\\/\\\/daxel.mx\\\/blog\\\/#organization\"},\"image\":{\"@id\":\"https:\\\/\\\/daxel.mx\\\/blog\\\/2024\\\/08\\\/07\\\/la-camara-para-videoconferencia-para-los-profesionales\\\/#primaryimage\"},\"thumbnailUrl\":\"https:\\\/\\\/daxel.mx\\\/blog\\\/wp-content\\\/uploads\\\/2018\\\/06\\\/ugn-silao-juntas-05.jpg\",\"articleSection\":[\"blog\"],\"inLanguage\":\"es\"},{\"@type\":\"WebPage\",\"@id\":\"https:\\\/\\\/daxel.mx\\\/blog\\\/2024\\\/08\\\/07\\\/la-camara-para-videoconferencia-para-los-profesionales\\\/\",\"url\":\"https:\\\/\\\/daxel.mx\\\/blog\\\/2024\\\/08\\\/07\\\/la-camara-para-videoconferencia-para-los-profesionales\\\/\",\"name\":\"La c\u00e1mara para videoconferencia para los profesionales\",\"isPartOf\":{\"@id\":\"https:\\\/\\\/daxel.mx\\\/blog\\\/#website\"},\"primaryImageOfPage\":{\"@id\":\"https:\\\/\\\/daxel.mx\\\/blog\\\/2024\\\/08\\\/07\\\/la-camara-para-videoconferencia-para-los-profesionales\\\/#primaryimage\"},\"image\":{\"@id\":\"https:\\\/\\\/daxel.mx\\\/blog\\\/2024\\\/08\\\/07\\\/la-camara-para-videoconferencia-para-los-profesionales\\\/#primaryimage\"},\"thumbnailUrl\":\"https:\\\/\\\/daxel.mx\\\/blog\\\/wp-content\\\/uploads\\\/2018\\\/06\\\/ugn-silao-juntas-05.jpg\",\"datePublished\":\"2024-08-07T15:18:43+00:00\",\"description\":\"Descubran algunas de las caracter\u00edsticas esenciales que toda c\u00e1mara para videoconferencia en espacios profesionales deber\u00eda tener\",\"breadcrumb\":{\"@id\":\"https:\\\/\\\/daxel.mx\\\/blog\\\/2024\\\/08\\\/07\\\/la-camara-para-videoconferencia-para-los-profesionales\\\/#breadcrumb\"},\"inLanguage\":\"es\",\"potentialAction\":[{\"@type\":\"ReadAction\",\"target\":[\"https:\\\/\\\/daxel.mx\\\/blog\\\/2024\\\/08\\\/07\\\/la-camara-para-videoconferencia-para-los-profesionales\\\/\"]}]},{\"@type\":\"ImageObject\",\"inLanguage\":\"es\",\"@id\":\"https:\\\/\\\/daxel.mx\\\/blog\\\/2024\\\/08\\\/07\\\/la-camara-para-videoconferencia-para-los-profesionales\\\/#primaryimage\",\"url\":\"https:\\\/\\\/daxel.mx\\\/blog\\\/wp-content\\\/uploads\\\/2018\\\/06\\\/ugn-silao-juntas-05.jpg\",\"contentUrl\":\"https:\\\/\\\/daxel.mx\\\/blog\\\/wp-content\\\/uploads\\\/2018\\\/06\\\/ugn-silao-juntas-05.jpg\",\"width\":2048,\"height\":1536,\"caption\":\"Sala de juntas en la planta de UGN en Silao, Gto.\"},{\"@type\":\"BreadcrumbList\",\"@id\":\"https:\\\/\\\/daxel.mx\\\/blog\\\/2024\\\/08\\\/07\\\/la-camara-para-videoconferencia-para-los-profesionales\\\/#breadcrumb\",\"itemListElement\":[{\"@type\":\"ListItem\",\"position\":1,\"name\":\"Inicio\",\"item\":\"https:\\\/\\\/daxel.mx\\\/blog\\\/\"},{\"@type\":\"ListItem\",\"position\":2,\"name\":\"La c\u00e1mara para videoconferencia para los profesionales\"}]},{\"@type\":\"WebSite\",\"@id\":\"https:\\\/\\\/daxel.mx\\\/blog\\\/#website\",\"url\":\"https:\\\/\\\/daxel.mx\\\/blog\\\/\",\"name\":\"D\u00e1xel Blog\",\"description\":\"Temas de Dom\u00f3tica Audiovisual\",\"publisher\":{\"@id\":\"https:\\\/\\\/daxel.mx\\\/blog\\\/#organization\"},\"potentialAction\":[{\"@type\":\"SearchAction\",\"target\":{\"@type\":\"EntryPoint\",\"urlTemplate\":\"https:\\\/\\\/daxel.mx\\\/blog\\\/?s={search_term_string}\"},\"query-input\":{\"@type\":\"PropertyValueSpecification\",\"valueRequired\":true,\"valueName\":\"search_term_string\"}}],\"inLanguage\":\"es\"},{\"@type\":\"Organization\",\"@id\":\"https:\\\/\\\/daxel.mx\\\/blog\\\/#organization\",\"name\":\"D\u00e1xel\",\"url\":\"https:\\\/\\\/daxel.mx\\\/blog\\\/\",\"logo\":{\"@type\":\"ImageObject\",\"inLanguage\":\"es\",\"@id\":\"https:\\\/\\\/daxel.mx\\\/blog\\\/#\\\/schema\\\/logo\\\/image\\\/\",\"url\":\"https:\\\/\\\/daxel.mx\\\/blog\\\/wp-content\\\/uploads\\\/2018\\\/01\\\/Horizontal-Gradiente.png\",\"contentUrl\":\"https:\\\/\\\/daxel.mx\\\/blog\\\/wp-content\\\/uploads\\\/2018\\\/01\\\/Horizontal-Gradiente.png\",\"width\":2748,\"height\":1152,\"caption\":\"D\u00e1xel\"},\"image\":{\"@id\":\"https:\\\/\\\/daxel.mx\\\/blog\\\/#\\\/schema\\\/logo\\\/image\\\/\"},\"sameAs\":[\"https:\\\/\\\/www.facebook.com\\\/DaxelDomoticaAudiovisual\\\/\",\"https:\\\/\\\/www.linkedin.com\\\/company\\\/d\u00e1xel\\\/\"]},{\"@type\":\"Person\",\"@id\":\"https:\\\/\\\/daxel.mx\\\/blog\\\/#\\\/schema\\\/person\\\/da4f122a1134e8607516450127da9dfa\",\"name\":\"programacion\",\"image\":{\"@type\":\"ImageObject\",\"inLanguage\":\"es\",\"@id\":\"https:\\\/\\\/secure.gravatar.com\\\/avatar\\\/9d3dfe9b12b7a0a3e2fb00f12839f14fd06d5319a3517c04f2fd4ba0024ec4f0?s=96&d=identicon&r=g\",\"url\":\"https:\\\/\\\/secure.gravatar.com\\\/avatar\\\/9d3dfe9b12b7a0a3e2fb00f12839f14fd06d5319a3517c04f2fd4ba0024ec4f0?s=96&d=identicon&r=g\",\"contentUrl\":\"https:\\\/\\\/secure.gravatar.com\\\/avatar\\\/9d3dfe9b12b7a0a3e2fb00f12839f14fd06d5319a3517c04f2fd4ba0024ec4f0?s=96&d=identicon&r=g\",\"caption\":\"programacion\"},\"url\":\"https:\\\/\\\/daxel.mx\\\/blog\\\/author\\\/programacion\\\/\"}]}<\/script>\n<!-- \/ Yoast SEO plugin. -->","yoast_head_json":{"title":"La c\u00e1mara para videoconferencia para los profesionales","description":"Descubran algunas de las caracter\u00edsticas esenciales que toda c\u00e1mara para videoconferencia en espacios profesionales deber\u00eda tener","robots":{"index":"index","follow":"follow","max-snippet":"max-snippet:-1","max-image-preview":"max-image-preview:large","max-video-preview":"max-video-preview:-1"},"canonical":"https:\/\/daxel.mx\/blog\/2024\/08\/07\/la-camara-para-videoconferencia-para-los-profesionales\/","og_locale":"es_MX","og_type":"article","og_title":"La c\u00e1mara para videoconferencia para los profesionales","og_description":"Descubran algunas de las caracter\u00edsticas esenciales que toda c\u00e1mara para videoconferencia en espacios profesionales deber\u00eda tener","og_url":"https:\/\/daxel.mx\/blog\/2024\/08\/07\/la-camara-para-videoconferencia-para-los-profesionales\/","og_site_name":"D\u00e1xel Blog","article_publisher":"https:\/\/www.facebook.com\/DaxelDomoticaAudiovisual\/","article_published_time":"2024-08-07T15:18:43+00:00","og_image":[{"width":2048,"height":1536,"url":"https:\/\/daxel.mx\/blog\/wp-content\/uploads\/2018\/06\/ugn-silao-juntas-05.jpg","type":"image\/jpeg"}],"author":"programacion","twitter_card":"summary_large_image","twitter_misc":{"Escrito por":"programacion","Tiempo de lectura":"5 minutos"},"schema":{"@context":"https:\/\/schema.org","@graph":[{"@type":"Article","@id":"https:\/\/daxel.mx\/blog\/2024\/08\/07\/la-camara-para-videoconferencia-para-los-profesionales\/#article","isPartOf":{"@id":"https:\/\/daxel.mx\/blog\/2024\/08\/07\/la-camara-para-videoconferencia-para-los-profesionales\/"},"author":{"name":"programacion","@id":"https:\/\/daxel.mx\/blog\/#\/schema\/person\/da4f122a1134e8607516450127da9dfa"},"headline":"La c\u00e1mara para videoconferencia para los profesionales","datePublished":"2024-08-07T15:18:43+00:00","mainEntityOfPage":{"@id":"https:\/\/daxel.mx\/blog\/2024\/08\/07\/la-camara-para-videoconferencia-para-los-profesionales\/"},"wordCount":961,"publisher":{"@id":"https:\/\/daxel.mx\/blog\/#organization"},"image":{"@id":"https:\/\/daxel.mx\/blog\/2024\/08\/07\/la-camara-para-videoconferencia-para-los-profesionales\/#primaryimage"},"thumbnailUrl":"https:\/\/daxel.mx\/blog\/wp-content\/uploads\/2018\/06\/ugn-silao-juntas-05.jpg","articleSection":["blog"],"inLanguage":"es"},{"@type":"WebPage","@id":"https:\/\/daxel.mx\/blog\/2024\/08\/07\/la-camara-para-videoconferencia-para-los-profesionales\/","url":"https:\/\/daxel.mx\/blog\/2024\/08\/07\/la-camara-para-videoconferencia-para-los-profesionales\/","name":"La c\u00e1mara para videoconferencia para los profesionales","isPartOf":{"@id":"https:\/\/daxel.mx\/blog\/#website"},"primaryImageOfPage":{"@id":"https:\/\/daxel.mx\/blog\/2024\/08\/07\/la-camara-para-videoconferencia-para-los-profesionales\/#primaryimage"},"image":{"@id":"https:\/\/daxel.mx\/blog\/2024\/08\/07\/la-camara-para-videoconferencia-para-los-profesionales\/#primaryimage"},"thumbnailUrl":"https:\/\/daxel.mx\/blog\/wp-content\/uploads\/2018\/06\/ugn-silao-juntas-05.jpg","datePublished":"2024-08-07T15:18:43+00:00","description":"Descubran algunas de las caracter\u00edsticas esenciales que toda c\u00e1mara para videoconferencia en espacios profesionales deber\u00eda tener","breadcrumb":{"@id":"https:\/\/daxel.mx\/blog\/2024\/08\/07\/la-camara-para-videoconferencia-para-los-profesionales\/#breadcrumb"},"inLanguage":"es","potentialAction":[{"@type":"ReadAction","target":["https:\/\/daxel.mx\/blog\/2024\/08\/07\/la-camara-para-videoconferencia-para-los-profesionales\/"]}]},{"@type":"ImageObject","inLanguage":"es","@id":"https:\/\/daxel.mx\/blog\/2024\/08\/07\/la-camara-para-videoconferencia-para-los-profesionales\/#primaryimage","url":"https:\/\/daxel.mx\/blog\/wp-content\/uploads\/2018\/06\/ugn-silao-juntas-05.jpg","contentUrl":"https:\/\/daxel.mx\/blog\/wp-content\/uploads\/2018\/06\/ugn-silao-juntas-05.jpg","width":2048,"height":1536,"caption":"Sala de juntas en la planta de UGN en Silao, Gto."},{"@type":"BreadcrumbList","@id":"https:\/\/daxel.mx\/blog\/2024\/08\/07\/la-camara-para-videoconferencia-para-los-profesionales\/#breadcrumb","itemListElement":[{"@type":"ListItem","position":1,"name":"Inicio","item":"https:\/\/daxel.mx\/blog\/"},{"@type":"ListItem","position":2,"name":"La c\u00e1mara para videoconferencia para los profesionales"}]},{"@type":"WebSite","@id":"https:\/\/daxel.mx\/blog\/#website","url":"https:\/\/daxel.mx\/blog\/","name":"D\u00e1xel Blog","description":"Temas de Dom\u00f3tica Audiovisual","publisher":{"@id":"https:\/\/daxel.mx\/blog\/#organization"},"potentialAction":[{"@type":"SearchAction","target":{"@type":"EntryPoint","urlTemplate":"https:\/\/daxel.mx\/blog\/?s={search_term_string}"},"query-input":{"@type":"PropertyValueSpecification","valueRequired":true,"valueName":"search_term_string"}}],"inLanguage":"es"},{"@type":"Organization","@id":"https:\/\/daxel.mx\/blog\/#organization","name":"D\u00e1xel","url":"https:\/\/daxel.mx\/blog\/","logo":{"@type":"ImageObject","inLanguage":"es","@id":"https:\/\/daxel.mx\/blog\/#\/schema\/logo\/image\/","url":"https:\/\/daxel.mx\/blog\/wp-content\/uploads\/2018\/01\/Horizontal-Gradiente.png","contentUrl":"https:\/\/daxel.mx\/blog\/wp-content\/uploads\/2018\/01\/Horizontal-Gradiente.png","width":2748,"height":1152,"caption":"D\u00e1xel"},"image":{"@id":"https:\/\/daxel.mx\/blog\/#\/schema\/logo\/image\/"},"sameAs":["https:\/\/www.facebook.com\/DaxelDomoticaAudiovisual\/","https:\/\/www.linkedin.com\/company\/d\u00e1xel\/"]},{"@type":"Person","@id":"https:\/\/daxel.mx\/blog\/#\/schema\/person\/da4f122a1134e8607516450127da9dfa","name":"programacion","image":{"@type":"ImageObject","inLanguage":"es","@id":"https:\/\/secure.gravatar.com\/avatar\/9d3dfe9b12b7a0a3e2fb00f12839f14fd06d5319a3517c04f2fd4ba0024ec4f0?s=96&d=identicon&r=g","url":"https:\/\/secure.gravatar.com\/avatar\/9d3dfe9b12b7a0a3e2fb00f12839f14fd06d5319a3517c04f2fd4ba0024ec4f0?s=96&d=identicon&r=g","contentUrl":"https:\/\/secure.gravatar.com\/avatar\/9d3dfe9b12b7a0a3e2fb00f12839f14fd06d5319a3517c04f2fd4ba0024ec4f0?s=96&d=identicon&r=g","caption":"programacion"},"url":"https:\/\/daxel.mx\/blog\/author\/programacion\/"}]}},"jetpack_publicize_connections":[],"_links":{"self":[{"href":"https:\/\/daxel.mx\/blog\/wp-json\/wp\/v2\/posts\/794","targetHints":{"allow":["GET"]}}],"collection":[{"href":"https:\/\/daxel.mx\/blog\/wp-json\/wp\/v2\/posts"}],"about":[{"href":"https:\/\/daxel.mx\/blog\/wp-json\/wp\/v2\/types\/post"}],"author":[{"embeddable":true,"href":"https:\/\/daxel.mx\/blog\/wp-json\/wp\/v2\/users\/342"}],"replies":[{"embeddable":true,"href":"https:\/\/daxel.mx\/blog\/wp-json\/wp\/v2\/comments?post=794"}],"version-history":[{"count":1,"href":"https:\/\/daxel.mx\/blog\/wp-json\/wp\/v2\/posts\/794\/revisions"}],"predecessor-version":[{"id":804,"href":"https:\/\/daxel.mx\/blog\/wp-json\/wp\/v2\/posts\/794\/revisions\/804"}],"wp:featuredmedia":[{"embeddable":true,"href":"https:\/\/daxel.mx\/blog\/wp-json\/wp\/v2\/media\/111"}],"wp:attachment":[{"href":"https:\/\/daxel.mx\/blog\/wp-json\/wp\/v2\/media?parent=794"}],"wp:term":[{"taxonomy":"category","embeddable":true,"href":"https:\/\/daxel.mx\/blog\/wp-json\/wp\/v2\/categories?post=794"},{"taxonomy":"post_tag","embeddable":true,"href":"https:\/\/daxel.mx\/blog\/wp-json\/wp\/v2\/tags?post=794"}],"curies":[{"name":"wp","href":"https:\/\/api.w.org\/{rel}","templated":true}]}}