{"id":797,"date":"2024-08-14T09:18:44","date_gmt":"2024-08-14T15:18:44","guid":{"rendered":"https:\/\/daxel.mx\/blog\/?p=797"},"modified":"2024-08-05T09:33:13","modified_gmt":"2024-08-05T15:33:13","slug":"optimizacion-de-las-salas-de-conferencias-en-las-empresas-modernas","status":"publish","type":"post","link":"https:\/\/daxel.mx\/blog\/2024\/08\/14\/optimizacion-de-las-salas-de-conferencias-en-las-empresas-modernas\/","title":{"rendered":"Optimizaci\u00f3n de las salas de conferencias en las empresas modernas"},"content":{"rendered":"<p>Para las empresas de la actualidad resulta indispensable contar con instalaciones optimizadas e innovadoras que permitan un desarrollo de procesos y tareas ideal. Es por esto que muchas de estas empresas optan por implementar dispositivos tecnol\u00f3gicos como los de <a href=\"https:\/\/daxel.mx\/reserva-de-salas.php\"><strong>reserva de salas<\/strong><\/a>, videowall, proyectores, pantallas y mucho m\u00e1s. Ya que de esta manera es posible contar con elementos innovadores que facilitan y agilizan el desarrollo de tareas en el d\u00eda a d\u00eda.<\/p>\n<p>M\u00e1s all\u00e1 de todo esto, es necesario mencionar que optimizar los espacios de videoconferencia trae consigo un extenso repertorio de beneficios de lo m\u00e1s importantes para las empresas. En D\u00e1xel les ense\u00f1aremos todo lo que necesitan saber sobre este tema, a continuaci\u00f3n.<\/p>\n<h2>\u00bfC\u00f3mo optimizar las salas de conferencia de las empresas modernas?<\/h2>\n<p>Como bien mencionamos anteriormente, para las empresas de la actualidad resulta indispensable contar con elementos que permitan optimizar y agilizar su funcionamiento. Entre estos, destacan algunos de mucha utilidad como los dispositivos de <a href=\"https:\/\/daxel.mx\/reserva-de-salas.php\"><strong>reserva de salas<\/strong><\/a>, dispositivos de audio y video como c\u00e1maras y micr\u00f3fonos y muchos otros m\u00e1s. Con estos, es posible optimizar estos espacios al mismo tiempo que se lleva la experiencia de los colaboradores a un siguiente nivel.<\/p>\n<p>Los dispositivos de reserva, por ejemplo, son capaces de aumentar los niveles de organizaci\u00f3n interna, al mismo tiempo que previene posibles conflictos y confusiones en los horarios. De forma similar sucede con otros elementos como los sistemas de audio y video y las pantallas t\u00e1ctiles, ya que permiten optimizar los espacios y aumentar los niveles de productividad de manera id\u00f3nea.<\/p>\n<p>Mediante la implementaci\u00f3n de soluciones tecnol\u00f3gicas de alta calidad es posible llevar los espacios de trabajo y las instalaciones profesionales a un siguiente nivel. De hecho, hoy en d\u00eda esto resulta necesario para mantenerse a la vanguardia en un altamente competitivo mundo empresarial de la actualidad. Por lo que hablamos de la alternativa m\u00e1s recomendable para aprovechar al m\u00e1ximo los espacios de conferencia en oficinas y empresas.<\/p>\n<ul>\n<li>Permiten facilitar el desarrollo de m\u00faltiples tipos de procesos.<\/li>\n<li>Optimizan los espacios de trabajo,<\/li>\n<li>Optimizan la experiencia del usuario en procesos de reuni\u00f3n y conferencias.<\/li>\n<li>Brindan funciones \u00fanicas y de mucha utilidad para el desarrollo de tareas.<\/li>\n<li>Elementos de apoyo que perfeccionan los procesos de capacitaci\u00f3n y posterior aprendizaje para los colaboradores.<\/li>\n<li>Ciclos de vida prolongados y en \u00f3ptimas condiciones de funcionamiento para un m\u00e1ximo aprovechamiento.<\/li>\n<li>Innovaci\u00f3n y modernidad en la empresa.<\/li>\n<li>Permiten mantener un alto nivel de productividad en todo momento.<\/li>\n<li>Permiten a las empresas mantenerse competitivas y a la vanguardia.<\/li>\n<\/ul>\n<h3>Mayor funcionalidad, eficiencia e innovaci\u00f3n garantizada<\/h3>\n<p>La optimizaci\u00f3n y <a href=\"https:\/\/daxel.mx\/automatizacion-salas-de-juntas.php\"><strong>automatizaci\u00f3n salas<\/strong><\/a><a href=\"https:\/\/daxel.mx\/automatizacion-salas-de-juntas.php\"><strong> de juntas<\/strong><\/a> permite a las organizaciones obtener un extenso repertorio de beneficios como los anteriormente mencionados. Sin embargo, lo m\u00e1s importante es que les brinda la oportunidad de alcanzar su m\u00e1ximo potencial mediante una serie de dispositivos y elementos tecnol\u00f3gicos.<\/p>\n<p>A su vez, esto permite proporcionar una imagen m\u00e1s exitosa y profesional por parte de la empresa hacia sus clientes y potenciales clientes. Estamos haciendo de soluciones que, en primera instancia, simbolizan una inversi\u00f3n inicial a considerar. Sin embargo, son capaces de llevar la productividad de las empresas al siguiente nivel.<\/p>\n<h2>\u00bfC\u00f3mo saber qu\u00e9 dispositivos seleccionar para mi empresa?<\/h2>\n<p>Una adecuada selecci\u00f3n de dispositivos depender\u00e1 directamente de los deseos del propietario de la empresa, al igual que de las necesidades de \u00e9sta y sus objetivos. Existen algunos dispositivos ideales para proporcionar mayor alcance o un funcionamiento mucho m\u00e1s profesional. Al igual que existen otros dispositivos que se enfocan m\u00e1s en la organizaci\u00f3n y productividad como la <a href=\"https:\/\/daxel.mx\/pantalla-tactil-para-controlar-videoconferencia.php\"><strong>pantalla t\u00e1ctil para <\/strong><\/a><a href=\"https:\/\/daxel.mx\/pantalla-tactil-para-controlar-videoconferencia.php\"><strong>controlar videoconferencia<\/strong><\/a>.<\/p>\n<p>Es importante evaluar las \u00e1reas donde la implementaci\u00f3n de alguna soluci\u00f3n tecnol\u00f3gica permitir\u00eda elevar la apuesta y mejorar los resultados. Tambi\u00e9n es importante seleccionar dispositivos que puedan ser aprovechados por los colaboradores mediante un funcionamiento pr\u00e1ctico y sencillo. De esta forma se evitar\u00e1n da\u00f1os o confusiones al momento de necesitar de sus funciones.<\/p>\n<p>De igual manera, resulta indispensable contar con una empresa proveedora responsable y representativa como D\u00e1xel con el objetivo de garantizar el m\u00e1s alto nivel de calidad en cada dispositivo. Las mejores empresas brindan el asesoramiento e informaci\u00f3n confiable a cargo de su personal altamente capacitado. Por lo que la selecci\u00f3n y aprovechamiento del dispositivo no representar\u00e1 ning\u00fan problema.<\/p>\n<h2>D\u00e1xel: soluciones y dispositivos de alta calidad para las empresas modernas<\/h2>\n<p>Luego de revisar cada dato detalladamente es posible afirmar que la mejor manera de optimizar espacios laborales es implementando soluciones tecnol\u00f3gicas que faciliten y optimicen las tareas. Desde dispositivos de <a href=\"https:\/\/daxel.mx\/reserva-de-salas.php\"><strong>reserva de salas<\/strong><\/a> y sistemas de audio y video, hasta videowall, se\u00f1alizaci\u00f3n digital y pantallas para controlar conferencias.<\/p>\n<p>D\u00e1xel es una empresa especializada y representativa que deja a su disposici\u00f3n una amplia gama de alternativas en dispositivos innovadores para las empresas modernas \u00bfQuieren conocer m\u00e1s sobre nuestros productos y lo que pueden hacer por sus negocios? Les invitamos a comunicarse con nosotros a trav\u00e9s del correo electr\u00f3nico <a href=\"mailto:contacto@daxel.mx\">contacto@daxel.mx<\/a> o mediante la l\u00ednea telef\u00f3nica (477) 555 7200 para descubrir todos los detalles que buscan.<\/p>\n","protected":false},"excerpt":{"rendered":"<p>Para las empresas de la actualidad resulta indispensable contar con instalaciones optimizadas e innovadoras que permitan un desarrollo de procesos y tareas ideal. Es por esto que muchas de estas empresas optan por implementar dispositivos tecnol\u00f3gicos como los de reserva de salas, videowall, proyectores, pantallas y mucho m\u00e1s. Ya que de esta manera es posible&hellip; <br \/> <a class=\"read-more\" href=\"https:\/\/daxel.mx\/blog\/2024\/08\/14\/optimizacion-de-las-salas-de-conferencias-en-las-empresas-modernas\/\">Leer m\u00e1s<\/a><\/p>\n","protected":false},"author":342,"featured_media":203,"comment_status":"closed","ping_status":"closed","sticky":false,"template":"","format":"standard","meta":{"footnotes":"","jetpack_publicize_message":"","jetpack_publicize_feature_enabled":true,"jetpack_social_post_already_shared":true,"jetpack_social_options":{"image_generator_settings":{"template":"highway","default_image_id":0,"font":"","enabled":false},"version":2}},"categories":[37],"tags":[],"class_list":["post-797","post","type-post","status-publish","format-standard","has-post-thumbnail","hentry","category-blog"],"yoast_head":"<!-- This site is optimized with the Yoast SEO plugin v27.3 - https:\/\/yoast.com\/product\/yoast-seo-wordpress\/ -->\n<title>Optimizaci\u00f3n de las salas de conferencias en las empresas modernas<\/title>\n<meta name=\"description\" content=\"Todo lo que dispositivos como los de reserva de salas son capaces de ofrecer para la optimizaci\u00f3n de las salas de conferencia en las empresas modernas\" \/>\n<meta name=\"robots\" content=\"index, follow, max-snippet:-1, max-image-preview:large, max-video-preview:-1\" \/>\n<link rel=\"canonical\" href=\"https:\/\/daxel.mx\/blog\/2024\/08\/14\/optimizacion-de-las-salas-de-conferencias-en-las-empresas-modernas\/\" \/>\n<meta property=\"og:locale\" content=\"es_MX\" \/>\n<meta property=\"og:type\" content=\"article\" \/>\n<meta property=\"og:title\" content=\"Optimizaci\u00f3n de las salas de conferencias en las empresas modernas\" \/>\n<meta property=\"og:description\" content=\"Todo lo que dispositivos como los de reserva de salas son capaces de ofrecer para la optimizaci\u00f3n de las salas de conferencia en las empresas modernas\" \/>\n<meta property=\"og:url\" content=\"https:\/\/daxel.mx\/blog\/2024\/08\/14\/optimizacion-de-las-salas-de-conferencias-en-las-empresas-modernas\/\" \/>\n<meta property=\"og:site_name\" content=\"D\u00e1xel Blog\" \/>\n<meta property=\"article:publisher\" content=\"https:\/\/www.facebook.com\/DaxelDomoticaAudiovisual\/\" \/>\n<meta property=\"article:published_time\" content=\"2024-08-14T15:18:44+00:00\" \/>\n<meta property=\"og:image\" content=\"https:\/\/daxel.mx\/blog\/wp-content\/uploads\/2020\/08\/x1_desktop_sennheiser_tcc2_demo_spot_02-1.jpg\" \/>\n\t<meta property=\"og:image:width\" content=\"1024\" \/>\n\t<meta property=\"og:image:height\" content=\"448\" \/>\n\t<meta property=\"og:image:type\" content=\"image\/jpeg\" \/>\n<meta name=\"author\" content=\"programacion\" \/>\n<meta name=\"twitter:card\" content=\"summary_large_image\" \/>\n<meta name=\"twitter:label1\" content=\"Escrito por\" \/>\n\t<meta name=\"twitter:data1\" content=\"programacion\" \/>\n\t<meta name=\"twitter:label2\" content=\"Tiempo de lectura\" \/>\n\t<meta name=\"twitter:data2\" content=\"4 minutos\" \/>\n<script type=\"application\/ld+json\" class=\"yoast-schema-graph\">{\"@context\":\"https:\\\/\\\/schema.org\",\"@graph\":[{\"@type\":\"Article\",\"@id\":\"https:\\\/\\\/daxel.mx\\\/blog\\\/2024\\\/08\\\/14\\\/optimizacion-de-las-salas-de-conferencias-en-las-empresas-modernas\\\/#article\",\"isPartOf\":{\"@id\":\"https:\\\/\\\/daxel.mx\\\/blog\\\/2024\\\/08\\\/14\\\/optimizacion-de-las-salas-de-conferencias-en-las-empresas-modernas\\\/\"},\"author\":{\"name\":\"programacion\",\"@id\":\"https:\\\/\\\/daxel.mx\\\/blog\\\/#\\\/schema\\\/person\\\/da4f122a1134e8607516450127da9dfa\"},\"headline\":\"Optimizaci\u00f3n de las salas de conferencias en las empresas modernas\",\"datePublished\":\"2024-08-14T15:18:44+00:00\",\"mainEntityOfPage\":{\"@id\":\"https:\\\/\\\/daxel.mx\\\/blog\\\/2024\\\/08\\\/14\\\/optimizacion-de-las-salas-de-conferencias-en-las-empresas-modernas\\\/\"},\"wordCount\":895,\"publisher\":{\"@id\":\"https:\\\/\\\/daxel.mx\\\/blog\\\/#organization\"},\"image\":{\"@id\":\"https:\\\/\\\/daxel.mx\\\/blog\\\/2024\\\/08\\\/14\\\/optimizacion-de-las-salas-de-conferencias-en-las-empresas-modernas\\\/#primaryimage\"},\"thumbnailUrl\":\"https:\\\/\\\/daxel.mx\\\/blog\\\/wp-content\\\/uploads\\\/2020\\\/08\\\/x1_desktop_sennheiser_tcc2_demo_spot_02-1.jpg\",\"articleSection\":[\"blog\"],\"inLanguage\":\"es\"},{\"@type\":\"WebPage\",\"@id\":\"https:\\\/\\\/daxel.mx\\\/blog\\\/2024\\\/08\\\/14\\\/optimizacion-de-las-salas-de-conferencias-en-las-empresas-modernas\\\/\",\"url\":\"https:\\\/\\\/daxel.mx\\\/blog\\\/2024\\\/08\\\/14\\\/optimizacion-de-las-salas-de-conferencias-en-las-empresas-modernas\\\/\",\"name\":\"Optimizaci\u00f3n de las salas de conferencias en las empresas modernas\",\"isPartOf\":{\"@id\":\"https:\\\/\\\/daxel.mx\\\/blog\\\/#website\"},\"primaryImageOfPage\":{\"@id\":\"https:\\\/\\\/daxel.mx\\\/blog\\\/2024\\\/08\\\/14\\\/optimizacion-de-las-salas-de-conferencias-en-las-empresas-modernas\\\/#primaryimage\"},\"image\":{\"@id\":\"https:\\\/\\\/daxel.mx\\\/blog\\\/2024\\\/08\\\/14\\\/optimizacion-de-las-salas-de-conferencias-en-las-empresas-modernas\\\/#primaryimage\"},\"thumbnailUrl\":\"https:\\\/\\\/daxel.mx\\\/blog\\\/wp-content\\\/uploads\\\/2020\\\/08\\\/x1_desktop_sennheiser_tcc2_demo_spot_02-1.jpg\",\"datePublished\":\"2024-08-14T15:18:44+00:00\",\"description\":\"Todo lo que dispositivos como los de reserva de salas son capaces de ofrecer para la optimizaci\u00f3n de las salas de conferencia en las empresas modernas\",\"breadcrumb\":{\"@id\":\"https:\\\/\\\/daxel.mx\\\/blog\\\/2024\\\/08\\\/14\\\/optimizacion-de-las-salas-de-conferencias-en-las-empresas-modernas\\\/#breadcrumb\"},\"inLanguage\":\"es\",\"potentialAction\":[{\"@type\":\"ReadAction\",\"target\":[\"https:\\\/\\\/daxel.mx\\\/blog\\\/2024\\\/08\\\/14\\\/optimizacion-de-las-salas-de-conferencias-en-las-empresas-modernas\\\/\"]}]},{\"@type\":\"ImageObject\",\"inLanguage\":\"es\",\"@id\":\"https:\\\/\\\/daxel.mx\\\/blog\\\/2024\\\/08\\\/14\\\/optimizacion-de-las-salas-de-conferencias-en-las-empresas-modernas\\\/#primaryimage\",\"url\":\"https:\\\/\\\/daxel.mx\\\/blog\\\/wp-content\\\/uploads\\\/2020\\\/08\\\/x1_desktop_sennheiser_tcc2_demo_spot_02-1.jpg\",\"contentUrl\":\"https:\\\/\\\/daxel.mx\\\/blog\\\/wp-content\\\/uploads\\\/2020\\\/08\\\/x1_desktop_sennheiser_tcc2_demo_spot_02-1.jpg\",\"width\":1024,\"height\":448,\"caption\":\"reserva de salas\"},{\"@type\":\"BreadcrumbList\",\"@id\":\"https:\\\/\\\/daxel.mx\\\/blog\\\/2024\\\/08\\\/14\\\/optimizacion-de-las-salas-de-conferencias-en-las-empresas-modernas\\\/#breadcrumb\",\"itemListElement\":[{\"@type\":\"ListItem\",\"position\":1,\"name\":\"Inicio\",\"item\":\"https:\\\/\\\/daxel.mx\\\/blog\\\/\"},{\"@type\":\"ListItem\",\"position\":2,\"name\":\"Optimizaci\u00f3n de las salas de conferencias en las empresas modernas\"}]},{\"@type\":\"WebSite\",\"@id\":\"https:\\\/\\\/daxel.mx\\\/blog\\\/#website\",\"url\":\"https:\\\/\\\/daxel.mx\\\/blog\\\/\",\"name\":\"D\u00e1xel Blog\",\"description\":\"Temas de Dom\u00f3tica Audiovisual\",\"publisher\":{\"@id\":\"https:\\\/\\\/daxel.mx\\\/blog\\\/#organization\"},\"potentialAction\":[{\"@type\":\"SearchAction\",\"target\":{\"@type\":\"EntryPoint\",\"urlTemplate\":\"https:\\\/\\\/daxel.mx\\\/blog\\\/?s={search_term_string}\"},\"query-input\":{\"@type\":\"PropertyValueSpecification\",\"valueRequired\":true,\"valueName\":\"search_term_string\"}}],\"inLanguage\":\"es\"},{\"@type\":\"Organization\",\"@id\":\"https:\\\/\\\/daxel.mx\\\/blog\\\/#organization\",\"name\":\"D\u00e1xel\",\"url\":\"https:\\\/\\\/daxel.mx\\\/blog\\\/\",\"logo\":{\"@type\":\"ImageObject\",\"inLanguage\":\"es\",\"@id\":\"https:\\\/\\\/daxel.mx\\\/blog\\\/#\\\/schema\\\/logo\\\/image\\\/\",\"url\":\"https:\\\/\\\/daxel.mx\\\/blog\\\/wp-content\\\/uploads\\\/2018\\\/01\\\/Horizontal-Gradiente.png\",\"contentUrl\":\"https:\\\/\\\/daxel.mx\\\/blog\\\/wp-content\\\/uploads\\\/2018\\\/01\\\/Horizontal-Gradiente.png\",\"width\":2748,\"height\":1152,\"caption\":\"D\u00e1xel\"},\"image\":{\"@id\":\"https:\\\/\\\/daxel.mx\\\/blog\\\/#\\\/schema\\\/logo\\\/image\\\/\"},\"sameAs\":[\"https:\\\/\\\/www.facebook.com\\\/DaxelDomoticaAudiovisual\\\/\",\"https:\\\/\\\/www.linkedin.com\\\/company\\\/d\u00e1xel\\\/\"]},{\"@type\":\"Person\",\"@id\":\"https:\\\/\\\/daxel.mx\\\/blog\\\/#\\\/schema\\\/person\\\/da4f122a1134e8607516450127da9dfa\",\"name\":\"programacion\",\"image\":{\"@type\":\"ImageObject\",\"inLanguage\":\"es\",\"@id\":\"https:\\\/\\\/secure.gravatar.com\\\/avatar\\\/9d3dfe9b12b7a0a3e2fb00f12839f14fd06d5319a3517c04f2fd4ba0024ec4f0?s=96&d=identicon&r=g\",\"url\":\"https:\\\/\\\/secure.gravatar.com\\\/avatar\\\/9d3dfe9b12b7a0a3e2fb00f12839f14fd06d5319a3517c04f2fd4ba0024ec4f0?s=96&d=identicon&r=g\",\"contentUrl\":\"https:\\\/\\\/secure.gravatar.com\\\/avatar\\\/9d3dfe9b12b7a0a3e2fb00f12839f14fd06d5319a3517c04f2fd4ba0024ec4f0?s=96&d=identicon&r=g\",\"caption\":\"programacion\"},\"url\":\"https:\\\/\\\/daxel.mx\\\/blog\\\/author\\\/programacion\\\/\"}]}<\/script>\n<!-- \/ Yoast SEO plugin. -->","yoast_head_json":{"title":"Optimizaci\u00f3n de las salas de conferencias en las empresas modernas","description":"Todo lo que dispositivos como los de reserva de salas son capaces de ofrecer para la optimizaci\u00f3n de las salas de conferencia en las empresas modernas","robots":{"index":"index","follow":"follow","max-snippet":"max-snippet:-1","max-image-preview":"max-image-preview:large","max-video-preview":"max-video-preview:-1"},"canonical":"https:\/\/daxel.mx\/blog\/2024\/08\/14\/optimizacion-de-las-salas-de-conferencias-en-las-empresas-modernas\/","og_locale":"es_MX","og_type":"article","og_title":"Optimizaci\u00f3n de las salas de conferencias en las empresas modernas","og_description":"Todo lo que dispositivos como los de reserva de salas son capaces de ofrecer para la optimizaci\u00f3n de las salas de conferencia en las empresas modernas","og_url":"https:\/\/daxel.mx\/blog\/2024\/08\/14\/optimizacion-de-las-salas-de-conferencias-en-las-empresas-modernas\/","og_site_name":"D\u00e1xel Blog","article_publisher":"https:\/\/www.facebook.com\/DaxelDomoticaAudiovisual\/","article_published_time":"2024-08-14T15:18:44+00:00","og_image":[{"width":1024,"height":448,"url":"https:\/\/daxel.mx\/blog\/wp-content\/uploads\/2020\/08\/x1_desktop_sennheiser_tcc2_demo_spot_02-1.jpg","type":"image\/jpeg"}],"author":"programacion","twitter_card":"summary_large_image","twitter_misc":{"Escrito por":"programacion","Tiempo de lectura":"4 minutos"},"schema":{"@context":"https:\/\/schema.org","@graph":[{"@type":"Article","@id":"https:\/\/daxel.mx\/blog\/2024\/08\/14\/optimizacion-de-las-salas-de-conferencias-en-las-empresas-modernas\/#article","isPartOf":{"@id":"https:\/\/daxel.mx\/blog\/2024\/08\/14\/optimizacion-de-las-salas-de-conferencias-en-las-empresas-modernas\/"},"author":{"name":"programacion","@id":"https:\/\/daxel.mx\/blog\/#\/schema\/person\/da4f122a1134e8607516450127da9dfa"},"headline":"Optimizaci\u00f3n de las salas de conferencias en las empresas modernas","datePublished":"2024-08-14T15:18:44+00:00","mainEntityOfPage":{"@id":"https:\/\/daxel.mx\/blog\/2024\/08\/14\/optimizacion-de-las-salas-de-conferencias-en-las-empresas-modernas\/"},"wordCount":895,"publisher":{"@id":"https:\/\/daxel.mx\/blog\/#organization"},"image":{"@id":"https:\/\/daxel.mx\/blog\/2024\/08\/14\/optimizacion-de-las-salas-de-conferencias-en-las-empresas-modernas\/#primaryimage"},"thumbnailUrl":"https:\/\/daxel.mx\/blog\/wp-content\/uploads\/2020\/08\/x1_desktop_sennheiser_tcc2_demo_spot_02-1.jpg","articleSection":["blog"],"inLanguage":"es"},{"@type":"WebPage","@id":"https:\/\/daxel.mx\/blog\/2024\/08\/14\/optimizacion-de-las-salas-de-conferencias-en-las-empresas-modernas\/","url":"https:\/\/daxel.mx\/blog\/2024\/08\/14\/optimizacion-de-las-salas-de-conferencias-en-las-empresas-modernas\/","name":"Optimizaci\u00f3n de las salas de conferencias en las empresas modernas","isPartOf":{"@id":"https:\/\/daxel.mx\/blog\/#website"},"primaryImageOfPage":{"@id":"https:\/\/daxel.mx\/blog\/2024\/08\/14\/optimizacion-de-las-salas-de-conferencias-en-las-empresas-modernas\/#primaryimage"},"image":{"@id":"https:\/\/daxel.mx\/blog\/2024\/08\/14\/optimizacion-de-las-salas-de-conferencias-en-las-empresas-modernas\/#primaryimage"},"thumbnailUrl":"https:\/\/daxel.mx\/blog\/wp-content\/uploads\/2020\/08\/x1_desktop_sennheiser_tcc2_demo_spot_02-1.jpg","datePublished":"2024-08-14T15:18:44+00:00","description":"Todo lo que dispositivos como los de reserva de salas son capaces de ofrecer para la optimizaci\u00f3n de las salas de conferencia en las empresas modernas","breadcrumb":{"@id":"https:\/\/daxel.mx\/blog\/2024\/08\/14\/optimizacion-de-las-salas-de-conferencias-en-las-empresas-modernas\/#breadcrumb"},"inLanguage":"es","potentialAction":[{"@type":"ReadAction","target":["https:\/\/daxel.mx\/blog\/2024\/08\/14\/optimizacion-de-las-salas-de-conferencias-en-las-empresas-modernas\/"]}]},{"@type":"ImageObject","inLanguage":"es","@id":"https:\/\/daxel.mx\/blog\/2024\/08\/14\/optimizacion-de-las-salas-de-conferencias-en-las-empresas-modernas\/#primaryimage","url":"https:\/\/daxel.mx\/blog\/wp-content\/uploads\/2020\/08\/x1_desktop_sennheiser_tcc2_demo_spot_02-1.jpg","contentUrl":"https:\/\/daxel.mx\/blog\/wp-content\/uploads\/2020\/08\/x1_desktop_sennheiser_tcc2_demo_spot_02-1.jpg","width":1024,"height":448,"caption":"reserva de salas"},{"@type":"BreadcrumbList","@id":"https:\/\/daxel.mx\/blog\/2024\/08\/14\/optimizacion-de-las-salas-de-conferencias-en-las-empresas-modernas\/#breadcrumb","itemListElement":[{"@type":"ListItem","position":1,"name":"Inicio","item":"https:\/\/daxel.mx\/blog\/"},{"@type":"ListItem","position":2,"name":"Optimizaci\u00f3n de las salas de conferencias en las empresas modernas"}]},{"@type":"WebSite","@id":"https:\/\/daxel.mx\/blog\/#website","url":"https:\/\/daxel.mx\/blog\/","name":"D\u00e1xel Blog","description":"Temas de Dom\u00f3tica Audiovisual","publisher":{"@id":"https:\/\/daxel.mx\/blog\/#organization"},"potentialAction":[{"@type":"SearchAction","target":{"@type":"EntryPoint","urlTemplate":"https:\/\/daxel.mx\/blog\/?s={search_term_string}"},"query-input":{"@type":"PropertyValueSpecification","valueRequired":true,"valueName":"search_term_string"}}],"inLanguage":"es"},{"@type":"Organization","@id":"https:\/\/daxel.mx\/blog\/#organization","name":"D\u00e1xel","url":"https:\/\/daxel.mx\/blog\/","logo":{"@type":"ImageObject","inLanguage":"es","@id":"https:\/\/daxel.mx\/blog\/#\/schema\/logo\/image\/","url":"https:\/\/daxel.mx\/blog\/wp-content\/uploads\/2018\/01\/Horizontal-Gradiente.png","contentUrl":"https:\/\/daxel.mx\/blog\/wp-content\/uploads\/2018\/01\/Horizontal-Gradiente.png","width":2748,"height":1152,"caption":"D\u00e1xel"},"image":{"@id":"https:\/\/daxel.mx\/blog\/#\/schema\/logo\/image\/"},"sameAs":["https:\/\/www.facebook.com\/DaxelDomoticaAudiovisual\/","https:\/\/www.linkedin.com\/company\/d\u00e1xel\/"]},{"@type":"Person","@id":"https:\/\/daxel.mx\/blog\/#\/schema\/person\/da4f122a1134e8607516450127da9dfa","name":"programacion","image":{"@type":"ImageObject","inLanguage":"es","@id":"https:\/\/secure.gravatar.com\/avatar\/9d3dfe9b12b7a0a3e2fb00f12839f14fd06d5319a3517c04f2fd4ba0024ec4f0?s=96&d=identicon&r=g","url":"https:\/\/secure.gravatar.com\/avatar\/9d3dfe9b12b7a0a3e2fb00f12839f14fd06d5319a3517c04f2fd4ba0024ec4f0?s=96&d=identicon&r=g","contentUrl":"https:\/\/secure.gravatar.com\/avatar\/9d3dfe9b12b7a0a3e2fb00f12839f14fd06d5319a3517c04f2fd4ba0024ec4f0?s=96&d=identicon&r=g","caption":"programacion"},"url":"https:\/\/daxel.mx\/blog\/author\/programacion\/"}]}},"jetpack_publicize_connections":[],"_links":{"self":[{"href":"https:\/\/daxel.mx\/blog\/wp-json\/wp\/v2\/posts\/797","targetHints":{"allow":["GET"]}}],"collection":[{"href":"https:\/\/daxel.mx\/blog\/wp-json\/wp\/v2\/posts"}],"about":[{"href":"https:\/\/daxel.mx\/blog\/wp-json\/wp\/v2\/types\/post"}],"author":[{"embeddable":true,"href":"https:\/\/daxel.mx\/blog\/wp-json\/wp\/v2\/users\/342"}],"replies":[{"embeddable":true,"href":"https:\/\/daxel.mx\/blog\/wp-json\/wp\/v2\/comments?post=797"}],"version-history":[{"count":1,"href":"https:\/\/daxel.mx\/blog\/wp-json\/wp\/v2\/posts\/797\/revisions"}],"predecessor-version":[{"id":807,"href":"https:\/\/daxel.mx\/blog\/wp-json\/wp\/v2\/posts\/797\/revisions\/807"}],"wp:featuredmedia":[{"embeddable":true,"href":"https:\/\/daxel.mx\/blog\/wp-json\/wp\/v2\/media\/203"}],"wp:attachment":[{"href":"https:\/\/daxel.mx\/blog\/wp-json\/wp\/v2\/media?parent=797"}],"wp:term":[{"taxonomy":"category","embeddable":true,"href":"https:\/\/daxel.mx\/blog\/wp-json\/wp\/v2\/categories?post=797"},{"taxonomy":"post_tag","embeddable":true,"href":"https:\/\/daxel.mx\/blog\/wp-json\/wp\/v2\/tags?post=797"}],"curies":[{"name":"wp","href":"https:\/\/api.w.org\/{rel}","templated":true}]}}