{"id":800,"date":"2024-08-21T09:18:47","date_gmt":"2024-08-21T15:18:47","guid":{"rendered":"https:\/\/daxel.mx\/blog\/?p=800"},"modified":"2024-08-05T09:39:15","modified_gmt":"2024-08-05T15:39:15","slug":"microfono-para-sala-de-juntas-para-potenciar-las-conferencias","status":"publish","type":"post","link":"https:\/\/daxel.mx\/blog\/2024\/08\/21\/microfono-para-sala-de-juntas-para-potenciar-las-conferencias\/","title":{"rendered":"Micr\u00f3fono para sala de juntas para potenciar las conferencias"},"content":{"rendered":"<p>Cuando se busca mejorar en gran medida la experiencia en las reuniones en las empresas o negocios, el <a href=\"https:\/\/daxel.mx\/microfono-para-sala-de-juntas.php\"><strong>micr\u00f3fono para sala de juntas<\/strong><\/a> es un elemento que no debe faltar. Ya que, cuenta con diferentes ventajas \u00fanicas que favorecen indiscutiblemente el desarrollo de las conferencias. A pesar de que a veces se pueden etiquetar como \u00abmicr\u00f3fonos de votaci\u00f3n\u00bb o se relacionan solo con los requerimientos de interpretaci\u00f3n ling\u00fc\u00edstica, su valor se encuentra reflejado en un papel clave para los facilitadores del debate.<\/p>\n<p>Por ello, es conveniente tener presente en qu\u00e9 se diferencian estos equipos. B\u00e1sicamente, se caracterizan por su forma b\u00e1sica, mezclan un micr\u00f3fono, altavoz y un bot\u00f3n de encendido y apagado, que van conectados en cadena o de manera inal\u00e1mbrica.<\/p>\n<p>Adem\u00e1s, pueden ser encastrados o de sobremesa. Asimismo, pueden incluir funciones extras como en el caso de la interpretaci\u00f3n de idiomas, votaci\u00f3n, petici\u00f3n de la palabra e, inclusive, las capacidades de video que se pueden integrar de forma perfecta con plataformas como en el caso de Zoom, solo por mencionar una.<\/p>\n<p>A continuaci\u00f3n, hablaremos sobre algunas de las ventajas que ofrece este tipo de equipos y por qu\u00e9 se considera un elemento fundamental para las salas de juntas.<\/p>\n<h2>Una mejora extraordinaria a nivel de sonido<\/h2>\n<p>Con s\u00f3lo aproximar el micr\u00f3fono al usuario, se puede conseguir un buen sonido. La emisi\u00f3n de audio a trav\u00e9s de los altavoces integrados, tambi\u00e9n es fundamental para conseguir una mejora significativa, en cuanto a la calidad del audio.<\/p>\n<p>A pesar de que no se busca reemplazar a los sistemas de altavoces instalados en el techo, s\u00ed es posible otorgar un campo sonoro localizado que ayuda a conservar la megafon\u00eda a un nivel m\u00e1s bajo. Esto quiere decir, una mejor se\u00f1al antes de la retroalimentaci\u00f3n y un funcionamiento adecuado del micr\u00f3fono.<\/p>\n<h3>Un equipo esencial para sala de juntas<\/h3>\n<p>Conectar el <a href=\"https:\/\/daxel.mx\/microfono-para-sala-de-juntas.php\"><strong>micr\u00f3fono <\/strong><\/a><a href=\"https:\/\/daxel.mx\/microfono-para-sala-de-juntas.php\"><strong>para sala<\/strong><\/a><a href=\"https:\/\/daxel.mx\/microfono-para-sala-de-juntas.php\"><strong> de juntas<\/strong><\/a> a la plataforma de reuniones de preferencia es muy simple. Solo es cuesti\u00f3n de conectar y ya, lo que permite ponerse en marcha en tan solo unos segundos. Adem\u00e1s, cuando todos los micr\u00f3fonos se encuentran conectados, permiten disfrutar de una trasmisi\u00f3n de auto \u00f3ptima entre los espacios remotos y los altavoces integrados.<\/p>\n<p>As\u00ed que, no existe obst\u00e1culo para alcanzar una comunicaci\u00f3n efectiva, con independencia de donde est\u00e1n ubicados los miembros del equipo. Gracias a estos innovadores dispositivos se puede dar protagonismo a los participantes en la reuni\u00f3n o conferencia para que su presencia tenga mayor fuerza.<\/p>\n<h3>Infraestructura de cableado avanzada<\/h3>\n<p>Quedaron en el olvido aquellos sistemas de cableado complejos. Pues, las mejores soluciones de voz para conferencia en la actualidad, usan cables CAT5e est\u00e1ndar o superiores, con el prop\u00f3sito de conseguir una conectividad sin ning\u00fan contratiempo.<\/p>\n<p>A trav\u00e9s de una tecnolog\u00eda de alimentaci\u00f3n mediante Ethernet, los m\u00f3dulos de micr\u00f3fono se pueden llegar a alimentar a trav\u00e9s de los mismos cables, lo que desaparece la necesidad de fuentes de energ\u00eda extras.<\/p>\n<p>Igualmente, el uso de conmutadores de red alimentados en l\u00ednea, permite gestionar un gran n\u00famero de m\u00f3dulos de micr\u00f3fono en un mismo sistema. En este caso, la preocupaci\u00f3n por los fallos asociados a las estructuras de cableado en cadena, tambi\u00e9n quedan en el olvido, porque la redundancia de bucle cerrado es una de las caracter\u00edsticas est\u00e1ndar que asegura una conexi\u00f3n fiable y s\u00f3lida.<\/p>\n<h2>Conferencias con funciones avanzadas <a href=\"https:\/\/daxel.mx\/audio-y-video-sala-de-juntas.php\"><strong>audio y video sala de juntas<\/strong><\/a><\/h2>\n<ul>\n<li>Se puede probar con el intercambio autom\u00e1tico de se\u00f1al manos libres, el ajuste de los respectivos niveles de audio, el reconocimiento de voz, el control DPS, la matriz de configuraci\u00f3n de audio y los m\u00f3dulos compatibles con el sistema de control de audiovisual de preferencia. Dentro de las funciones innovadoras se pueden conseguir otras opciones y el potencial de los sistemas de conferencia, que son de gran versatilidad.<\/li>\n<li>Conviene conseguir el control de c\u00e1maras mediante c\u00e1maras del sistema de conferencia o a trav\u00e9s de sistemas de terceros. Cualquier que sea el caso, se puede conseguir una soluci\u00f3n fiable que otorga una imagen del orador sin cortes, con la finalidad de que no se pierda en ning\u00fan momento un hecho importante de la reuni\u00f3n o conferencia.<\/li>\n<li>Se pueden adoptar sin complicaciones a las \u00e1reas de reuni\u00f3n o salas de juntas, conforme a las necesidades existentes. Con solo dar una orden al sistema de control audiovisual, se pueden combinar o separar las \u00e1reas de una sala y crear configuraciones flexibles que se adapten a los requerimientos de la distancia social.<\/li>\n<\/ul>\n<h2><a href=\"https:\/\/daxel.mx\/microfono-para-sala-de-juntas.php\"><strong>Micr\u00f3fono para sala de juntas<\/strong><\/a> en M\u00e9xico con D\u00e1xel<\/h2>\n<p>Gracias a los equipos, como en el caso del <a href=\"https:\/\/daxel.mx\/microfono-para-sala-de-juntas.php\"><strong>micr\u00f3fono para sala de juntas<\/strong><\/a>, es posible cubrir las necesidades y exigencias de las reuniones o conferencias en la actualidad.<\/p>\n<p>D\u00e1xel es una empresa que est\u00e1 comprometida con sus clientes y, por ello, ofrece las mejores <a href=\"https:\/\/daxel.mx\/proyectos.php\">soluciones en equipos con excelente tecnolog\u00eda<\/a>, que garantizan un rendimiento \u00f3ptimo. Si desean conocer m\u00e1s sobre este tipo de productos u otro <a href=\"https:\/\/daxel.mx\/sistema-de-audio-y-video-para-auditorios.php\"><strong>sistema de audio y video para auditorios<\/strong><\/a>, pueden contactarnos a trav\u00e9s del correo electr\u00f3nico\u00a0contacto@daxel.mx\u00a0o, mediante el n\u00famero de tel\u00e9fono (477) 555 72 00.<\/p>\n","protected":false},"excerpt":{"rendered":"<p>Cuando se busca mejorar en gran medida la experiencia en las reuniones en las empresas o negocios, el micr\u00f3fono para sala de juntas es un elemento que no debe faltar. Ya que, cuenta con diferentes ventajas \u00fanicas que favorecen indiscutiblemente el desarrollo de las conferencias. A pesar de que a veces se pueden etiquetar como&hellip; <br \/> <a class=\"read-more\" href=\"https:\/\/daxel.mx\/blog\/2024\/08\/21\/microfono-para-sala-de-juntas-para-potenciar-las-conferencias\/\">Leer m\u00e1s<\/a><\/p>\n","protected":false},"author":342,"featured_media":130,"comment_status":"closed","ping_status":"closed","sticky":false,"template":"","format":"standard","meta":{"footnotes":"","jetpack_publicize_message":"","jetpack_publicize_feature_enabled":true,"jetpack_social_post_already_shared":true,"jetpack_social_options":{"image_generator_settings":{"template":"highway","default_image_id":0,"font":"","enabled":false},"version":2}},"categories":[37],"tags":[],"class_list":["post-800","post","type-post","status-publish","format-standard","has-post-thumbnail","hentry","category-blog"],"yoast_head":"<!-- This site is optimized with the Yoast SEO plugin v27.3 - https:\/\/yoast.com\/product\/yoast-seo-wordpress\/ -->\n<title>Micr\u00f3fono para sala de juntas para potenciar las conferencias<\/title>\n<meta name=\"description\" content=\"Adquiere micr\u00f3fono para sala de juntas con la mejor tecnolog\u00eda y rendimiento del mercado. D\u00e1xel el mejor aliado para adquisici\u00f3n de tecnolog\u00eda de punta\" \/>\n<meta name=\"robots\" content=\"index, follow, max-snippet:-1, max-image-preview:large, max-video-preview:-1\" \/>\n<link rel=\"canonical\" href=\"https:\/\/daxel.mx\/blog\/2024\/08\/21\/microfono-para-sala-de-juntas-para-potenciar-las-conferencias\/\" \/>\n<meta property=\"og:locale\" content=\"es_MX\" \/>\n<meta property=\"og:type\" content=\"article\" \/>\n<meta property=\"og:title\" content=\"Micr\u00f3fono para sala de juntas para potenciar las conferencias\" \/>\n<meta property=\"og:description\" content=\"Adquiere micr\u00f3fono para sala de juntas con la mejor tecnolog\u00eda y rendimiento del mercado. D\u00e1xel el mejor aliado para adquisici\u00f3n de tecnolog\u00eda de punta\" \/>\n<meta property=\"og:url\" content=\"https:\/\/daxel.mx\/blog\/2024\/08\/21\/microfono-para-sala-de-juntas-para-potenciar-las-conferencias\/\" \/>\n<meta property=\"og:site_name\" content=\"D\u00e1xel Blog\" \/>\n<meta property=\"article:publisher\" content=\"https:\/\/www.facebook.com\/DaxelDomoticaAudiovisual\/\" \/>\n<meta property=\"article:published_time\" content=\"2024-08-21T15:18:47+00:00\" \/>\n<meta property=\"og:image\" content=\"https:\/\/daxel.mx\/blog\/wp-content\/uploads\/2018\/06\/ugn-silao-cap-13.jpg\" \/>\n\t<meta property=\"og:image:width\" content=\"2048\" \/>\n\t<meta property=\"og:image:height\" content=\"1536\" \/>\n\t<meta property=\"og:image:type\" content=\"image\/jpeg\" \/>\n<meta name=\"author\" content=\"programacion\" \/>\n<meta name=\"twitter:card\" content=\"summary_large_image\" \/>\n<meta name=\"twitter:label1\" content=\"Escrito por\" \/>\n\t<meta name=\"twitter:data1\" content=\"programacion\" \/>\n\t<meta name=\"twitter:label2\" content=\"Tiempo de lectura\" \/>\n\t<meta name=\"twitter:data2\" content=\"5 minutos\" \/>\n<script type=\"application\/ld+json\" class=\"yoast-schema-graph\">{\"@context\":\"https:\\\/\\\/schema.org\",\"@graph\":[{\"@type\":\"Article\",\"@id\":\"https:\\\/\\\/daxel.mx\\\/blog\\\/2024\\\/08\\\/21\\\/microfono-para-sala-de-juntas-para-potenciar-las-conferencias\\\/#article\",\"isPartOf\":{\"@id\":\"https:\\\/\\\/daxel.mx\\\/blog\\\/2024\\\/08\\\/21\\\/microfono-para-sala-de-juntas-para-potenciar-las-conferencias\\\/\"},\"author\":{\"name\":\"programacion\",\"@id\":\"https:\\\/\\\/daxel.mx\\\/blog\\\/#\\\/schema\\\/person\\\/da4f122a1134e8607516450127da9dfa\"},\"headline\":\"Micr\u00f3fono para sala de juntas para potenciar las conferencias\",\"datePublished\":\"2024-08-21T15:18:47+00:00\",\"mainEntityOfPage\":{\"@id\":\"https:\\\/\\\/daxel.mx\\\/blog\\\/2024\\\/08\\\/21\\\/microfono-para-sala-de-juntas-para-potenciar-las-conferencias\\\/\"},\"wordCount\":917,\"publisher\":{\"@id\":\"https:\\\/\\\/daxel.mx\\\/blog\\\/#organization\"},\"image\":{\"@id\":\"https:\\\/\\\/daxel.mx\\\/blog\\\/2024\\\/08\\\/21\\\/microfono-para-sala-de-juntas-para-potenciar-las-conferencias\\\/#primaryimage\"},\"thumbnailUrl\":\"https:\\\/\\\/daxel.mx\\\/blog\\\/wp-content\\\/uploads\\\/2018\\\/06\\\/ugn-silao-cap-13.jpg\",\"articleSection\":[\"blog\"],\"inLanguage\":\"es\"},{\"@type\":\"WebPage\",\"@id\":\"https:\\\/\\\/daxel.mx\\\/blog\\\/2024\\\/08\\\/21\\\/microfono-para-sala-de-juntas-para-potenciar-las-conferencias\\\/\",\"url\":\"https:\\\/\\\/daxel.mx\\\/blog\\\/2024\\\/08\\\/21\\\/microfono-para-sala-de-juntas-para-potenciar-las-conferencias\\\/\",\"name\":\"Micr\u00f3fono para sala de juntas para potenciar las conferencias\",\"isPartOf\":{\"@id\":\"https:\\\/\\\/daxel.mx\\\/blog\\\/#website\"},\"primaryImageOfPage\":{\"@id\":\"https:\\\/\\\/daxel.mx\\\/blog\\\/2024\\\/08\\\/21\\\/microfono-para-sala-de-juntas-para-potenciar-las-conferencias\\\/#primaryimage\"},\"image\":{\"@id\":\"https:\\\/\\\/daxel.mx\\\/blog\\\/2024\\\/08\\\/21\\\/microfono-para-sala-de-juntas-para-potenciar-las-conferencias\\\/#primaryimage\"},\"thumbnailUrl\":\"https:\\\/\\\/daxel.mx\\\/blog\\\/wp-content\\\/uploads\\\/2018\\\/06\\\/ugn-silao-cap-13.jpg\",\"datePublished\":\"2024-08-21T15:18:47+00:00\",\"description\":\"Adquiere micr\u00f3fono para sala de juntas con la mejor tecnolog\u00eda y rendimiento del mercado. D\u00e1xel el mejor aliado para adquisici\u00f3n de tecnolog\u00eda de punta\",\"breadcrumb\":{\"@id\":\"https:\\\/\\\/daxel.mx\\\/blog\\\/2024\\\/08\\\/21\\\/microfono-para-sala-de-juntas-para-potenciar-las-conferencias\\\/#breadcrumb\"},\"inLanguage\":\"es\",\"potentialAction\":[{\"@type\":\"ReadAction\",\"target\":[\"https:\\\/\\\/daxel.mx\\\/blog\\\/2024\\\/08\\\/21\\\/microfono-para-sala-de-juntas-para-potenciar-las-conferencias\\\/\"]}]},{\"@type\":\"ImageObject\",\"inLanguage\":\"es\",\"@id\":\"https:\\\/\\\/daxel.mx\\\/blog\\\/2024\\\/08\\\/21\\\/microfono-para-sala-de-juntas-para-potenciar-las-conferencias\\\/#primaryimage\",\"url\":\"https:\\\/\\\/daxel.mx\\\/blog\\\/wp-content\\\/uploads\\\/2018\\\/06\\\/ugn-silao-cap-13.jpg\",\"contentUrl\":\"https:\\\/\\\/daxel.mx\\\/blog\\\/wp-content\\\/uploads\\\/2018\\\/06\\\/ugn-silao-cap-13.jpg\",\"width\":2048,\"height\":1536,\"caption\":\"Sala de capacitaci\u00f3n en la planta de UGN en Silao, Gto.\"},{\"@type\":\"BreadcrumbList\",\"@id\":\"https:\\\/\\\/daxel.mx\\\/blog\\\/2024\\\/08\\\/21\\\/microfono-para-sala-de-juntas-para-potenciar-las-conferencias\\\/#breadcrumb\",\"itemListElement\":[{\"@type\":\"ListItem\",\"position\":1,\"name\":\"Inicio\",\"item\":\"https:\\\/\\\/daxel.mx\\\/blog\\\/\"},{\"@type\":\"ListItem\",\"position\":2,\"name\":\"Micr\u00f3fono para sala de juntas para potenciar las conferencias\"}]},{\"@type\":\"WebSite\",\"@id\":\"https:\\\/\\\/daxel.mx\\\/blog\\\/#website\",\"url\":\"https:\\\/\\\/daxel.mx\\\/blog\\\/\",\"name\":\"D\u00e1xel Blog\",\"description\":\"Temas de Dom\u00f3tica Audiovisual\",\"publisher\":{\"@id\":\"https:\\\/\\\/daxel.mx\\\/blog\\\/#organization\"},\"potentialAction\":[{\"@type\":\"SearchAction\",\"target\":{\"@type\":\"EntryPoint\",\"urlTemplate\":\"https:\\\/\\\/daxel.mx\\\/blog\\\/?s={search_term_string}\"},\"query-input\":{\"@type\":\"PropertyValueSpecification\",\"valueRequired\":true,\"valueName\":\"search_term_string\"}}],\"inLanguage\":\"es\"},{\"@type\":\"Organization\",\"@id\":\"https:\\\/\\\/daxel.mx\\\/blog\\\/#organization\",\"name\":\"D\u00e1xel\",\"url\":\"https:\\\/\\\/daxel.mx\\\/blog\\\/\",\"logo\":{\"@type\":\"ImageObject\",\"inLanguage\":\"es\",\"@id\":\"https:\\\/\\\/daxel.mx\\\/blog\\\/#\\\/schema\\\/logo\\\/image\\\/\",\"url\":\"https:\\\/\\\/daxel.mx\\\/blog\\\/wp-content\\\/uploads\\\/2018\\\/01\\\/Horizontal-Gradiente.png\",\"contentUrl\":\"https:\\\/\\\/daxel.mx\\\/blog\\\/wp-content\\\/uploads\\\/2018\\\/01\\\/Horizontal-Gradiente.png\",\"width\":2748,\"height\":1152,\"caption\":\"D\u00e1xel\"},\"image\":{\"@id\":\"https:\\\/\\\/daxel.mx\\\/blog\\\/#\\\/schema\\\/logo\\\/image\\\/\"},\"sameAs\":[\"https:\\\/\\\/www.facebook.com\\\/DaxelDomoticaAudiovisual\\\/\",\"https:\\\/\\\/www.linkedin.com\\\/company\\\/d\u00e1xel\\\/\"]},{\"@type\":\"Person\",\"@id\":\"https:\\\/\\\/daxel.mx\\\/blog\\\/#\\\/schema\\\/person\\\/da4f122a1134e8607516450127da9dfa\",\"name\":\"programacion\",\"image\":{\"@type\":\"ImageObject\",\"inLanguage\":\"es\",\"@id\":\"https:\\\/\\\/secure.gravatar.com\\\/avatar\\\/9d3dfe9b12b7a0a3e2fb00f12839f14fd06d5319a3517c04f2fd4ba0024ec4f0?s=96&d=identicon&r=g\",\"url\":\"https:\\\/\\\/secure.gravatar.com\\\/avatar\\\/9d3dfe9b12b7a0a3e2fb00f12839f14fd06d5319a3517c04f2fd4ba0024ec4f0?s=96&d=identicon&r=g\",\"contentUrl\":\"https:\\\/\\\/secure.gravatar.com\\\/avatar\\\/9d3dfe9b12b7a0a3e2fb00f12839f14fd06d5319a3517c04f2fd4ba0024ec4f0?s=96&d=identicon&r=g\",\"caption\":\"programacion\"},\"url\":\"https:\\\/\\\/daxel.mx\\\/blog\\\/author\\\/programacion\\\/\"}]}<\/script>\n<!-- \/ Yoast SEO plugin. -->","yoast_head_json":{"title":"Micr\u00f3fono para sala de juntas para potenciar las conferencias","description":"Adquiere micr\u00f3fono para sala de juntas con la mejor tecnolog\u00eda y rendimiento del mercado. D\u00e1xel el mejor aliado para adquisici\u00f3n de tecnolog\u00eda de punta","robots":{"index":"index","follow":"follow","max-snippet":"max-snippet:-1","max-image-preview":"max-image-preview:large","max-video-preview":"max-video-preview:-1"},"canonical":"https:\/\/daxel.mx\/blog\/2024\/08\/21\/microfono-para-sala-de-juntas-para-potenciar-las-conferencias\/","og_locale":"es_MX","og_type":"article","og_title":"Micr\u00f3fono para sala de juntas para potenciar las conferencias","og_description":"Adquiere micr\u00f3fono para sala de juntas con la mejor tecnolog\u00eda y rendimiento del mercado. D\u00e1xel el mejor aliado para adquisici\u00f3n de tecnolog\u00eda de punta","og_url":"https:\/\/daxel.mx\/blog\/2024\/08\/21\/microfono-para-sala-de-juntas-para-potenciar-las-conferencias\/","og_site_name":"D\u00e1xel Blog","article_publisher":"https:\/\/www.facebook.com\/DaxelDomoticaAudiovisual\/","article_published_time":"2024-08-21T15:18:47+00:00","og_image":[{"width":2048,"height":1536,"url":"https:\/\/daxel.mx\/blog\/wp-content\/uploads\/2018\/06\/ugn-silao-cap-13.jpg","type":"image\/jpeg"}],"author":"programacion","twitter_card":"summary_large_image","twitter_misc":{"Escrito por":"programacion","Tiempo de lectura":"5 minutos"},"schema":{"@context":"https:\/\/schema.org","@graph":[{"@type":"Article","@id":"https:\/\/daxel.mx\/blog\/2024\/08\/21\/microfono-para-sala-de-juntas-para-potenciar-las-conferencias\/#article","isPartOf":{"@id":"https:\/\/daxel.mx\/blog\/2024\/08\/21\/microfono-para-sala-de-juntas-para-potenciar-las-conferencias\/"},"author":{"name":"programacion","@id":"https:\/\/daxel.mx\/blog\/#\/schema\/person\/da4f122a1134e8607516450127da9dfa"},"headline":"Micr\u00f3fono para sala de juntas para potenciar las conferencias","datePublished":"2024-08-21T15:18:47+00:00","mainEntityOfPage":{"@id":"https:\/\/daxel.mx\/blog\/2024\/08\/21\/microfono-para-sala-de-juntas-para-potenciar-las-conferencias\/"},"wordCount":917,"publisher":{"@id":"https:\/\/daxel.mx\/blog\/#organization"},"image":{"@id":"https:\/\/daxel.mx\/blog\/2024\/08\/21\/microfono-para-sala-de-juntas-para-potenciar-las-conferencias\/#primaryimage"},"thumbnailUrl":"https:\/\/daxel.mx\/blog\/wp-content\/uploads\/2018\/06\/ugn-silao-cap-13.jpg","articleSection":["blog"],"inLanguage":"es"},{"@type":"WebPage","@id":"https:\/\/daxel.mx\/blog\/2024\/08\/21\/microfono-para-sala-de-juntas-para-potenciar-las-conferencias\/","url":"https:\/\/daxel.mx\/blog\/2024\/08\/21\/microfono-para-sala-de-juntas-para-potenciar-las-conferencias\/","name":"Micr\u00f3fono para sala de juntas para potenciar las conferencias","isPartOf":{"@id":"https:\/\/daxel.mx\/blog\/#website"},"primaryImageOfPage":{"@id":"https:\/\/daxel.mx\/blog\/2024\/08\/21\/microfono-para-sala-de-juntas-para-potenciar-las-conferencias\/#primaryimage"},"image":{"@id":"https:\/\/daxel.mx\/blog\/2024\/08\/21\/microfono-para-sala-de-juntas-para-potenciar-las-conferencias\/#primaryimage"},"thumbnailUrl":"https:\/\/daxel.mx\/blog\/wp-content\/uploads\/2018\/06\/ugn-silao-cap-13.jpg","datePublished":"2024-08-21T15:18:47+00:00","description":"Adquiere micr\u00f3fono para sala de juntas con la mejor tecnolog\u00eda y rendimiento del mercado. D\u00e1xel el mejor aliado para adquisici\u00f3n de tecnolog\u00eda de punta","breadcrumb":{"@id":"https:\/\/daxel.mx\/blog\/2024\/08\/21\/microfono-para-sala-de-juntas-para-potenciar-las-conferencias\/#breadcrumb"},"inLanguage":"es","potentialAction":[{"@type":"ReadAction","target":["https:\/\/daxel.mx\/blog\/2024\/08\/21\/microfono-para-sala-de-juntas-para-potenciar-las-conferencias\/"]}]},{"@type":"ImageObject","inLanguage":"es","@id":"https:\/\/daxel.mx\/blog\/2024\/08\/21\/microfono-para-sala-de-juntas-para-potenciar-las-conferencias\/#primaryimage","url":"https:\/\/daxel.mx\/blog\/wp-content\/uploads\/2018\/06\/ugn-silao-cap-13.jpg","contentUrl":"https:\/\/daxel.mx\/blog\/wp-content\/uploads\/2018\/06\/ugn-silao-cap-13.jpg","width":2048,"height":1536,"caption":"Sala de capacitaci\u00f3n en la planta de UGN en Silao, Gto."},{"@type":"BreadcrumbList","@id":"https:\/\/daxel.mx\/blog\/2024\/08\/21\/microfono-para-sala-de-juntas-para-potenciar-las-conferencias\/#breadcrumb","itemListElement":[{"@type":"ListItem","position":1,"name":"Inicio","item":"https:\/\/daxel.mx\/blog\/"},{"@type":"ListItem","position":2,"name":"Micr\u00f3fono para sala de juntas para potenciar las conferencias"}]},{"@type":"WebSite","@id":"https:\/\/daxel.mx\/blog\/#website","url":"https:\/\/daxel.mx\/blog\/","name":"D\u00e1xel Blog","description":"Temas de Dom\u00f3tica Audiovisual","publisher":{"@id":"https:\/\/daxel.mx\/blog\/#organization"},"potentialAction":[{"@type":"SearchAction","target":{"@type":"EntryPoint","urlTemplate":"https:\/\/daxel.mx\/blog\/?s={search_term_string}"},"query-input":{"@type":"PropertyValueSpecification","valueRequired":true,"valueName":"search_term_string"}}],"inLanguage":"es"},{"@type":"Organization","@id":"https:\/\/daxel.mx\/blog\/#organization","name":"D\u00e1xel","url":"https:\/\/daxel.mx\/blog\/","logo":{"@type":"ImageObject","inLanguage":"es","@id":"https:\/\/daxel.mx\/blog\/#\/schema\/logo\/image\/","url":"https:\/\/daxel.mx\/blog\/wp-content\/uploads\/2018\/01\/Horizontal-Gradiente.png","contentUrl":"https:\/\/daxel.mx\/blog\/wp-content\/uploads\/2018\/01\/Horizontal-Gradiente.png","width":2748,"height":1152,"caption":"D\u00e1xel"},"image":{"@id":"https:\/\/daxel.mx\/blog\/#\/schema\/logo\/image\/"},"sameAs":["https:\/\/www.facebook.com\/DaxelDomoticaAudiovisual\/","https:\/\/www.linkedin.com\/company\/d\u00e1xel\/"]},{"@type":"Person","@id":"https:\/\/daxel.mx\/blog\/#\/schema\/person\/da4f122a1134e8607516450127da9dfa","name":"programacion","image":{"@type":"ImageObject","inLanguage":"es","@id":"https:\/\/secure.gravatar.com\/avatar\/9d3dfe9b12b7a0a3e2fb00f12839f14fd06d5319a3517c04f2fd4ba0024ec4f0?s=96&d=identicon&r=g","url":"https:\/\/secure.gravatar.com\/avatar\/9d3dfe9b12b7a0a3e2fb00f12839f14fd06d5319a3517c04f2fd4ba0024ec4f0?s=96&d=identicon&r=g","contentUrl":"https:\/\/secure.gravatar.com\/avatar\/9d3dfe9b12b7a0a3e2fb00f12839f14fd06d5319a3517c04f2fd4ba0024ec4f0?s=96&d=identicon&r=g","caption":"programacion"},"url":"https:\/\/daxel.mx\/blog\/author\/programacion\/"}]}},"jetpack_publicize_connections":[],"_links":{"self":[{"href":"https:\/\/daxel.mx\/blog\/wp-json\/wp\/v2\/posts\/800","targetHints":{"allow":["GET"]}}],"collection":[{"href":"https:\/\/daxel.mx\/blog\/wp-json\/wp\/v2\/posts"}],"about":[{"href":"https:\/\/daxel.mx\/blog\/wp-json\/wp\/v2\/types\/post"}],"author":[{"embeddable":true,"href":"https:\/\/daxel.mx\/blog\/wp-json\/wp\/v2\/users\/342"}],"replies":[{"embeddable":true,"href":"https:\/\/daxel.mx\/blog\/wp-json\/wp\/v2\/comments?post=800"}],"version-history":[{"count":1,"href":"https:\/\/daxel.mx\/blog\/wp-json\/wp\/v2\/posts\/800\/revisions"}],"predecessor-version":[{"id":810,"href":"https:\/\/daxel.mx\/blog\/wp-json\/wp\/v2\/posts\/800\/revisions\/810"}],"wp:featuredmedia":[{"embeddable":true,"href":"https:\/\/daxel.mx\/blog\/wp-json\/wp\/v2\/media\/130"}],"wp:attachment":[{"href":"https:\/\/daxel.mx\/blog\/wp-json\/wp\/v2\/media?parent=800"}],"wp:term":[{"taxonomy":"category","embeddable":true,"href":"https:\/\/daxel.mx\/blog\/wp-json\/wp\/v2\/categories?post=800"},{"taxonomy":"post_tag","embeddable":true,"href":"https:\/\/daxel.mx\/blog\/wp-json\/wp\/v2\/tags?post=800"}],"curies":[{"name":"wp","href":"https:\/\/api.w.org\/{rel}","templated":true}]}}