{"id":816,"date":"2024-09-06T12:40:38","date_gmt":"2024-09-06T18:40:38","guid":{"rendered":"https:\/\/daxel.mx\/blog\/?p=816"},"modified":"2024-08-23T13:00:11","modified_gmt":"2024-08-23T19:00:11","slug":"camara-para-videoconferencia-por-que-es-importante-agregarla-al-sistema","status":"publish","type":"post","link":"https:\/\/daxel.mx\/blog\/2024\/09\/06\/camara-para-videoconferencia-por-que-es-importante-agregarla-al-sistema\/","title":{"rendered":"C\u00e1mara para videoconferencia \u00bfPor qu\u00e9 es importante agregarla al sistema?"},"content":{"rendered":"<p>Un sistema para videoconferencia est\u00e1 compuesto por distintos componentes y elementos que ofrecen a su vez diferentes funciones y caracter\u00edsticas. Este es el caso de la <a href=\"https:\/\/daxel.mx\/camara-para-videoconferencia.php\"><strong>c\u00e1mara para videoconferencia<\/strong><\/a>, componentes de audio y video, dispositivos para el control de conferencias y muchos otros m\u00e1s. Lo que no muchas personas saben es que entre m\u00e1s completo es el sistema de videoconferencia mejor resulta la experiencia y los resultados.<\/p>\n<p>Una c\u00e1mara, por ejemplo, trae consigo una larga lista de beneficios donde se incluye una comunicaci\u00f3n m\u00e1s eficiente, visualizaci\u00f3n en tiempo real y mucho m\u00e1s. Sin mencionar que los dem\u00e1s equipos, componentes y dispositivos tambi\u00e9n ofrecen otros beneficios que conforman un sistema altamente eficiente y confiable.<\/p>\n<h2>\u00a0La importancia de la c\u00e1mara para videoconferencia<\/h2>\n<p>Como bien mencionamos antes, una <a href=\"https:\/\/daxel.mx\/camara-para-videoconferencia.php\"><strong>c\u00e1mara para videoconferencia<\/strong><\/a> representa uno de los varios componentes que requieren los sistemas de videoconferencia con el fin de garantizar experiencias m\u00e1s completas. La c\u00e1mara en particular es un elemento indispensable pues gracias a su presencia y funciones es posible contar con una imagen n\u00edtida, clara y en tiempo real. Algo sencillamente ideal cuando se trata de conferencias entre diferentes empresas, personal directivo y potenciales inversionistas en otras partes del mundo.<\/p>\n<p>De hecho, es posible afirmar que sin su presencia ninguno de los <a href=\"https:\/\/daxel.mx\/sistemas-de-videoconferencia.php\"><strong>sistemas de videoconferencia<\/strong><\/a> de la actualidad estar\u00eda totalmente completo. Estamos hablando b\u00e1sicamente de un puente visual que conecta a los participantes de una videoconferencia en diferentes ubicaciones, en tiempo real y totalmente eficiente. Sin mencionar que este componente tambi\u00e9n es capaz de ofrecer otros beneficios tales como:<\/p>\n<h3>Comunicaci\u00f3n mucho m\u00e1s directa y eficiente<\/h3>\n<p>La presencia de una c\u00e1mara de calidad con buena resoluci\u00f3n contribuye a la visualizaci\u00f3n no verbal, es decir, las expresiones faciales, el lenguaje corporal y los gestos que juegan un papel crucial. Mediante una c\u00e1mara es posible prestar atenci\u00f3n a estos detalles para que cada conversaci\u00f3n y comunicaci\u00f3n resulte mucho m\u00e1s eficiente y beneficiosa.<\/p>\n<h3>Colaboraci\u00f3n y participaci\u00f3n<\/h3>\n<p>Al ser dispositivos capaces de transmitir videos en vivo y en tiempo real contribuyen a la participaci\u00f3n y colaboraci\u00f3n de los participantes. Algo que genera un impacto positivo cuando de compromiso se trata. La colaboraci\u00f3n y participaci\u00f3n resulta fundamental en diversos procesos como capacitaciones, clases en l\u00ednea y mucho m\u00e1s, por lo que se trata de algo importante.<\/p>\n<h3>Fortalecimiento de las relaciones profesionales<\/h3>\n<p>Gracias a la llegada de la tecnolog\u00eda hoy en d\u00eda es posible contar con la posibilidad de optar por trabajos remotos, realizar cursos en l\u00ednea e incluso obtener diplomados desde la comodidad de un dispositivo con acceso a Internet. Sin embargo, esto impide el fortalecimiento de las relaciones profesionales al disminuir la necesidad de interacci\u00f3n.<\/p>\n<p>Mediante el uso de una c\u00e1mara es posible conectarse de forma m\u00e1s profunda y casi similar en comparaci\u00f3n con una experiencia presencial. Esto permite beneficiarse de las nuevas metodolog\u00edas tecnol\u00f3gicas sin dejar de lado la construcci\u00f3n de relaciones profesionales fuertes y duraderas.<\/p>\n<h3>Control de la imagen<\/h3>\n<p>Similar a lo que sucede con una <a href=\"https:\/\/daxel.mx\/pantalla-tactil-para-controlar-videoconferencia.php\"><strong>pantalla t\u00e1ctil para controlar videoconferencia<\/strong><\/a>, la c\u00e1mara ofrece un control ideal, en este caso de la imagen ideal, ya que los participantes pueden contar con diversas funciones. Desde el bloqueo de su c\u00e1mara para evitar transmitir una imagen, hasta la selecci\u00f3n de fondos y filtros para una experiencia mucho m\u00e1s personalizada.<\/p>\n<h3>Complemento ideal<\/h3>\n<p>Como bien hemos dicho antes, una c\u00e1mara de videoconferencia es uno de los varios componentes integrados dentro de un mismo sistema de videoconferencia. Sin embargo, la c\u00e1mara juega un papel crucial al representar el complemento ideal de este tipo de sistemas. Se debe a que es capaz de ofrecer una imagen clara y n\u00edtida, al mismo tiempo que se recibe audio e informaci\u00f3n relevante en tiempo real. Lo que genera una experiencia completa y mucho m\u00e1s inmersiva.<\/p>\n<h2>Excelente calidad de imagen y resoluci\u00f3n<\/h2>\n<p>Para garantizar la obtenci\u00f3n de todos los beneficios que estos pr\u00e1cticos e innovadores dispositivos son capaces de ofrecer al a\u00f1adirlos a un sistema de videoconferencia es necesario adquirir una c\u00e1mara de alta calidad. Las mejores c\u00e1maras m\u00e1s all\u00e1 de ofrecer un ciclo de vida prolongado y en perfectas condiciones de funcionamiento ofrecen un sinf\u00edn de funciones adicionales de lo m\u00e1s \u00fatiles y atractivas. Sin mencionar que brindan la oportunidad de contar con una imagen clara y n\u00edtida en tiempo real sin importar la ubicaci\u00f3n geogr\u00e1fica donde se encuentre.<\/p>\n<h2>D\u00e1xel: dispositivos de alta gama para videoconferencias profesionales<\/h2>\n<p>La <a href=\"https:\/\/daxel.mx\/camara-para-videoconferencia.php\"><strong>c\u00e1mara para videoconferencia<\/strong><\/a> es uno de esos dispositivos que no puede faltar dentro de los sistemas m\u00e1s completos para reuniones y conferencias por video. Esto debido al largo repertorio de beneficios que es capaz de ofrecer y las funciones que proporciona a cada uno de los participantes de la reuni\u00f3n.<\/p>\n<p>En D\u00e1xel contamos con un amplio cat\u00e1logo de soluciones tecnol\u00f3gicas como c\u00e1maras y sistemas de audio y video de la m\u00e1s alta calidad \u00bfDesea saber m\u00e1s sobre nuestro cat\u00e1logo de productos? Le invitamos a comunicarse con nosotros a trav\u00e9s del correo electr\u00f3nico <a href=\"mailto:contacto@daxel.mx\">contacto@daxel.mx<\/a> para descubrir toda la informaci\u00f3n que busca.<\/p>\n","protected":false},"excerpt":{"rendered":"<p>Un sistema para videoconferencia est\u00e1 compuesto por distintos componentes y elementos que ofrecen a su vez diferentes funciones y caracter\u00edsticas. Este es el caso de la c\u00e1mara para videoconferencia, componentes de audio y video, dispositivos para el control de conferencias y muchos otros m\u00e1s. Lo que no muchas personas saben es que entre m\u00e1s completo&hellip; <br \/> <a class=\"read-more\" href=\"https:\/\/daxel.mx\/blog\/2024\/09\/06\/camara-para-videoconferencia-por-que-es-importante-agregarla-al-sistema\/\">Leer m\u00e1s<\/a><\/p>\n","protected":false},"author":342,"featured_media":113,"comment_status":"closed","ping_status":"closed","sticky":false,"template":"","format":"standard","meta":{"footnotes":"","jetpack_publicize_message":"","jetpack_publicize_feature_enabled":true,"jetpack_social_post_already_shared":true,"jetpack_social_options":{"image_generator_settings":{"template":"highway","default_image_id":0,"font":"","enabled":false},"version":2}},"categories":[37],"tags":[],"class_list":["post-816","post","type-post","status-publish","format-standard","has-post-thumbnail","hentry","category-blog"],"yoast_head":"<!-- This site is optimized with the Yoast SEO plugin v27.3 - https:\/\/yoast.com\/product\/yoast-seo-wordpress\/ -->\n<title>C\u00e1mara para videoconferencia \u00bfPor qu\u00e9 es importante agregarla al sistema?<\/title>\n<meta name=\"description\" content=\"Conoce los principales motivos que hacen que a\u00f1adir una c\u00e1mara para videoconferencia al sistema representa una excelente idea\" \/>\n<meta name=\"robots\" content=\"index, follow, max-snippet:-1, max-image-preview:large, max-video-preview:-1\" \/>\n<link rel=\"canonical\" href=\"https:\/\/daxel.mx\/blog\/2024\/09\/06\/camara-para-videoconferencia-por-que-es-importante-agregarla-al-sistema\/\" \/>\n<meta property=\"og:locale\" content=\"es_MX\" \/>\n<meta property=\"og:type\" content=\"article\" \/>\n<meta property=\"og:title\" content=\"C\u00e1mara para videoconferencia \u00bfPor qu\u00e9 es importante agregarla al sistema?\" \/>\n<meta property=\"og:description\" content=\"Conoce los principales motivos que hacen que a\u00f1adir una c\u00e1mara para videoconferencia al sistema representa una excelente idea\" \/>\n<meta property=\"og:url\" content=\"https:\/\/daxel.mx\/blog\/2024\/09\/06\/camara-para-videoconferencia-por-que-es-importante-agregarla-al-sistema\/\" \/>\n<meta property=\"og:site_name\" content=\"D\u00e1xel Blog\" \/>\n<meta property=\"article:publisher\" content=\"https:\/\/www.facebook.com\/DaxelDomoticaAudiovisual\/\" \/>\n<meta property=\"article:published_time\" content=\"2024-09-06T18:40:38+00:00\" \/>\n<meta property=\"og:image\" content=\"https:\/\/daxel.mx\/blog\/wp-content\/uploads\/2018\/06\/ugn-silao-juntas-07.jpg\" \/>\n\t<meta property=\"og:image:width\" content=\"2048\" \/>\n\t<meta property=\"og:image:height\" content=\"1536\" \/>\n\t<meta property=\"og:image:type\" content=\"image\/jpeg\" \/>\n<meta name=\"author\" content=\"programacion\" \/>\n<meta name=\"twitter:card\" content=\"summary_large_image\" \/>\n<meta name=\"twitter:label1\" content=\"Escrito por\" \/>\n\t<meta name=\"twitter:data1\" content=\"programacion\" \/>\n\t<meta name=\"twitter:label2\" content=\"Tiempo de lectura\" \/>\n\t<meta name=\"twitter:data2\" content=\"4 minutos\" \/>\n<script type=\"application\/ld+json\" class=\"yoast-schema-graph\">{\"@context\":\"https:\\\/\\\/schema.org\",\"@graph\":[{\"@type\":\"Article\",\"@id\":\"https:\\\/\\\/daxel.mx\\\/blog\\\/2024\\\/09\\\/06\\\/camara-para-videoconferencia-por-que-es-importante-agregarla-al-sistema\\\/#article\",\"isPartOf\":{\"@id\":\"https:\\\/\\\/daxel.mx\\\/blog\\\/2024\\\/09\\\/06\\\/camara-para-videoconferencia-por-que-es-importante-agregarla-al-sistema\\\/\"},\"author\":{\"name\":\"programacion\",\"@id\":\"https:\\\/\\\/daxel.mx\\\/blog\\\/#\\\/schema\\\/person\\\/da4f122a1134e8607516450127da9dfa\"},\"headline\":\"C\u00e1mara para videoconferencia \u00bfPor qu\u00e9 es importante agregarla al sistema?\",\"datePublished\":\"2024-09-06T18:40:38+00:00\",\"mainEntityOfPage\":{\"@id\":\"https:\\\/\\\/daxel.mx\\\/blog\\\/2024\\\/09\\\/06\\\/camara-para-videoconferencia-por-que-es-importante-agregarla-al-sistema\\\/\"},\"wordCount\":918,\"publisher\":{\"@id\":\"https:\\\/\\\/daxel.mx\\\/blog\\\/#organization\"},\"image\":{\"@id\":\"https:\\\/\\\/daxel.mx\\\/blog\\\/2024\\\/09\\\/06\\\/camara-para-videoconferencia-por-que-es-importante-agregarla-al-sistema\\\/#primaryimage\"},\"thumbnailUrl\":\"https:\\\/\\\/daxel.mx\\\/blog\\\/wp-content\\\/uploads\\\/2018\\\/06\\\/ugn-silao-juntas-07.jpg\",\"articleSection\":[\"blog\"],\"inLanguage\":\"es\"},{\"@type\":\"WebPage\",\"@id\":\"https:\\\/\\\/daxel.mx\\\/blog\\\/2024\\\/09\\\/06\\\/camara-para-videoconferencia-por-que-es-importante-agregarla-al-sistema\\\/\",\"url\":\"https:\\\/\\\/daxel.mx\\\/blog\\\/2024\\\/09\\\/06\\\/camara-para-videoconferencia-por-que-es-importante-agregarla-al-sistema\\\/\",\"name\":\"C\u00e1mara para videoconferencia \u00bfPor qu\u00e9 es importante agregarla al sistema?\",\"isPartOf\":{\"@id\":\"https:\\\/\\\/daxel.mx\\\/blog\\\/#website\"},\"primaryImageOfPage\":{\"@id\":\"https:\\\/\\\/daxel.mx\\\/blog\\\/2024\\\/09\\\/06\\\/camara-para-videoconferencia-por-que-es-importante-agregarla-al-sistema\\\/#primaryimage\"},\"image\":{\"@id\":\"https:\\\/\\\/daxel.mx\\\/blog\\\/2024\\\/09\\\/06\\\/camara-para-videoconferencia-por-que-es-importante-agregarla-al-sistema\\\/#primaryimage\"},\"thumbnailUrl\":\"https:\\\/\\\/daxel.mx\\\/blog\\\/wp-content\\\/uploads\\\/2018\\\/06\\\/ugn-silao-juntas-07.jpg\",\"datePublished\":\"2024-09-06T18:40:38+00:00\",\"description\":\"Conoce los principales motivos que hacen que a\u00f1adir una c\u00e1mara para videoconferencia al sistema representa una excelente idea\",\"breadcrumb\":{\"@id\":\"https:\\\/\\\/daxel.mx\\\/blog\\\/2024\\\/09\\\/06\\\/camara-para-videoconferencia-por-que-es-importante-agregarla-al-sistema\\\/#breadcrumb\"},\"inLanguage\":\"es\",\"potentialAction\":[{\"@type\":\"ReadAction\",\"target\":[\"https:\\\/\\\/daxel.mx\\\/blog\\\/2024\\\/09\\\/06\\\/camara-para-videoconferencia-por-que-es-importante-agregarla-al-sistema\\\/\"]}]},{\"@type\":\"ImageObject\",\"inLanguage\":\"es\",\"@id\":\"https:\\\/\\\/daxel.mx\\\/blog\\\/2024\\\/09\\\/06\\\/camara-para-videoconferencia-por-que-es-importante-agregarla-al-sistema\\\/#primaryimage\",\"url\":\"https:\\\/\\\/daxel.mx\\\/blog\\\/wp-content\\\/uploads\\\/2018\\\/06\\\/ugn-silao-juntas-07.jpg\",\"contentUrl\":\"https:\\\/\\\/daxel.mx\\\/blog\\\/wp-content\\\/uploads\\\/2018\\\/06\\\/ugn-silao-juntas-07.jpg\",\"width\":2048,\"height\":1536,\"caption\":\"Sala de juntas en la planta de UGN en Silao, Gto.\"},{\"@type\":\"BreadcrumbList\",\"@id\":\"https:\\\/\\\/daxel.mx\\\/blog\\\/2024\\\/09\\\/06\\\/camara-para-videoconferencia-por-que-es-importante-agregarla-al-sistema\\\/#breadcrumb\",\"itemListElement\":[{\"@type\":\"ListItem\",\"position\":1,\"name\":\"Inicio\",\"item\":\"https:\\\/\\\/daxel.mx\\\/blog\\\/\"},{\"@type\":\"ListItem\",\"position\":2,\"name\":\"C\u00e1mara para videoconferencia \u00bfPor qu\u00e9 es importante agregarla al sistema?\"}]},{\"@type\":\"WebSite\",\"@id\":\"https:\\\/\\\/daxel.mx\\\/blog\\\/#website\",\"url\":\"https:\\\/\\\/daxel.mx\\\/blog\\\/\",\"name\":\"D\u00e1xel Blog\",\"description\":\"Temas de Dom\u00f3tica Audiovisual\",\"publisher\":{\"@id\":\"https:\\\/\\\/daxel.mx\\\/blog\\\/#organization\"},\"potentialAction\":[{\"@type\":\"SearchAction\",\"target\":{\"@type\":\"EntryPoint\",\"urlTemplate\":\"https:\\\/\\\/daxel.mx\\\/blog\\\/?s={search_term_string}\"},\"query-input\":{\"@type\":\"PropertyValueSpecification\",\"valueRequired\":true,\"valueName\":\"search_term_string\"}}],\"inLanguage\":\"es\"},{\"@type\":\"Organization\",\"@id\":\"https:\\\/\\\/daxel.mx\\\/blog\\\/#organization\",\"name\":\"D\u00e1xel\",\"url\":\"https:\\\/\\\/daxel.mx\\\/blog\\\/\",\"logo\":{\"@type\":\"ImageObject\",\"inLanguage\":\"es\",\"@id\":\"https:\\\/\\\/daxel.mx\\\/blog\\\/#\\\/schema\\\/logo\\\/image\\\/\",\"url\":\"https:\\\/\\\/daxel.mx\\\/blog\\\/wp-content\\\/uploads\\\/2018\\\/01\\\/Horizontal-Gradiente.png\",\"contentUrl\":\"https:\\\/\\\/daxel.mx\\\/blog\\\/wp-content\\\/uploads\\\/2018\\\/01\\\/Horizontal-Gradiente.png\",\"width\":2748,\"height\":1152,\"caption\":\"D\u00e1xel\"},\"image\":{\"@id\":\"https:\\\/\\\/daxel.mx\\\/blog\\\/#\\\/schema\\\/logo\\\/image\\\/\"},\"sameAs\":[\"https:\\\/\\\/www.facebook.com\\\/DaxelDomoticaAudiovisual\\\/\",\"https:\\\/\\\/www.linkedin.com\\\/company\\\/d\u00e1xel\\\/\"]},{\"@type\":\"Person\",\"@id\":\"https:\\\/\\\/daxel.mx\\\/blog\\\/#\\\/schema\\\/person\\\/da4f122a1134e8607516450127da9dfa\",\"name\":\"programacion\",\"image\":{\"@type\":\"ImageObject\",\"inLanguage\":\"es\",\"@id\":\"https:\\\/\\\/secure.gravatar.com\\\/avatar\\\/9d3dfe9b12b7a0a3e2fb00f12839f14fd06d5319a3517c04f2fd4ba0024ec4f0?s=96&d=identicon&r=g\",\"url\":\"https:\\\/\\\/secure.gravatar.com\\\/avatar\\\/9d3dfe9b12b7a0a3e2fb00f12839f14fd06d5319a3517c04f2fd4ba0024ec4f0?s=96&d=identicon&r=g\",\"contentUrl\":\"https:\\\/\\\/secure.gravatar.com\\\/avatar\\\/9d3dfe9b12b7a0a3e2fb00f12839f14fd06d5319a3517c04f2fd4ba0024ec4f0?s=96&d=identicon&r=g\",\"caption\":\"programacion\"},\"url\":\"https:\\\/\\\/daxel.mx\\\/blog\\\/author\\\/programacion\\\/\"}]}<\/script>\n<!-- \/ Yoast SEO plugin. -->","yoast_head_json":{"title":"C\u00e1mara para videoconferencia \u00bfPor qu\u00e9 es importante agregarla al sistema?","description":"Conoce los principales motivos que hacen que a\u00f1adir una c\u00e1mara para videoconferencia al sistema representa una excelente idea","robots":{"index":"index","follow":"follow","max-snippet":"max-snippet:-1","max-image-preview":"max-image-preview:large","max-video-preview":"max-video-preview:-1"},"canonical":"https:\/\/daxel.mx\/blog\/2024\/09\/06\/camara-para-videoconferencia-por-que-es-importante-agregarla-al-sistema\/","og_locale":"es_MX","og_type":"article","og_title":"C\u00e1mara para videoconferencia \u00bfPor qu\u00e9 es importante agregarla al sistema?","og_description":"Conoce los principales motivos que hacen que a\u00f1adir una c\u00e1mara para videoconferencia al sistema representa una excelente idea","og_url":"https:\/\/daxel.mx\/blog\/2024\/09\/06\/camara-para-videoconferencia-por-que-es-importante-agregarla-al-sistema\/","og_site_name":"D\u00e1xel Blog","article_publisher":"https:\/\/www.facebook.com\/DaxelDomoticaAudiovisual\/","article_published_time":"2024-09-06T18:40:38+00:00","og_image":[{"width":2048,"height":1536,"url":"https:\/\/daxel.mx\/blog\/wp-content\/uploads\/2018\/06\/ugn-silao-juntas-07.jpg","type":"image\/jpeg"}],"author":"programacion","twitter_card":"summary_large_image","twitter_misc":{"Escrito por":"programacion","Tiempo de lectura":"4 minutos"},"schema":{"@context":"https:\/\/schema.org","@graph":[{"@type":"Article","@id":"https:\/\/daxel.mx\/blog\/2024\/09\/06\/camara-para-videoconferencia-por-que-es-importante-agregarla-al-sistema\/#article","isPartOf":{"@id":"https:\/\/daxel.mx\/blog\/2024\/09\/06\/camara-para-videoconferencia-por-que-es-importante-agregarla-al-sistema\/"},"author":{"name":"programacion","@id":"https:\/\/daxel.mx\/blog\/#\/schema\/person\/da4f122a1134e8607516450127da9dfa"},"headline":"C\u00e1mara para videoconferencia \u00bfPor qu\u00e9 es importante agregarla al sistema?","datePublished":"2024-09-06T18:40:38+00:00","mainEntityOfPage":{"@id":"https:\/\/daxel.mx\/blog\/2024\/09\/06\/camara-para-videoconferencia-por-que-es-importante-agregarla-al-sistema\/"},"wordCount":918,"publisher":{"@id":"https:\/\/daxel.mx\/blog\/#organization"},"image":{"@id":"https:\/\/daxel.mx\/blog\/2024\/09\/06\/camara-para-videoconferencia-por-que-es-importante-agregarla-al-sistema\/#primaryimage"},"thumbnailUrl":"https:\/\/daxel.mx\/blog\/wp-content\/uploads\/2018\/06\/ugn-silao-juntas-07.jpg","articleSection":["blog"],"inLanguage":"es"},{"@type":"WebPage","@id":"https:\/\/daxel.mx\/blog\/2024\/09\/06\/camara-para-videoconferencia-por-que-es-importante-agregarla-al-sistema\/","url":"https:\/\/daxel.mx\/blog\/2024\/09\/06\/camara-para-videoconferencia-por-que-es-importante-agregarla-al-sistema\/","name":"C\u00e1mara para videoconferencia \u00bfPor qu\u00e9 es importante agregarla al sistema?","isPartOf":{"@id":"https:\/\/daxel.mx\/blog\/#website"},"primaryImageOfPage":{"@id":"https:\/\/daxel.mx\/blog\/2024\/09\/06\/camara-para-videoconferencia-por-que-es-importante-agregarla-al-sistema\/#primaryimage"},"image":{"@id":"https:\/\/daxel.mx\/blog\/2024\/09\/06\/camara-para-videoconferencia-por-que-es-importante-agregarla-al-sistema\/#primaryimage"},"thumbnailUrl":"https:\/\/daxel.mx\/blog\/wp-content\/uploads\/2018\/06\/ugn-silao-juntas-07.jpg","datePublished":"2024-09-06T18:40:38+00:00","description":"Conoce los principales motivos que hacen que a\u00f1adir una c\u00e1mara para videoconferencia al sistema representa una excelente idea","breadcrumb":{"@id":"https:\/\/daxel.mx\/blog\/2024\/09\/06\/camara-para-videoconferencia-por-que-es-importante-agregarla-al-sistema\/#breadcrumb"},"inLanguage":"es","potentialAction":[{"@type":"ReadAction","target":["https:\/\/daxel.mx\/blog\/2024\/09\/06\/camara-para-videoconferencia-por-que-es-importante-agregarla-al-sistema\/"]}]},{"@type":"ImageObject","inLanguage":"es","@id":"https:\/\/daxel.mx\/blog\/2024\/09\/06\/camara-para-videoconferencia-por-que-es-importante-agregarla-al-sistema\/#primaryimage","url":"https:\/\/daxel.mx\/blog\/wp-content\/uploads\/2018\/06\/ugn-silao-juntas-07.jpg","contentUrl":"https:\/\/daxel.mx\/blog\/wp-content\/uploads\/2018\/06\/ugn-silao-juntas-07.jpg","width":2048,"height":1536,"caption":"Sala de juntas en la planta de UGN en Silao, Gto."},{"@type":"BreadcrumbList","@id":"https:\/\/daxel.mx\/blog\/2024\/09\/06\/camara-para-videoconferencia-por-que-es-importante-agregarla-al-sistema\/#breadcrumb","itemListElement":[{"@type":"ListItem","position":1,"name":"Inicio","item":"https:\/\/daxel.mx\/blog\/"},{"@type":"ListItem","position":2,"name":"C\u00e1mara para videoconferencia \u00bfPor qu\u00e9 es importante agregarla al sistema?"}]},{"@type":"WebSite","@id":"https:\/\/daxel.mx\/blog\/#website","url":"https:\/\/daxel.mx\/blog\/","name":"D\u00e1xel Blog","description":"Temas de Dom\u00f3tica Audiovisual","publisher":{"@id":"https:\/\/daxel.mx\/blog\/#organization"},"potentialAction":[{"@type":"SearchAction","target":{"@type":"EntryPoint","urlTemplate":"https:\/\/daxel.mx\/blog\/?s={search_term_string}"},"query-input":{"@type":"PropertyValueSpecification","valueRequired":true,"valueName":"search_term_string"}}],"inLanguage":"es"},{"@type":"Organization","@id":"https:\/\/daxel.mx\/blog\/#organization","name":"D\u00e1xel","url":"https:\/\/daxel.mx\/blog\/","logo":{"@type":"ImageObject","inLanguage":"es","@id":"https:\/\/daxel.mx\/blog\/#\/schema\/logo\/image\/","url":"https:\/\/daxel.mx\/blog\/wp-content\/uploads\/2018\/01\/Horizontal-Gradiente.png","contentUrl":"https:\/\/daxel.mx\/blog\/wp-content\/uploads\/2018\/01\/Horizontal-Gradiente.png","width":2748,"height":1152,"caption":"D\u00e1xel"},"image":{"@id":"https:\/\/daxel.mx\/blog\/#\/schema\/logo\/image\/"},"sameAs":["https:\/\/www.facebook.com\/DaxelDomoticaAudiovisual\/","https:\/\/www.linkedin.com\/company\/d\u00e1xel\/"]},{"@type":"Person","@id":"https:\/\/daxel.mx\/blog\/#\/schema\/person\/da4f122a1134e8607516450127da9dfa","name":"programacion","image":{"@type":"ImageObject","inLanguage":"es","@id":"https:\/\/secure.gravatar.com\/avatar\/9d3dfe9b12b7a0a3e2fb00f12839f14fd06d5319a3517c04f2fd4ba0024ec4f0?s=96&d=identicon&r=g","url":"https:\/\/secure.gravatar.com\/avatar\/9d3dfe9b12b7a0a3e2fb00f12839f14fd06d5319a3517c04f2fd4ba0024ec4f0?s=96&d=identicon&r=g","contentUrl":"https:\/\/secure.gravatar.com\/avatar\/9d3dfe9b12b7a0a3e2fb00f12839f14fd06d5319a3517c04f2fd4ba0024ec4f0?s=96&d=identicon&r=g","caption":"programacion"},"url":"https:\/\/daxel.mx\/blog\/author\/programacion\/"}]}},"jetpack_publicize_connections":[],"_links":{"self":[{"href":"https:\/\/daxel.mx\/blog\/wp-json\/wp\/v2\/posts\/816","targetHints":{"allow":["GET"]}}],"collection":[{"href":"https:\/\/daxel.mx\/blog\/wp-json\/wp\/v2\/posts"}],"about":[{"href":"https:\/\/daxel.mx\/blog\/wp-json\/wp\/v2\/types\/post"}],"author":[{"embeddable":true,"href":"https:\/\/daxel.mx\/blog\/wp-json\/wp\/v2\/users\/342"}],"replies":[{"embeddable":true,"href":"https:\/\/daxel.mx\/blog\/wp-json\/wp\/v2\/comments?post=816"}],"version-history":[{"count":1,"href":"https:\/\/daxel.mx\/blog\/wp-json\/wp\/v2\/posts\/816\/revisions"}],"predecessor-version":[{"id":826,"href":"https:\/\/daxel.mx\/blog\/wp-json\/wp\/v2\/posts\/816\/revisions\/826"}],"wp:featuredmedia":[{"embeddable":true,"href":"https:\/\/daxel.mx\/blog\/wp-json\/wp\/v2\/media\/113"}],"wp:attachment":[{"href":"https:\/\/daxel.mx\/blog\/wp-json\/wp\/v2\/media?parent=816"}],"wp:term":[{"taxonomy":"category","embeddable":true,"href":"https:\/\/daxel.mx\/blog\/wp-json\/wp\/v2\/categories?post=816"},{"taxonomy":"post_tag","embeddable":true,"href":"https:\/\/daxel.mx\/blog\/wp-json\/wp\/v2\/tags?post=816"}],"curies":[{"name":"wp","href":"https:\/\/api.w.org\/{rel}","templated":true}]}}