{"id":841,"date":"2024-10-11T09:22:40","date_gmt":"2024-10-11T15:22:40","guid":{"rendered":"https:\/\/daxel.mx\/blog\/?p=841"},"modified":"2024-09-30T09:35:56","modified_gmt":"2024-09-30T15:35:56","slug":"camara-para-videoconferencia-visualizacion-clara-y-en-tiempo-real","status":"publish","type":"post","link":"https:\/\/daxel.mx\/blog\/2024\/10\/11\/camara-para-videoconferencia-visualizacion-clara-y-en-tiempo-real\/","title":{"rendered":"C\u00e1mara para videoconferencia: visualizaci\u00f3n clara y en tiempo real"},"content":{"rendered":"<p>El avance de la tecnolog\u00eda y la llegada de nuevos dispositivos cada vez m\u00e1s eficientes, funcionales y atractivos ha permitido contar con una larga lista de beneficios en la empresa. La <a href=\"https:\/\/daxel.mx\/camara-para-videoconferencia.php\"><strong>c\u00e1mara para videoconferencia<\/strong><\/a> es un claro ejemplo de esto, ya que se trata de un componente que no puede faltar en los espacios de reuniones y videoconferencia de la actualidad.<\/p>\n<p>Estos pr\u00e1cticos, pero sumamente eficientes e innovadores dispositivos han cambiado la forma en c\u00f3mo se llevan a cabo los procesos de reuni\u00f3n. Ya que permiten una visualizaci\u00f3n clara y en tiempo real de los asistentes sin importar su ubicaci\u00f3n geogr\u00e1fica. Lo que optimiza al m\u00e1ximo la experiencia y permite contar con una mejor participaci\u00f3n y procesos de aprendizaje m\u00e1s profundos y beneficiosos.<\/p>\n<h2>La c\u00e1mara para videoconferencia y sus caracter\u00edsticas principales<\/h2>\n<p>La <a href=\"https:\/\/daxel.mx\/camara-para-videoconferencia.php\"><strong>c\u00e1mara para videoconferencia<\/strong><\/a> y la posibilidad de contar con una visualizaci\u00f3n clara y en tiempo real ha permitido a las empresas llevar sus procesos a un siguiente nivel. Muchas empresas adoptaron una modalidad remota de trabajo que permite a colaboradores de distintas partes del mundo formar parte del mismo equipo. Algo que ser\u00eda mucho m\u00e1s complejo y hasta imposible sin la existencia de estas c\u00e1maras y sus caracter\u00edsticas.<\/p>\n<p>Las funciones y caracter\u00edsticas principales de las c\u00e1maras de alta calidad para videoconferencia en D\u00e1xel ofrecen una experiencia optimizada. Son capaces de brindar un alto nivel de resoluci\u00f3n que se traduce en im\u00e1genes mucho m\u00e1s n\u00edtidas y detalladas. Tambi\u00e9n brindan un \u00e1ngulo de visi\u00f3n amplio para captar espacios con dimensiones m\u00e1s grandes, distintos colaboradores a la vez y abarcar las necesidades de cada espacio para videoconferencia.<\/p>\n<p>Una funci\u00f3n que resulta de mucha ayuda y utilidad cuando los colaboradores est\u00e1n frente a la pantalla es la posibilidad de contar con un enfoque autom\u00e1tico. Esto, durante presentaciones y procesos de capacitaci\u00f3n, resulta ideal pues la imagen permanecer\u00e1 enfocada sin importar el movimiento del interlocutor. Nuestras c\u00e1maras de alta calidad ofrecen una experiencia optimizada al contar con funciones de correcci\u00f3n de luz para asegurar im\u00e1genes claras sin importar las condiciones adversas de iluminaci\u00f3n. Adem\u00e1s de que son capaces de ofrecer otras funciones y caracter\u00edsticas tales como:<\/p>\n<ul>\n<li>Micr\u00f3fono integrado para perfeccionar la experiencia y contar con visualizaci\u00f3n y audio en tiempo real.<\/li>\n<li>Posibilidad de desenfocar y seleccionar distintos tipos de fondos y filtros para una experiencia personalizada.<\/li>\n<li>F\u00e1cil y r\u00e1pida instalaci\u00f3n.<\/li>\n<li>Posibilidad de realizar ajustes y una configuraci\u00f3n personalizada seg\u00fan las preferencias de cada colaborador.<\/li>\n<li>Posibilidad de observar a colaboradores en otras partes del mundo para un proceso de videoconferencia m\u00e1s beneficioso y completo.<\/li>\n<li>Excelente variedad en dise\u00f1os, funciones y m\u00e1s.<\/li>\n<\/ul>\n<p>Estas caracter\u00edsticas dejan en evidencia los distintos motivos por los que afirmamos que estas c\u00e1maras no pueden faltar en los <a href=\"https:\/\/daxel.mx\/sistemas-de-videoconferencia.php\"><strong>sistemas de videoconferencia<\/strong><\/a> de la actualidad. No solo se trata de un dispositivo moderno y atractivo, se trata de un componente de vital importancia para disfrutar de experiencias de videoconferencias m\u00e1s beneficiosas e inmersivas.<\/p>\n<h3>\u00bfC\u00f3mo elegir la mejor c\u00e1mara para videoconferencias empresariales?<\/h3>\n<p>Existen distintos aspectos clave a tener en cuenta al momento de seleccionar la c\u00e1mara ideal para los procesos de la empresa. Conocer la marca y funciones principales del dispositivo es una excelente manera de realizar una adecuada elecci\u00f3n. Las mejores c\u00e1maras provienen de marcas reconocidas y ofrecen un funcionamiento confiable en todo momento. De igual forma, conocer algunas de sus funciones principales permite realizar comparaciones entre diferentes dispositivos para seleccionar el mejor seg\u00fan cada caso.<\/p>\n<p>El presupuesto es otro de los aspectos a tener siempre presente. El precio m\u00e1s bajo y accesible no siempre representa la mejor alternativa. Resulta preciso contar con dispositivos de calidad garantizada como los de D\u00e1xel para asegurar un ciclo de vida prolongado y en \u00f3ptimas condiciones de funcionamiento. De esta manera se podr\u00e1n evitar las inc\u00f3modas fallas de funcionamiento durante las videoconferencias y se contar\u00e1 con un funcionamiento confiable.<\/p>\n<p>Al momento de elegir o adquirir una c\u00e1mara de videoconferencia es necesario probar su funcionamiento para conocer con lujo de detalle lo que es capaz de ofrecer. La claridad de su imagen y audio, la facilidad de instalaci\u00f3n, su conectividad e integraci\u00f3n y otros datos m\u00e1s, resultan cruciales para una elecci\u00f3n correcta del dispositivo.<\/p>\n<p>D\u00e1xel cuenta con un amplio cat\u00e1logo de alternativas de la m\u00e1s alta calidad a tener en cuenta con el fin de satisfacer las necesidades de cada empresa y organizaci\u00f3n. Desde c\u00e1maras y pantallas para controlar videoconferencias, hasta <a href=\"https:\/\/daxel.mx\/bocinas-hi-fi.php\"><strong>bocinas hi fi<\/strong><\/a> y dispositivos de reserva de salas. Tambi\u00e9n ofrecemos informaci\u00f3n y asesoramiento por parte de personal altamente capacitado para facilitar la elecci\u00f3n de cada componente y dispositivo.<\/p>\n<h2>D\u00e1xel y su cat\u00e1logo de componentes de calidad para videoconferencias<\/h2>\n<p>Queda claro por qu\u00e9 cuando se trata de componentes que no pueden faltar en los sistemas de las empresas se menciona a la <a href=\"https:\/\/daxel.mx\/camara-para-videoconferencia.php\"><strong>c\u00e1mara para videoconferencia<\/strong><\/a>. Este dispositivo ofrece una visualizaci\u00f3n clara y n\u00edtida de cada colaborador sin importar su ubicaci\u00f3n. Todo esto, por supuesto, en tiempo real y junto a funciones de audio igual de claras para una experiencia altamente optimizada.<\/p>\n<p>D\u00e1xel es una empresa con a\u00f1os de experiencia ofreciendo soluciones tecnol\u00f3gicas de la m\u00e1s alta calidad a las organizaciones para contribuir en su crecimiento y desarrollo. Si desea conocer m\u00e1s sobre nuestros componentes y dispositivos le invitamos a comunicarse con nosotros mediante el correo electr\u00f3nico <a href=\"mailto:contacto@daxel.mx\">contacto@daxel.mx<\/a> para descubrir toda la informaci\u00f3n que busca.<\/p>\n","protected":false},"excerpt":{"rendered":"<p>El avance de la tecnolog\u00eda y la llegada de nuevos dispositivos cada vez m\u00e1s eficientes, funcionales y atractivos ha permitido contar con una larga lista de beneficios en la empresa. La c\u00e1mara para videoconferencia es un claro ejemplo de esto, ya que se trata de un componente que no puede faltar en los espacios de&hellip; <br \/> <a class=\"read-more\" href=\"https:\/\/daxel.mx\/blog\/2024\/10\/11\/camara-para-videoconferencia-visualizacion-clara-y-en-tiempo-real\/\">Leer m\u00e1s<\/a><\/p>\n","protected":false},"author":342,"featured_media":136,"comment_status":"closed","ping_status":"closed","sticky":false,"template":"","format":"standard","meta":{"footnotes":"","jetpack_publicize_message":"","jetpack_publicize_feature_enabled":true,"jetpack_social_post_already_shared":true,"jetpack_social_options":{"image_generator_settings":{"template":"highway","default_image_id":0,"font":"","enabled":false},"version":2}},"categories":[37],"tags":[],"class_list":["post-841","post","type-post","status-publish","format-standard","has-post-thumbnail","hentry","category-blog"],"yoast_head":"<!-- This site is optimized with the Yoast SEO plugin v27.3 - https:\/\/yoast.com\/product\/yoast-seo-wordpress\/ -->\n<title>C\u00e1mara para videoconferencia: visualizaci\u00f3n clara y en tiempo real<\/title>\n<meta name=\"description\" content=\"Conozca algunos aspectos clave relacionados a la c\u00e1mara para videoconferencia y la posibilidad de contar con una visualizaci\u00f3n clara y en tiempo real\" \/>\n<meta name=\"robots\" content=\"index, follow, max-snippet:-1, max-image-preview:large, max-video-preview:-1\" \/>\n<link rel=\"canonical\" href=\"https:\/\/daxel.mx\/blog\/2024\/10\/11\/camara-para-videoconferencia-visualizacion-clara-y-en-tiempo-real\/\" \/>\n<meta property=\"og:locale\" content=\"es_MX\" \/>\n<meta property=\"og:type\" content=\"article\" \/>\n<meta property=\"og:title\" content=\"C\u00e1mara para videoconferencia: visualizaci\u00f3n clara y en tiempo real\" \/>\n<meta property=\"og:description\" content=\"Conozca algunos aspectos clave relacionados a la c\u00e1mara para videoconferencia y la posibilidad de contar con una visualizaci\u00f3n clara y en tiempo real\" \/>\n<meta property=\"og:url\" content=\"https:\/\/daxel.mx\/blog\/2024\/10\/11\/camara-para-videoconferencia-visualizacion-clara-y-en-tiempo-real\/\" \/>\n<meta property=\"og:site_name\" content=\"D\u00e1xel Blog\" \/>\n<meta property=\"article:publisher\" content=\"https:\/\/www.facebook.com\/DaxelDomoticaAudiovisual\/\" \/>\n<meta property=\"article:published_time\" content=\"2024-10-11T15:22:40+00:00\" \/>\n<meta property=\"og:image\" content=\"https:\/\/daxel.mx\/blog\/wp-content\/uploads\/2018\/06\/ugn-silao-cap-19.jpg\" \/>\n\t<meta property=\"og:image:width\" content=\"1536\" \/>\n\t<meta property=\"og:image:height\" content=\"2048\" \/>\n\t<meta property=\"og:image:type\" content=\"image\/jpeg\" \/>\n<meta name=\"author\" content=\"programacion\" \/>\n<meta name=\"twitter:card\" content=\"summary_large_image\" \/>\n<meta name=\"twitter:label1\" content=\"Escrito por\" \/>\n\t<meta name=\"twitter:data1\" content=\"programacion\" \/>\n\t<meta name=\"twitter:label2\" content=\"Tiempo de lectura\" \/>\n\t<meta name=\"twitter:data2\" content=\"5 minutos\" \/>\n<script type=\"application\/ld+json\" class=\"yoast-schema-graph\">{\"@context\":\"https:\\\/\\\/schema.org\",\"@graph\":[{\"@type\":\"Article\",\"@id\":\"https:\\\/\\\/daxel.mx\\\/blog\\\/2024\\\/10\\\/11\\\/camara-para-videoconferencia-visualizacion-clara-y-en-tiempo-real\\\/#article\",\"isPartOf\":{\"@id\":\"https:\\\/\\\/daxel.mx\\\/blog\\\/2024\\\/10\\\/11\\\/camara-para-videoconferencia-visualizacion-clara-y-en-tiempo-real\\\/\"},\"author\":{\"name\":\"programacion\",\"@id\":\"https:\\\/\\\/daxel.mx\\\/blog\\\/#\\\/schema\\\/person\\\/da4f122a1134e8607516450127da9dfa\"},\"headline\":\"C\u00e1mara para videoconferencia: visualizaci\u00f3n clara y en tiempo real\",\"datePublished\":\"2024-10-11T15:22:40+00:00\",\"mainEntityOfPage\":{\"@id\":\"https:\\\/\\\/daxel.mx\\\/blog\\\/2024\\\/10\\\/11\\\/camara-para-videoconferencia-visualizacion-clara-y-en-tiempo-real\\\/\"},\"wordCount\":980,\"publisher\":{\"@id\":\"https:\\\/\\\/daxel.mx\\\/blog\\\/#organization\"},\"image\":{\"@id\":\"https:\\\/\\\/daxel.mx\\\/blog\\\/2024\\\/10\\\/11\\\/camara-para-videoconferencia-visualizacion-clara-y-en-tiempo-real\\\/#primaryimage\"},\"thumbnailUrl\":\"https:\\\/\\\/daxel.mx\\\/blog\\\/wp-content\\\/uploads\\\/2018\\\/06\\\/ugn-silao-cap-19.jpg\",\"articleSection\":[\"blog\"],\"inLanguage\":\"es\"},{\"@type\":\"WebPage\",\"@id\":\"https:\\\/\\\/daxel.mx\\\/blog\\\/2024\\\/10\\\/11\\\/camara-para-videoconferencia-visualizacion-clara-y-en-tiempo-real\\\/\",\"url\":\"https:\\\/\\\/daxel.mx\\\/blog\\\/2024\\\/10\\\/11\\\/camara-para-videoconferencia-visualizacion-clara-y-en-tiempo-real\\\/\",\"name\":\"C\u00e1mara para videoconferencia: visualizaci\u00f3n clara y en tiempo real\",\"isPartOf\":{\"@id\":\"https:\\\/\\\/daxel.mx\\\/blog\\\/#website\"},\"primaryImageOfPage\":{\"@id\":\"https:\\\/\\\/daxel.mx\\\/blog\\\/2024\\\/10\\\/11\\\/camara-para-videoconferencia-visualizacion-clara-y-en-tiempo-real\\\/#primaryimage\"},\"image\":{\"@id\":\"https:\\\/\\\/daxel.mx\\\/blog\\\/2024\\\/10\\\/11\\\/camara-para-videoconferencia-visualizacion-clara-y-en-tiempo-real\\\/#primaryimage\"},\"thumbnailUrl\":\"https:\\\/\\\/daxel.mx\\\/blog\\\/wp-content\\\/uploads\\\/2018\\\/06\\\/ugn-silao-cap-19.jpg\",\"datePublished\":\"2024-10-11T15:22:40+00:00\",\"description\":\"Conozca algunos aspectos clave relacionados a la c\u00e1mara para videoconferencia y la posibilidad de contar con una visualizaci\u00f3n clara y en tiempo real\",\"breadcrumb\":{\"@id\":\"https:\\\/\\\/daxel.mx\\\/blog\\\/2024\\\/10\\\/11\\\/camara-para-videoconferencia-visualizacion-clara-y-en-tiempo-real\\\/#breadcrumb\"},\"inLanguage\":\"es\",\"potentialAction\":[{\"@type\":\"ReadAction\",\"target\":[\"https:\\\/\\\/daxel.mx\\\/blog\\\/2024\\\/10\\\/11\\\/camara-para-videoconferencia-visualizacion-clara-y-en-tiempo-real\\\/\"]}]},{\"@type\":\"ImageObject\",\"inLanguage\":\"es\",\"@id\":\"https:\\\/\\\/daxel.mx\\\/blog\\\/2024\\\/10\\\/11\\\/camara-para-videoconferencia-visualizacion-clara-y-en-tiempo-real\\\/#primaryimage\",\"url\":\"https:\\\/\\\/daxel.mx\\\/blog\\\/wp-content\\\/uploads\\\/2018\\\/06\\\/ugn-silao-cap-19.jpg\",\"contentUrl\":\"https:\\\/\\\/daxel.mx\\\/blog\\\/wp-content\\\/uploads\\\/2018\\\/06\\\/ugn-silao-cap-19.jpg\",\"width\":1536,\"height\":2048,\"caption\":\"Sala de capacitaci\u00f3n en la planta de UGN en Silao, Gto.\"},{\"@type\":\"BreadcrumbList\",\"@id\":\"https:\\\/\\\/daxel.mx\\\/blog\\\/2024\\\/10\\\/11\\\/camara-para-videoconferencia-visualizacion-clara-y-en-tiempo-real\\\/#breadcrumb\",\"itemListElement\":[{\"@type\":\"ListItem\",\"position\":1,\"name\":\"Inicio\",\"item\":\"https:\\\/\\\/daxel.mx\\\/blog\\\/\"},{\"@type\":\"ListItem\",\"position\":2,\"name\":\"C\u00e1mara para videoconferencia: visualizaci\u00f3n clara y en tiempo real\"}]},{\"@type\":\"WebSite\",\"@id\":\"https:\\\/\\\/daxel.mx\\\/blog\\\/#website\",\"url\":\"https:\\\/\\\/daxel.mx\\\/blog\\\/\",\"name\":\"D\u00e1xel Blog\",\"description\":\"Temas de Dom\u00f3tica Audiovisual\",\"publisher\":{\"@id\":\"https:\\\/\\\/daxel.mx\\\/blog\\\/#organization\"},\"potentialAction\":[{\"@type\":\"SearchAction\",\"target\":{\"@type\":\"EntryPoint\",\"urlTemplate\":\"https:\\\/\\\/daxel.mx\\\/blog\\\/?s={search_term_string}\"},\"query-input\":{\"@type\":\"PropertyValueSpecification\",\"valueRequired\":true,\"valueName\":\"search_term_string\"}}],\"inLanguage\":\"es\"},{\"@type\":\"Organization\",\"@id\":\"https:\\\/\\\/daxel.mx\\\/blog\\\/#organization\",\"name\":\"D\u00e1xel\",\"url\":\"https:\\\/\\\/daxel.mx\\\/blog\\\/\",\"logo\":{\"@type\":\"ImageObject\",\"inLanguage\":\"es\",\"@id\":\"https:\\\/\\\/daxel.mx\\\/blog\\\/#\\\/schema\\\/logo\\\/image\\\/\",\"url\":\"https:\\\/\\\/daxel.mx\\\/blog\\\/wp-content\\\/uploads\\\/2018\\\/01\\\/Horizontal-Gradiente.png\",\"contentUrl\":\"https:\\\/\\\/daxel.mx\\\/blog\\\/wp-content\\\/uploads\\\/2018\\\/01\\\/Horizontal-Gradiente.png\",\"width\":2748,\"height\":1152,\"caption\":\"D\u00e1xel\"},\"image\":{\"@id\":\"https:\\\/\\\/daxel.mx\\\/blog\\\/#\\\/schema\\\/logo\\\/image\\\/\"},\"sameAs\":[\"https:\\\/\\\/www.facebook.com\\\/DaxelDomoticaAudiovisual\\\/\",\"https:\\\/\\\/www.linkedin.com\\\/company\\\/d\u00e1xel\\\/\"]},{\"@type\":\"Person\",\"@id\":\"https:\\\/\\\/daxel.mx\\\/blog\\\/#\\\/schema\\\/person\\\/da4f122a1134e8607516450127da9dfa\",\"name\":\"programacion\",\"image\":{\"@type\":\"ImageObject\",\"inLanguage\":\"es\",\"@id\":\"https:\\\/\\\/secure.gravatar.com\\\/avatar\\\/9d3dfe9b12b7a0a3e2fb00f12839f14fd06d5319a3517c04f2fd4ba0024ec4f0?s=96&d=identicon&r=g\",\"url\":\"https:\\\/\\\/secure.gravatar.com\\\/avatar\\\/9d3dfe9b12b7a0a3e2fb00f12839f14fd06d5319a3517c04f2fd4ba0024ec4f0?s=96&d=identicon&r=g\",\"contentUrl\":\"https:\\\/\\\/secure.gravatar.com\\\/avatar\\\/9d3dfe9b12b7a0a3e2fb00f12839f14fd06d5319a3517c04f2fd4ba0024ec4f0?s=96&d=identicon&r=g\",\"caption\":\"programacion\"},\"url\":\"https:\\\/\\\/daxel.mx\\\/blog\\\/author\\\/programacion\\\/\"}]}<\/script>\n<!-- \/ Yoast SEO plugin. -->","yoast_head_json":{"title":"C\u00e1mara para videoconferencia: visualizaci\u00f3n clara y en tiempo real","description":"Conozca algunos aspectos clave relacionados a la c\u00e1mara para videoconferencia y la posibilidad de contar con una visualizaci\u00f3n clara y en tiempo real","robots":{"index":"index","follow":"follow","max-snippet":"max-snippet:-1","max-image-preview":"max-image-preview:large","max-video-preview":"max-video-preview:-1"},"canonical":"https:\/\/daxel.mx\/blog\/2024\/10\/11\/camara-para-videoconferencia-visualizacion-clara-y-en-tiempo-real\/","og_locale":"es_MX","og_type":"article","og_title":"C\u00e1mara para videoconferencia: visualizaci\u00f3n clara y en tiempo real","og_description":"Conozca algunos aspectos clave relacionados a la c\u00e1mara para videoconferencia y la posibilidad de contar con una visualizaci\u00f3n clara y en tiempo real","og_url":"https:\/\/daxel.mx\/blog\/2024\/10\/11\/camara-para-videoconferencia-visualizacion-clara-y-en-tiempo-real\/","og_site_name":"D\u00e1xel Blog","article_publisher":"https:\/\/www.facebook.com\/DaxelDomoticaAudiovisual\/","article_published_time":"2024-10-11T15:22:40+00:00","og_image":[{"width":1536,"height":2048,"url":"https:\/\/daxel.mx\/blog\/wp-content\/uploads\/2018\/06\/ugn-silao-cap-19.jpg","type":"image\/jpeg"}],"author":"programacion","twitter_card":"summary_large_image","twitter_misc":{"Escrito por":"programacion","Tiempo de lectura":"5 minutos"},"schema":{"@context":"https:\/\/schema.org","@graph":[{"@type":"Article","@id":"https:\/\/daxel.mx\/blog\/2024\/10\/11\/camara-para-videoconferencia-visualizacion-clara-y-en-tiempo-real\/#article","isPartOf":{"@id":"https:\/\/daxel.mx\/blog\/2024\/10\/11\/camara-para-videoconferencia-visualizacion-clara-y-en-tiempo-real\/"},"author":{"name":"programacion","@id":"https:\/\/daxel.mx\/blog\/#\/schema\/person\/da4f122a1134e8607516450127da9dfa"},"headline":"C\u00e1mara para videoconferencia: visualizaci\u00f3n clara y en tiempo real","datePublished":"2024-10-11T15:22:40+00:00","mainEntityOfPage":{"@id":"https:\/\/daxel.mx\/blog\/2024\/10\/11\/camara-para-videoconferencia-visualizacion-clara-y-en-tiempo-real\/"},"wordCount":980,"publisher":{"@id":"https:\/\/daxel.mx\/blog\/#organization"},"image":{"@id":"https:\/\/daxel.mx\/blog\/2024\/10\/11\/camara-para-videoconferencia-visualizacion-clara-y-en-tiempo-real\/#primaryimage"},"thumbnailUrl":"https:\/\/daxel.mx\/blog\/wp-content\/uploads\/2018\/06\/ugn-silao-cap-19.jpg","articleSection":["blog"],"inLanguage":"es"},{"@type":"WebPage","@id":"https:\/\/daxel.mx\/blog\/2024\/10\/11\/camara-para-videoconferencia-visualizacion-clara-y-en-tiempo-real\/","url":"https:\/\/daxel.mx\/blog\/2024\/10\/11\/camara-para-videoconferencia-visualizacion-clara-y-en-tiempo-real\/","name":"C\u00e1mara para videoconferencia: visualizaci\u00f3n clara y en tiempo real","isPartOf":{"@id":"https:\/\/daxel.mx\/blog\/#website"},"primaryImageOfPage":{"@id":"https:\/\/daxel.mx\/blog\/2024\/10\/11\/camara-para-videoconferencia-visualizacion-clara-y-en-tiempo-real\/#primaryimage"},"image":{"@id":"https:\/\/daxel.mx\/blog\/2024\/10\/11\/camara-para-videoconferencia-visualizacion-clara-y-en-tiempo-real\/#primaryimage"},"thumbnailUrl":"https:\/\/daxel.mx\/blog\/wp-content\/uploads\/2018\/06\/ugn-silao-cap-19.jpg","datePublished":"2024-10-11T15:22:40+00:00","description":"Conozca algunos aspectos clave relacionados a la c\u00e1mara para videoconferencia y la posibilidad de contar con una visualizaci\u00f3n clara y en tiempo real","breadcrumb":{"@id":"https:\/\/daxel.mx\/blog\/2024\/10\/11\/camara-para-videoconferencia-visualizacion-clara-y-en-tiempo-real\/#breadcrumb"},"inLanguage":"es","potentialAction":[{"@type":"ReadAction","target":["https:\/\/daxel.mx\/blog\/2024\/10\/11\/camara-para-videoconferencia-visualizacion-clara-y-en-tiempo-real\/"]}]},{"@type":"ImageObject","inLanguage":"es","@id":"https:\/\/daxel.mx\/blog\/2024\/10\/11\/camara-para-videoconferencia-visualizacion-clara-y-en-tiempo-real\/#primaryimage","url":"https:\/\/daxel.mx\/blog\/wp-content\/uploads\/2018\/06\/ugn-silao-cap-19.jpg","contentUrl":"https:\/\/daxel.mx\/blog\/wp-content\/uploads\/2018\/06\/ugn-silao-cap-19.jpg","width":1536,"height":2048,"caption":"Sala de capacitaci\u00f3n en la planta de UGN en Silao, Gto."},{"@type":"BreadcrumbList","@id":"https:\/\/daxel.mx\/blog\/2024\/10\/11\/camara-para-videoconferencia-visualizacion-clara-y-en-tiempo-real\/#breadcrumb","itemListElement":[{"@type":"ListItem","position":1,"name":"Inicio","item":"https:\/\/daxel.mx\/blog\/"},{"@type":"ListItem","position":2,"name":"C\u00e1mara para videoconferencia: visualizaci\u00f3n clara y en tiempo real"}]},{"@type":"WebSite","@id":"https:\/\/daxel.mx\/blog\/#website","url":"https:\/\/daxel.mx\/blog\/","name":"D\u00e1xel Blog","description":"Temas de Dom\u00f3tica Audiovisual","publisher":{"@id":"https:\/\/daxel.mx\/blog\/#organization"},"potentialAction":[{"@type":"SearchAction","target":{"@type":"EntryPoint","urlTemplate":"https:\/\/daxel.mx\/blog\/?s={search_term_string}"},"query-input":{"@type":"PropertyValueSpecification","valueRequired":true,"valueName":"search_term_string"}}],"inLanguage":"es"},{"@type":"Organization","@id":"https:\/\/daxel.mx\/blog\/#organization","name":"D\u00e1xel","url":"https:\/\/daxel.mx\/blog\/","logo":{"@type":"ImageObject","inLanguage":"es","@id":"https:\/\/daxel.mx\/blog\/#\/schema\/logo\/image\/","url":"https:\/\/daxel.mx\/blog\/wp-content\/uploads\/2018\/01\/Horizontal-Gradiente.png","contentUrl":"https:\/\/daxel.mx\/blog\/wp-content\/uploads\/2018\/01\/Horizontal-Gradiente.png","width":2748,"height":1152,"caption":"D\u00e1xel"},"image":{"@id":"https:\/\/daxel.mx\/blog\/#\/schema\/logo\/image\/"},"sameAs":["https:\/\/www.facebook.com\/DaxelDomoticaAudiovisual\/","https:\/\/www.linkedin.com\/company\/d\u00e1xel\/"]},{"@type":"Person","@id":"https:\/\/daxel.mx\/blog\/#\/schema\/person\/da4f122a1134e8607516450127da9dfa","name":"programacion","image":{"@type":"ImageObject","inLanguage":"es","@id":"https:\/\/secure.gravatar.com\/avatar\/9d3dfe9b12b7a0a3e2fb00f12839f14fd06d5319a3517c04f2fd4ba0024ec4f0?s=96&d=identicon&r=g","url":"https:\/\/secure.gravatar.com\/avatar\/9d3dfe9b12b7a0a3e2fb00f12839f14fd06d5319a3517c04f2fd4ba0024ec4f0?s=96&d=identicon&r=g","contentUrl":"https:\/\/secure.gravatar.com\/avatar\/9d3dfe9b12b7a0a3e2fb00f12839f14fd06d5319a3517c04f2fd4ba0024ec4f0?s=96&d=identicon&r=g","caption":"programacion"},"url":"https:\/\/daxel.mx\/blog\/author\/programacion\/"}]}},"jetpack_publicize_connections":[],"_links":{"self":[{"href":"https:\/\/daxel.mx\/blog\/wp-json\/wp\/v2\/posts\/841","targetHints":{"allow":["GET"]}}],"collection":[{"href":"https:\/\/daxel.mx\/blog\/wp-json\/wp\/v2\/posts"}],"about":[{"href":"https:\/\/daxel.mx\/blog\/wp-json\/wp\/v2\/types\/post"}],"author":[{"embeddable":true,"href":"https:\/\/daxel.mx\/blog\/wp-json\/wp\/v2\/users\/342"}],"replies":[{"embeddable":true,"href":"https:\/\/daxel.mx\/blog\/wp-json\/wp\/v2\/comments?post=841"}],"version-history":[{"count":1,"href":"https:\/\/daxel.mx\/blog\/wp-json\/wp\/v2\/posts\/841\/revisions"}],"predecessor-version":[{"id":851,"href":"https:\/\/daxel.mx\/blog\/wp-json\/wp\/v2\/posts\/841\/revisions\/851"}],"wp:featuredmedia":[{"embeddable":true,"href":"https:\/\/daxel.mx\/blog\/wp-json\/wp\/v2\/media\/136"}],"wp:attachment":[{"href":"https:\/\/daxel.mx\/blog\/wp-json\/wp\/v2\/media?parent=841"}],"wp:term":[{"taxonomy":"category","embeddable":true,"href":"https:\/\/daxel.mx\/blog\/wp-json\/wp\/v2\/categories?post=841"},{"taxonomy":"post_tag","embeddable":true,"href":"https:\/\/daxel.mx\/blog\/wp-json\/wp\/v2\/tags?post=841"}],"curies":[{"name":"wp","href":"https:\/\/api.w.org\/{rel}","templated":true}]}}