{"id":930,"date":"2025-01-20T09:49:44","date_gmt":"2025-01-20T15:49:44","guid":{"rendered":"https:\/\/daxel.mx\/blog\/?p=930"},"modified":"2025-05-22T09:58:08","modified_gmt":"2025-05-22T15:58:08","slug":"camara-para-videoconferencia-consejos-para-una-imagen-profesional","status":"publish","type":"post","link":"https:\/\/daxel.mx\/blog\/2025\/01\/20\/camara-para-videoconferencia-consejos-para-una-imagen-profesional\/","title":{"rendered":"C\u00e1mara para videoconferencia: consejos para una imagen profesional"},"content":{"rendered":"<p>La <a href=\"https:\/\/daxel.mx\/camara-para-videoconferencia.php\"><strong>c\u00e1mara para videoconferencia<\/strong><\/a> de alta calidad permite a las empresas contar con una imagen n\u00edtida de colaboradores y trabajadores durante procesos de reuniones de importancia. Es por esto que nuestros expertos en D\u00e1xel recomiendan contar con una c\u00e1mara adecuada que garantice una imagen n\u00edtida al mismo tiempo que es indispensable contar con otros elementos como las bocinas para contar con un audio excepcional.<\/p>\n<p>Es importante saber c\u00f3mo utilizar y configurar la c\u00e1mara seg\u00fan las necesidades de cada espacio y persona. Tambi\u00e9n es importante conocer algunas recomendaciones y consejos pr\u00e1cticos para obtener una imagen profesional.<\/p>\n<h2>C\u00e1mara para videoconferencia, \u00bfc\u00f3mo obtener una imagen profesional?<\/h2>\n<p>Como mencionamos, la calidad de una <a href=\"https:\/\/daxel.mx\/camara-para-videoconferencia.php\"><strong>c\u00e1mara de videoconferencia<\/strong><\/a> marca una enorme diferencia cuando de una imagen profesional se trata. Nuestras c\u00e1maras en D\u00e1xel, por ejemplo, ofrecen m\u00faltiples funciones y una imagen n\u00edtida y clara que permite transmitir confianza, credibilidad y compromiso. De esta manera es posible llevar a cabo procesos de conferencia con colaboradores remotos ubicados en distintas partes del mundo e incluso con otras empresas.<\/p>\n<p>Ahora bien, m\u00e1s all\u00e1 de una c\u00e1mara de calidad es necesario conocer algunos consejos y recomendaciones pr\u00e1cticas para obtener una imagen clara y profesional. Te ense\u00f1amos algunas de las m\u00e1s importantes a tener en cuenta, a continuaci\u00f3n:<\/p>\n<ul>\n<li>Es importante evitar luces directas que creen sombras y optar por una luz suave y difusa. La luz natural es ideal, sin embargo, en casos donde no es posible es recomendable utilizar l\u00e1mparas o focos que iluminen el rostro de frente.<\/li>\n<li>Se recomienda utilizar un fondo limpio y ordenado para transmitir profesionalismo. Evita los fondos desordenados o con elementos distractores.<\/li>\n<li>Es importante contar con un encuadre adecuado, es decir, que el rostro sea el centro de atenci\u00f3n para evitar \u00e1ngulos extra\u00f1os o muy cercanos.<\/li>\n<li>Es recomendable mantener una buena postura, expresiones faciales y un lenguaje corporal tranquilo y relajado.<\/li>\n<li>Es fundamental ajustar las funciones de la imagen y la c\u00e1mara en general para adaptar el dispositivo a las necesidades de cada sala de conferencias.<\/li>\n<li>Es necesario contar con un vestuario adecuado para un entorno profesional.<\/li>\n<\/ul>\n<h3>Sistemas completos de videoconferencia<\/h3>\n<p>Un punto clave a tener en cuenta para una imagen profesional son los <a href=\"https:\/\/daxel.mx\/sistemas-de-videoconferencia.php\"><strong>sistemas de videoconferencia<\/strong><\/a> de alta calidad. Gracias a la posibilidad de integraci\u00f3n, hoy en d\u00eda es posible crear sistemas conformados por micr\u00f3fonos, c\u00e1maras, bocinas, pantallas u otros elementos m\u00e1s.<\/p>\n<p>Es importante contar con un sistema completo que proporciona una larga lista de beneficios y funciones. Estos sistemas permiten mejorar la experiencia de los participantes al mismo tiempo que aseguran a mayor medida el \u00e9xito de las reuniones. Esto \u00faltimo debido a que permiten simplificar la obtenci\u00f3n de un aprendizaje verdaderamente significativo.<\/p>\n<h3>Conexi\u00f3n a Internet<\/h3>\n<p>Los dispositivos para videoconferencias no ser\u00edan nada sin la existencia del Internet ya que este es el elemento encargado de brindar una conexi\u00f3n ideal con colaboradores y empresas de otras ubicaciones. Es recomendable contar con una conexi\u00f3n veloz y estable ya que esto impacta directamente en la calidad de la imagen enviada por la c\u00e1mara.<\/p>\n<p>Un Internet lento no garantiza una imagen clara, todo lo contrario, proporciona una imagen pixelada, borrosa y contraproducente ya que puede distraer a los presentes. Por otra parte, una conexi\u00f3n veloz proporciona una imagen n\u00edtida en tiempo real acompa\u00f1ada de audio claro y preciso.<\/p>\n<h2>Consejos adicionales para una imagen clara y profesional<\/h2>\n<p>Una adecuada combinaci\u00f3n entre elementos como las <a href=\"https:\/\/daxel.mx\/bocinas-hi-fi.php\"><strong>bocinas hi fi<\/strong><\/a>, c\u00e1maras especialmente para videoconferencias y otros elementos permite una imagen profesional de la empresa y sus colaboradores. Tambi\u00e9n permite transmitir una imagen n\u00edtida y clara durante procesos de reuniones. Sin embargo, es necesario tener en cuenta algunas recomendaciones adicionales. Algunas de las m\u00e1s importantes son las siguientes:<\/p>\n<ul>\n<li>Es recomendable probar tu equipo antes de iniciar la reuni\u00f3n para verificar que cada elemento est\u00e9 funcionando correctamente.<\/li>\n<li>Es importante experimentar con diferentes \u00e1ngulos hasta encontrar el m\u00e1s favorecedor.<\/li>\n<li>Utilizar fondos neutros e incluso improvisarse con s\u00e1banas blancas o de colores neutros.<\/li>\n<li>Es recomendable invertir en una c\u00e1mara de calidad para una imagen ideal.<\/li>\n<li>Es necesario prestar atenci\u00f3n a la postura.<\/li>\n<\/ul>\n<p>En D\u00e1xel, m\u00e1s all\u00e1 de hallar una amplia gama de alternativas en c\u00e1maras y otros componentes para videoconferencias podr\u00e1s contar con asesoramiento e informaci\u00f3n relevante. Contamos con personal altamente capacitado capaz de disipar cualquier tipo de duda que tengas sobre los dispositivos y su aprovechamiento.<\/p>\n<h2>Componentes de alta calidad para videoconferencias en D\u00e1xel<\/h2>\n<p>Una <a href=\"https:\/\/daxel.mx\/camara-para-videoconferencia.php\"><strong>c\u00e1mara para videoconferencia<\/strong><\/a> de alta calidad sin duda alguna es el primer paso para garantizar una imagen clara y profesional. Sin embargo, es importante prestar atenci\u00f3n a otros detalles como la iluminaci\u00f3n, los \u00e1ngulos, la vestimenta y algunos otros m\u00e1s. Esto con el fin de garantizar una imagen profesional y una presentaci\u00f3n intachable.<\/p>\n<p>En D\u00e1xel contamos con una amplia gama de soluciones tecnol\u00f3gicas de la m\u00e1s alta calidad para satisfacer las necesidades de las empresas de la actualidad. \u00bfDeseas saber m\u00e1s sobre nuestros dispositivos y sistemas? Comun\u00edcate con nosotros mediante el correo electr\u00f3nico <a href=\"mailto:contacto@daxel.mx\">contacto@daxel.mx<\/a> y con mucho gusto te ofreceremos toda la informaci\u00f3n que buscas.<\/p>\n","protected":false},"excerpt":{"rendered":"<p>La c\u00e1mara para videoconferencia de alta calidad permite a las empresas contar con una imagen n\u00edtida de colaboradores y trabajadores durante procesos de reuniones de importancia. Es por esto que nuestros expertos en D\u00e1xel recomiendan contar con una c\u00e1mara adecuada que garantice una imagen n\u00edtida al mismo tiempo que es indispensable contar con otros elementos&hellip; <br \/> <a class=\"read-more\" href=\"https:\/\/daxel.mx\/blog\/2025\/01\/20\/camara-para-videoconferencia-consejos-para-una-imagen-profesional\/\">Leer m\u00e1s<\/a><\/p>\n","protected":false},"author":342,"featured_media":1016,"comment_status":"closed","ping_status":"closed","sticky":false,"template":"","format":"standard","meta":{"footnotes":"","jetpack_publicize_message":"","jetpack_publicize_feature_enabled":true,"jetpack_social_post_already_shared":true,"jetpack_social_options":{"image_generator_settings":{"template":"highway","default_image_id":0,"font":"","enabled":false},"version":2}},"categories":[37],"tags":[],"class_list":["post-930","post","type-post","status-publish","format-standard","has-post-thumbnail","hentry","category-blog"],"yoast_head":"<!-- This site is optimized with the Yoast SEO plugin v27.3 - https:\/\/yoast.com\/product\/yoast-seo-wordpress\/ -->\n<title>C\u00e1mara para videoconferencia: consejos para una imagen profesional<\/title>\n<meta name=\"description\" content=\"Conoce algunas recomendaciones y consejos pr\u00e1cticos para aprovechar al m\u00e1ximo la c\u00e1mara para videoconferencia y garantizar una imagen profesional\" \/>\n<meta name=\"robots\" content=\"index, follow, max-snippet:-1, max-image-preview:large, max-video-preview:-1\" \/>\n<link rel=\"canonical\" href=\"https:\/\/daxel.mx\/blog\/2025\/01\/20\/camara-para-videoconferencia-consejos-para-una-imagen-profesional\/\" \/>\n<meta property=\"og:locale\" content=\"es_MX\" \/>\n<meta property=\"og:type\" content=\"article\" \/>\n<meta property=\"og:title\" content=\"C\u00e1mara para videoconferencia: consejos para una imagen profesional\" \/>\n<meta property=\"og:description\" content=\"Conoce algunas recomendaciones y consejos pr\u00e1cticos para aprovechar al m\u00e1ximo la c\u00e1mara para videoconferencia y garantizar una imagen profesional\" \/>\n<meta property=\"og:url\" content=\"https:\/\/daxel.mx\/blog\/2025\/01\/20\/camara-para-videoconferencia-consejos-para-una-imagen-profesional\/\" \/>\n<meta property=\"og:site_name\" content=\"D\u00e1xel Blog\" \/>\n<meta property=\"article:publisher\" content=\"https:\/\/www.facebook.com\/DaxelDomoticaAudiovisual\/\" \/>\n<meta property=\"article:published_time\" content=\"2025-01-20T15:49:44+00:00\" \/>\n<meta property=\"article:modified_time\" content=\"2025-05-22T15:58:08+00:00\" \/>\n<meta property=\"og:image\" content=\"https:\/\/daxel.mx\/blog\/wp-content\/uploads\/2025\/05\/master_photo_a-IV-CAM-I12-B_Fron-min.png\" \/>\n\t<meta property=\"og:image:width\" content=\"1600\" \/>\n\t<meta property=\"og:image:height\" content=\"1391\" \/>\n\t<meta property=\"og:image:type\" content=\"image\/png\" \/>\n<meta name=\"author\" content=\"programacion\" \/>\n<meta name=\"twitter:card\" content=\"summary_large_image\" \/>\n<meta name=\"twitter:label1\" content=\"Escrito por\" \/>\n\t<meta name=\"twitter:data1\" content=\"programacion\" \/>\n\t<meta name=\"twitter:label2\" content=\"Tiempo de lectura\" \/>\n\t<meta name=\"twitter:data2\" content=\"4 minutos\" \/>\n<script type=\"application\/ld+json\" class=\"yoast-schema-graph\">{\"@context\":\"https:\\\/\\\/schema.org\",\"@graph\":[{\"@type\":\"Article\",\"@id\":\"https:\\\/\\\/daxel.mx\\\/blog\\\/2025\\\/01\\\/20\\\/camara-para-videoconferencia-consejos-para-una-imagen-profesional\\\/#article\",\"isPartOf\":{\"@id\":\"https:\\\/\\\/daxel.mx\\\/blog\\\/2025\\\/01\\\/20\\\/camara-para-videoconferencia-consejos-para-una-imagen-profesional\\\/\"},\"author\":{\"name\":\"programacion\",\"@id\":\"https:\\\/\\\/daxel.mx\\\/blog\\\/#\\\/schema\\\/person\\\/da4f122a1134e8607516450127da9dfa\"},\"headline\":\"C\u00e1mara para videoconferencia: consejos para una imagen profesional\",\"datePublished\":\"2025-01-20T15:49:44+00:00\",\"dateModified\":\"2025-05-22T15:58:08+00:00\",\"mainEntityOfPage\":{\"@id\":\"https:\\\/\\\/daxel.mx\\\/blog\\\/2025\\\/01\\\/20\\\/camara-para-videoconferencia-consejos-para-una-imagen-profesional\\\/\"},\"wordCount\":907,\"publisher\":{\"@id\":\"https:\\\/\\\/daxel.mx\\\/blog\\\/#organization\"},\"image\":{\"@id\":\"https:\\\/\\\/daxel.mx\\\/blog\\\/2025\\\/01\\\/20\\\/camara-para-videoconferencia-consejos-para-una-imagen-profesional\\\/#primaryimage\"},\"thumbnailUrl\":\"https:\\\/\\\/daxel.mx\\\/blog\\\/wp-content\\\/uploads\\\/2025\\\/05\\\/master_photo_a-IV-CAM-I12-B_Fron-min.png\",\"articleSection\":[\"blog\"],\"inLanguage\":\"es\"},{\"@type\":\"WebPage\",\"@id\":\"https:\\\/\\\/daxel.mx\\\/blog\\\/2025\\\/01\\\/20\\\/camara-para-videoconferencia-consejos-para-una-imagen-profesional\\\/\",\"url\":\"https:\\\/\\\/daxel.mx\\\/blog\\\/2025\\\/01\\\/20\\\/camara-para-videoconferencia-consejos-para-una-imagen-profesional\\\/\",\"name\":\"C\u00e1mara para videoconferencia: consejos para una imagen profesional\",\"isPartOf\":{\"@id\":\"https:\\\/\\\/daxel.mx\\\/blog\\\/#website\"},\"primaryImageOfPage\":{\"@id\":\"https:\\\/\\\/daxel.mx\\\/blog\\\/2025\\\/01\\\/20\\\/camara-para-videoconferencia-consejos-para-una-imagen-profesional\\\/#primaryimage\"},\"image\":{\"@id\":\"https:\\\/\\\/daxel.mx\\\/blog\\\/2025\\\/01\\\/20\\\/camara-para-videoconferencia-consejos-para-una-imagen-profesional\\\/#primaryimage\"},\"thumbnailUrl\":\"https:\\\/\\\/daxel.mx\\\/blog\\\/wp-content\\\/uploads\\\/2025\\\/05\\\/master_photo_a-IV-CAM-I12-B_Fron-min.png\",\"datePublished\":\"2025-01-20T15:49:44+00:00\",\"dateModified\":\"2025-05-22T15:58:08+00:00\",\"description\":\"Conoce algunas recomendaciones y consejos pr\u00e1cticos para aprovechar al m\u00e1ximo la c\u00e1mara para videoconferencia y garantizar una imagen profesional\",\"breadcrumb\":{\"@id\":\"https:\\\/\\\/daxel.mx\\\/blog\\\/2025\\\/01\\\/20\\\/camara-para-videoconferencia-consejos-para-una-imagen-profesional\\\/#breadcrumb\"},\"inLanguage\":\"es\",\"potentialAction\":[{\"@type\":\"ReadAction\",\"target\":[\"https:\\\/\\\/daxel.mx\\\/blog\\\/2025\\\/01\\\/20\\\/camara-para-videoconferencia-consejos-para-una-imagen-profesional\\\/\"]}]},{\"@type\":\"ImageObject\",\"inLanguage\":\"es\",\"@id\":\"https:\\\/\\\/daxel.mx\\\/blog\\\/2025\\\/01\\\/20\\\/camara-para-videoconferencia-consejos-para-una-imagen-profesional\\\/#primaryimage\",\"url\":\"https:\\\/\\\/daxel.mx\\\/blog\\\/wp-content\\\/uploads\\\/2025\\\/05\\\/master_photo_a-IV-CAM-I12-B_Fron-min.png\",\"contentUrl\":\"https:\\\/\\\/daxel.mx\\\/blog\\\/wp-content\\\/uploads\\\/2025\\\/05\\\/master_photo_a-IV-CAM-I12-B_Fron-min.png\",\"width\":1600,\"height\":1391,\"caption\":\"C\u00e1mara para videoconferencia\"},{\"@type\":\"BreadcrumbList\",\"@id\":\"https:\\\/\\\/daxel.mx\\\/blog\\\/2025\\\/01\\\/20\\\/camara-para-videoconferencia-consejos-para-una-imagen-profesional\\\/#breadcrumb\",\"itemListElement\":[{\"@type\":\"ListItem\",\"position\":1,\"name\":\"Inicio\",\"item\":\"https:\\\/\\\/daxel.mx\\\/blog\\\/\"},{\"@type\":\"ListItem\",\"position\":2,\"name\":\"C\u00e1mara para videoconferencia: consejos para una imagen profesional\"}]},{\"@type\":\"WebSite\",\"@id\":\"https:\\\/\\\/daxel.mx\\\/blog\\\/#website\",\"url\":\"https:\\\/\\\/daxel.mx\\\/blog\\\/\",\"name\":\"D\u00e1xel Blog\",\"description\":\"Temas de Dom\u00f3tica Audiovisual\",\"publisher\":{\"@id\":\"https:\\\/\\\/daxel.mx\\\/blog\\\/#organization\"},\"potentialAction\":[{\"@type\":\"SearchAction\",\"target\":{\"@type\":\"EntryPoint\",\"urlTemplate\":\"https:\\\/\\\/daxel.mx\\\/blog\\\/?s={search_term_string}\"},\"query-input\":{\"@type\":\"PropertyValueSpecification\",\"valueRequired\":true,\"valueName\":\"search_term_string\"}}],\"inLanguage\":\"es\"},{\"@type\":\"Organization\",\"@id\":\"https:\\\/\\\/daxel.mx\\\/blog\\\/#organization\",\"name\":\"D\u00e1xel\",\"url\":\"https:\\\/\\\/daxel.mx\\\/blog\\\/\",\"logo\":{\"@type\":\"ImageObject\",\"inLanguage\":\"es\",\"@id\":\"https:\\\/\\\/daxel.mx\\\/blog\\\/#\\\/schema\\\/logo\\\/image\\\/\",\"url\":\"https:\\\/\\\/daxel.mx\\\/blog\\\/wp-content\\\/uploads\\\/2018\\\/01\\\/Horizontal-Gradiente.png\",\"contentUrl\":\"https:\\\/\\\/daxel.mx\\\/blog\\\/wp-content\\\/uploads\\\/2018\\\/01\\\/Horizontal-Gradiente.png\",\"width\":2748,\"height\":1152,\"caption\":\"D\u00e1xel\"},\"image\":{\"@id\":\"https:\\\/\\\/daxel.mx\\\/blog\\\/#\\\/schema\\\/logo\\\/image\\\/\"},\"sameAs\":[\"https:\\\/\\\/www.facebook.com\\\/DaxelDomoticaAudiovisual\\\/\",\"https:\\\/\\\/www.linkedin.com\\\/company\\\/d\u00e1xel\\\/\"]},{\"@type\":\"Person\",\"@id\":\"https:\\\/\\\/daxel.mx\\\/blog\\\/#\\\/schema\\\/person\\\/da4f122a1134e8607516450127da9dfa\",\"name\":\"programacion\",\"image\":{\"@type\":\"ImageObject\",\"inLanguage\":\"es\",\"@id\":\"https:\\\/\\\/secure.gravatar.com\\\/avatar\\\/9d3dfe9b12b7a0a3e2fb00f12839f14fd06d5319a3517c04f2fd4ba0024ec4f0?s=96&d=identicon&r=g\",\"url\":\"https:\\\/\\\/secure.gravatar.com\\\/avatar\\\/9d3dfe9b12b7a0a3e2fb00f12839f14fd06d5319a3517c04f2fd4ba0024ec4f0?s=96&d=identicon&r=g\",\"contentUrl\":\"https:\\\/\\\/secure.gravatar.com\\\/avatar\\\/9d3dfe9b12b7a0a3e2fb00f12839f14fd06d5319a3517c04f2fd4ba0024ec4f0?s=96&d=identicon&r=g\",\"caption\":\"programacion\"},\"url\":\"https:\\\/\\\/daxel.mx\\\/blog\\\/author\\\/programacion\\\/\"}]}<\/script>\n<!-- \/ Yoast SEO plugin. -->","yoast_head_json":{"title":"C\u00e1mara para videoconferencia: consejos para una imagen profesional","description":"Conoce algunas recomendaciones y consejos pr\u00e1cticos para aprovechar al m\u00e1ximo la c\u00e1mara para videoconferencia y garantizar una imagen profesional","robots":{"index":"index","follow":"follow","max-snippet":"max-snippet:-1","max-image-preview":"max-image-preview:large","max-video-preview":"max-video-preview:-1"},"canonical":"https:\/\/daxel.mx\/blog\/2025\/01\/20\/camara-para-videoconferencia-consejos-para-una-imagen-profesional\/","og_locale":"es_MX","og_type":"article","og_title":"C\u00e1mara para videoconferencia: consejos para una imagen profesional","og_description":"Conoce algunas recomendaciones y consejos pr\u00e1cticos para aprovechar al m\u00e1ximo la c\u00e1mara para videoconferencia y garantizar una imagen profesional","og_url":"https:\/\/daxel.mx\/blog\/2025\/01\/20\/camara-para-videoconferencia-consejos-para-una-imagen-profesional\/","og_site_name":"D\u00e1xel Blog","article_publisher":"https:\/\/www.facebook.com\/DaxelDomoticaAudiovisual\/","article_published_time":"2025-01-20T15:49:44+00:00","article_modified_time":"2025-05-22T15:58:08+00:00","og_image":[{"width":1600,"height":1391,"url":"https:\/\/daxel.mx\/blog\/wp-content\/uploads\/2025\/05\/master_photo_a-IV-CAM-I12-B_Fron-min.png","type":"image\/png"}],"author":"programacion","twitter_card":"summary_large_image","twitter_misc":{"Escrito por":"programacion","Tiempo de lectura":"4 minutos"},"schema":{"@context":"https:\/\/schema.org","@graph":[{"@type":"Article","@id":"https:\/\/daxel.mx\/blog\/2025\/01\/20\/camara-para-videoconferencia-consejos-para-una-imagen-profesional\/#article","isPartOf":{"@id":"https:\/\/daxel.mx\/blog\/2025\/01\/20\/camara-para-videoconferencia-consejos-para-una-imagen-profesional\/"},"author":{"name":"programacion","@id":"https:\/\/daxel.mx\/blog\/#\/schema\/person\/da4f122a1134e8607516450127da9dfa"},"headline":"C\u00e1mara para videoconferencia: consejos para una imagen profesional","datePublished":"2025-01-20T15:49:44+00:00","dateModified":"2025-05-22T15:58:08+00:00","mainEntityOfPage":{"@id":"https:\/\/daxel.mx\/blog\/2025\/01\/20\/camara-para-videoconferencia-consejos-para-una-imagen-profesional\/"},"wordCount":907,"publisher":{"@id":"https:\/\/daxel.mx\/blog\/#organization"},"image":{"@id":"https:\/\/daxel.mx\/blog\/2025\/01\/20\/camara-para-videoconferencia-consejos-para-una-imagen-profesional\/#primaryimage"},"thumbnailUrl":"https:\/\/daxel.mx\/blog\/wp-content\/uploads\/2025\/05\/master_photo_a-IV-CAM-I12-B_Fron-min.png","articleSection":["blog"],"inLanguage":"es"},{"@type":"WebPage","@id":"https:\/\/daxel.mx\/blog\/2025\/01\/20\/camara-para-videoconferencia-consejos-para-una-imagen-profesional\/","url":"https:\/\/daxel.mx\/blog\/2025\/01\/20\/camara-para-videoconferencia-consejos-para-una-imagen-profesional\/","name":"C\u00e1mara para videoconferencia: consejos para una imagen profesional","isPartOf":{"@id":"https:\/\/daxel.mx\/blog\/#website"},"primaryImageOfPage":{"@id":"https:\/\/daxel.mx\/blog\/2025\/01\/20\/camara-para-videoconferencia-consejos-para-una-imagen-profesional\/#primaryimage"},"image":{"@id":"https:\/\/daxel.mx\/blog\/2025\/01\/20\/camara-para-videoconferencia-consejos-para-una-imagen-profesional\/#primaryimage"},"thumbnailUrl":"https:\/\/daxel.mx\/blog\/wp-content\/uploads\/2025\/05\/master_photo_a-IV-CAM-I12-B_Fron-min.png","datePublished":"2025-01-20T15:49:44+00:00","dateModified":"2025-05-22T15:58:08+00:00","description":"Conoce algunas recomendaciones y consejos pr\u00e1cticos para aprovechar al m\u00e1ximo la c\u00e1mara para videoconferencia y garantizar una imagen profesional","breadcrumb":{"@id":"https:\/\/daxel.mx\/blog\/2025\/01\/20\/camara-para-videoconferencia-consejos-para-una-imagen-profesional\/#breadcrumb"},"inLanguage":"es","potentialAction":[{"@type":"ReadAction","target":["https:\/\/daxel.mx\/blog\/2025\/01\/20\/camara-para-videoconferencia-consejos-para-una-imagen-profesional\/"]}]},{"@type":"ImageObject","inLanguage":"es","@id":"https:\/\/daxel.mx\/blog\/2025\/01\/20\/camara-para-videoconferencia-consejos-para-una-imagen-profesional\/#primaryimage","url":"https:\/\/daxel.mx\/blog\/wp-content\/uploads\/2025\/05\/master_photo_a-IV-CAM-I12-B_Fron-min.png","contentUrl":"https:\/\/daxel.mx\/blog\/wp-content\/uploads\/2025\/05\/master_photo_a-IV-CAM-I12-B_Fron-min.png","width":1600,"height":1391,"caption":"C\u00e1mara para videoconferencia"},{"@type":"BreadcrumbList","@id":"https:\/\/daxel.mx\/blog\/2025\/01\/20\/camara-para-videoconferencia-consejos-para-una-imagen-profesional\/#breadcrumb","itemListElement":[{"@type":"ListItem","position":1,"name":"Inicio","item":"https:\/\/daxel.mx\/blog\/"},{"@type":"ListItem","position":2,"name":"C\u00e1mara para videoconferencia: consejos para una imagen profesional"}]},{"@type":"WebSite","@id":"https:\/\/daxel.mx\/blog\/#website","url":"https:\/\/daxel.mx\/blog\/","name":"D\u00e1xel Blog","description":"Temas de Dom\u00f3tica Audiovisual","publisher":{"@id":"https:\/\/daxel.mx\/blog\/#organization"},"potentialAction":[{"@type":"SearchAction","target":{"@type":"EntryPoint","urlTemplate":"https:\/\/daxel.mx\/blog\/?s={search_term_string}"},"query-input":{"@type":"PropertyValueSpecification","valueRequired":true,"valueName":"search_term_string"}}],"inLanguage":"es"},{"@type":"Organization","@id":"https:\/\/daxel.mx\/blog\/#organization","name":"D\u00e1xel","url":"https:\/\/daxel.mx\/blog\/","logo":{"@type":"ImageObject","inLanguage":"es","@id":"https:\/\/daxel.mx\/blog\/#\/schema\/logo\/image\/","url":"https:\/\/daxel.mx\/blog\/wp-content\/uploads\/2018\/01\/Horizontal-Gradiente.png","contentUrl":"https:\/\/daxel.mx\/blog\/wp-content\/uploads\/2018\/01\/Horizontal-Gradiente.png","width":2748,"height":1152,"caption":"D\u00e1xel"},"image":{"@id":"https:\/\/daxel.mx\/blog\/#\/schema\/logo\/image\/"},"sameAs":["https:\/\/www.facebook.com\/DaxelDomoticaAudiovisual\/","https:\/\/www.linkedin.com\/company\/d\u00e1xel\/"]},{"@type":"Person","@id":"https:\/\/daxel.mx\/blog\/#\/schema\/person\/da4f122a1134e8607516450127da9dfa","name":"programacion","image":{"@type":"ImageObject","inLanguage":"es","@id":"https:\/\/secure.gravatar.com\/avatar\/9d3dfe9b12b7a0a3e2fb00f12839f14fd06d5319a3517c04f2fd4ba0024ec4f0?s=96&d=identicon&r=g","url":"https:\/\/secure.gravatar.com\/avatar\/9d3dfe9b12b7a0a3e2fb00f12839f14fd06d5319a3517c04f2fd4ba0024ec4f0?s=96&d=identicon&r=g","contentUrl":"https:\/\/secure.gravatar.com\/avatar\/9d3dfe9b12b7a0a3e2fb00f12839f14fd06d5319a3517c04f2fd4ba0024ec4f0?s=96&d=identicon&r=g","caption":"programacion"},"url":"https:\/\/daxel.mx\/blog\/author\/programacion\/"}]}},"jetpack_publicize_connections":[],"_links":{"self":[{"href":"https:\/\/daxel.mx\/blog\/wp-json\/wp\/v2\/posts\/930","targetHints":{"allow":["GET"]}}],"collection":[{"href":"https:\/\/daxel.mx\/blog\/wp-json\/wp\/v2\/posts"}],"about":[{"href":"https:\/\/daxel.mx\/blog\/wp-json\/wp\/v2\/types\/post"}],"author":[{"embeddable":true,"href":"https:\/\/daxel.mx\/blog\/wp-json\/wp\/v2\/users\/342"}],"replies":[{"embeddable":true,"href":"https:\/\/daxel.mx\/blog\/wp-json\/wp\/v2\/comments?post=930"}],"version-history":[{"count":1,"href":"https:\/\/daxel.mx\/blog\/wp-json\/wp\/v2\/posts\/930\/revisions"}],"predecessor-version":[{"id":933,"href":"https:\/\/daxel.mx\/blog\/wp-json\/wp\/v2\/posts\/930\/revisions\/933"}],"wp:featuredmedia":[{"embeddable":true,"href":"https:\/\/daxel.mx\/blog\/wp-json\/wp\/v2\/media\/1016"}],"wp:attachment":[{"href":"https:\/\/daxel.mx\/blog\/wp-json\/wp\/v2\/media?parent=930"}],"wp:term":[{"taxonomy":"category","embeddable":true,"href":"https:\/\/daxel.mx\/blog\/wp-json\/wp\/v2\/categories?post=930"},{"taxonomy":"post_tag","embeddable":true,"href":"https:\/\/daxel.mx\/blog\/wp-json\/wp\/v2\/tags?post=930"}],"curies":[{"name":"wp","href":"https:\/\/api.w.org\/{rel}","templated":true}]}}