{"id":944,"date":"2025-02-05T12:42:03","date_gmt":"2025-02-05T18:42:03","guid":{"rendered":"https:\/\/daxel.mx\/blog\/?p=944"},"modified":"2025-05-22T09:57:40","modified_gmt":"2025-05-22T15:57:40","slug":"camaras-ptz-que-son-y-por-que-son-esenciales-en-salas-grandes","status":"publish","type":"post","link":"https:\/\/daxel.mx\/blog\/2025\/02\/05\/camaras-ptz-que-son-y-por-que-son-esenciales-en-salas-grandes\/","title":{"rendered":"C\u00e1maras PTZ: Qu\u00e9 son y por qu\u00e9 son esenciales en salas grandes"},"content":{"rendered":"<p>En el mundo actual, donde las reuniones virtuales y eventos h\u00edbridos son cada vez m\u00e1s comunes, contar con un equipo de videoconferencia adecuado se ha convertido en una necesidad.<\/p>\n<p>Entre las opciones disponibles, la <a href=\"https:\/\/daxel.mx\/camara-para-videoconferencia.php\"><strong>c\u00e1mara para videoconferencia<\/strong><\/a> PTZ destaca como una de las soluciones m\u00e1s vers\u00e1tiles y funcionales, especialmente para espacios grandes como salas de juntas, auditorios y salas de capacitaci\u00f3n. En este art\u00edculo, explicaremos qu\u00e9 son las c\u00e1maras PTZ, c\u00f3mo funcionan y por qu\u00e9 son esenciales en estos entornos.<\/p>\n<h2>\u00bfQu\u00e9 son las c\u00e1maras PTZ?<\/h2>\n<p>Las c\u00e1maras PTZ (por sus siglas en ingl\u00e9s: Pan-Tilt-Zoom) son dispositivos de videoconferencia que cuentan con movimientos motorizados que les permiten rotar horizontalmente (Pan), inclinarse verticalmente (Tilt) y ajustar su nivel de zoom (\u00f3ptico o digital). Estas caracter\u00edsticas las hacen ideales para captar diferentes \u00e1reas y enfoques dentro de un mismo espacio sin necesidad de mover f\u00edsicamente la c\u00e1mara.<\/p>\n<p>Sus principales funciones incluyen:<\/p>\n<ul>\n<li><strong>Pan<\/strong>: Movimiento horizontal que permite cubrir un \u00e1rea amplia del espacio.<\/li>\n<li><strong>Tilt<\/strong>: Movimiento vertical para captar \u00e1ngulos altos o bajos.<\/li>\n<li><strong>Zoom<\/strong>: Ajuste de enfoque para acercarse o alejarse del objeto o persona que se desea destacar.<\/li>\n<\/ul>\n<p>Una <a href=\"https:\/\/daxel.mx\/camara-para-videoconferencia.php\"><strong>c\u00e1mara para videoconferencia<\/strong><\/a> PTZ suele ser controlada de forma remota mediante un control f\u00edsico, una pantalla t\u00e1ctil integrada en sistemas de automatizaci\u00f3n o incluso por inteligencia artificial.<\/p>\n<h2>Caracter\u00edsticas clave de las c\u00e1maras PTZ<\/h2>\n<p>Antes de adentrarnos en su relevancia para salas grandes, es importante entender algunas de las caracter\u00edsticas que hacen \u00fanicas a las c\u00e1maras PTZ:<\/p>\n<ol>\n<li><strong>Cobertura amplia:<\/strong> Gracias a sus movimientos Pan y Tilt, pueden cubrir grandes \u00e1reas sin necesidad de cambiar de posici\u00f3n f\u00edsica.<\/li>\n<li><strong>Zoom potente:<\/strong> Ofrecen zoom \u00f3ptico con aumentos que var\u00edan entre 12x y 20x, lo que permite captar detalles a larga distancia con gran nitidez.<\/li>\n<li><strong>Automatizaci\u00f3n:<\/strong> Algunas c\u00e1maras PTZ cuentan con tecnolog\u00eda de auto-tracking, que permite seguir al ponente de forma autom\u00e1tica.<\/li>\n<li><strong>Calidad de imagen:<\/strong> Incorporan sensores avanzados que garantizan una resoluci\u00f3n alta y una imagen clara incluso en condiciones de poca luz.<\/li>\n<li><strong>Control remoto:<\/strong> Se pueden operar mediante joysticks, controles infrarrojos o software integrado, lo que facilita su manejo en tiempo real.<\/li>\n<\/ol>\n<h2>\u00bfPor qu\u00e9 son esenciales en salas grandes?<\/h2>\n<p>Las <a href=\"https:\/\/daxel.mx\/blog\/2024\/12\/16\/audio-y-video-elementos-cruciales-en-salas-de-juntas\/\">salas grandes presentan desaf\u00edos \u00fanicos<\/a> para la videoconferencia: amplios espacios que deben ser cubiertos, varios puntos de inter\u00e9s, y la necesidad de captar claramente tanto al ponente como a los participantes. Las c\u00e1maras PTZ son ideales para resolver estas necesidades gracias a sus prestaciones.<\/p>\n<h3>1.\u00a0\u00a0\u00a0 Cobertura total del espacio<\/h3>\n<p>En una sala grande, no basta con una c\u00e1mara fija, ya que su \u00e1ngulo de visi\u00f3n limitado puede dejar fuera a algunos participantes o zonas importantes. Las c\u00e1maras PTZ, en cambio, pueden girar y ajustar su \u00e1ngulo para cubrir toda el \u00e1rea de manera eficiente. Esto es especialmente \u00fatil en auditorios o reuniones donde se requieren diferentes enfoques seg\u00fan el momento.<\/p>\n<h3>2.\u00a0\u00a0\u00a0 Seguimiento autom\u00e1tico del ponente<\/h3>\n<p>Las c\u00e1maras PTZ con funci\u00f3n de auto-tracking pueden seguir al ponente mientras se desplaza por el escenario, asegurando que siempre est\u00e9 enfocado en pantalla. Esto mejora significativamente la experiencia del espectador remoto, ya que puede seguir la presentaci\u00f3n sin interrupciones.<\/p>\n<h3>3.\u00a0\u00a0\u00a0 Capacidad de zoom para detalles espec\u00edficos<\/h3>\n<p>El zoom \u00f3ptico permite destacar elementos espec\u00edficos, como una presentaci\u00f3n en una pantalla o las expresiones faciales del ponente, lo que enriquece la comunicaci\u00f3n. Esto es especialmente \u00fatil en capacitaciones o conferencias donde los detalles visuales son cruciales.<\/p>\n<h3>4.\u00a0\u00a0\u00a0 Interacci\u00f3n mejorada con los participantes<\/h3>\n<p>En eventos grandes, como capacitaciones o conferencias, es importante captar no solo al ponente, sino tambi\u00e9n las reacciones del p\u00fablico o las intervenciones de los participantes. Las c\u00e1maras PTZ permiten cambiar de enfoque r\u00e1pidamente entre diferentes puntos de inter\u00e9s, logrando una experiencia m\u00e1s din\u00e1mica.<\/p>\n<h3>5.\u00a0\u00a0\u00a0 Adaptabilidad a diferentes formatos de reuniones<\/h3>\n<p>Desde paneles de discusi\u00f3n hasta clases h\u00edbridas, las c\u00e1maras PTZ pueden ajustarse a diferentes escenarios y necesidades. Su capacidad de ser montadas en techo, pared o sobre muebles permite optimizar el espacio y mejorar la est\u00e9tica del lugar.<\/p>\n<h2>Consejos para elegir una c\u00e1mara PTZ<\/h2>\n<p>Si est\u00e1s considerando incorporar una <a href=\"https:\/\/daxel.mx\/camara-para-videoconferencia.php\"><strong>c\u00e1mara para videoconferencia<\/strong><\/a> PTZ a tu sala grande, ten en cuenta los siguientes aspectos:<\/p>\n<ul>\n<li><strong>Zoom \u00f3ptico:<\/strong> Para espacios grandes, un zoom de al menos 12x es recomendable.<\/li>\n<li><strong>Resoluci\u00f3n:<\/strong> Opta por modelos con resoluci\u00f3n Full HD o 4K para garantizar una calidad de imagen excelente.<\/li>\n<li><strong>Funciones automatizadas:<\/strong> Busca modelos con auto-tracking y auto-frame para facilitar el seguimiento de los participantes.<\/li>\n<li><strong>Conectividad:<\/strong> Aseg\u00farate de que la <a href=\"https:\/\/daxel.mx\/blog\/2024\/12\/30\/camaras-con-certificacion-para-zoom-teams-y-meet\/\">c\u00e1mara sea compatible con tus sistemas de videoconferencia<\/a>, ya sea por HDMI, USB o protocolo de red.<\/li>\n<li><strong>Control remoto:<\/strong> Considera qu\u00e9 tipo de control (joystick, pantalla t\u00e1ctil o IA) es m\u00e1s adecuado para tu equipo.<\/li>\n<\/ul>\n<p>En conclusi\u00f3n, una <a href=\"https:\/\/daxel.mx\/camara-para-videoconferencia.php\"><strong>c\u00e1mara para videoconferencia<\/strong><\/a> PTZ es una inversi\u00f3n esencial para cualquier organizaci\u00f3n que busque mejorar su experiencia de videoconferencia en salas de gran magnitud.<\/p>\n<p>Su capacidad de adaptarse a diferentes escenarios, cubrir amplias \u00e1reas y ofrecer una calidad de imagen superior las convierte en herramientas indispensables para reuniones, capacitaciones y eventos h\u00edbridos. Si est\u00e1s buscando la soluci\u00f3n ideal para tu espacio, no dudes en consultar a expertos que puedan guiarte en la elecci\u00f3n e instalaci\u00f3n del equipo adecuado.<\/p>\n<h2>Proveedores de soluciones tecnol\u00f3gicas en M\u00e9xico<\/h2>\n<p>En Daxel ofrecemos esta soluci\u00f3n de se\u00f1alizaci\u00f3n y muchas otras soluciones dentro del campo tecnol\u00f3gico. Somos expertos en crear espacios inteligentes que generen una experiencia audiovisual de excelencia y nos especializamos en <a href=\"https:\/\/daxel.mx\/diseno-de-domotica.php\"><strong>dise\u00f1o de dom\u00f3tica<\/strong><\/a>, es decir que, programamos sistemas de<a href=\"https:\/\/daxel.mx\/automatizacion-de-casas-inteligentes.php\"><strong> automatizaci\u00f3n de casas inteligentes<\/strong><\/a> que controlan el audio, video, iluminaci\u00f3n, persianas, climas y mucho m\u00e1s desde un iPhone, un iPad o comandos de voz.<\/p>\n<p>Si gustas conocer m\u00e1s acerca de los productos y servicios que podemos ofrecer en D\u00e1xel, no dudes en ponerte en contacto con nosotros. Lo puedes hacer a trav\u00e9s del <u>tel\u00e9fono de nuestra oficina: 477 555 7200<\/u>.<\/p>\n<p>Tambi\u00e9n puedes comunicarte por medio de nuestro email: <a href=\"mailto:contacto@daxel.mx\">contacto<\/a><a href=\"mailto:contacto@daxel.mx\">@<\/a><a href=\"mailto:contacto@daxel.mx\">daxel.mx<\/a>. Tenemos sedes en Le\u00f3n, Celaya y el Valle de M\u00e9xico con cobertura en m\u00e1s de 20 ciudades. Recuerda que tenemos un proceso de servicio que te acompa\u00f1a desde el dise\u00f1o de tu proyecto hasta la puesta en marcha llave en mano.<\/p>\n","protected":false},"excerpt":{"rendered":"<p>En el mundo actual, donde las reuniones virtuales y eventos h\u00edbridos son cada vez m\u00e1s comunes, contar con un equipo de videoconferencia adecuado se ha convertido en una necesidad. Entre las opciones disponibles, la c\u00e1mara para videoconferencia PTZ destaca como una de las soluciones m\u00e1s vers\u00e1tiles y funcionales, especialmente para espacios grandes como salas de&hellip; <br \/> <a class=\"read-more\" href=\"https:\/\/daxel.mx\/blog\/2025\/02\/05\/camaras-ptz-que-son-y-por-que-son-esenciales-en-salas-grandes\/\">Leer m\u00e1s<\/a><\/p>\n","protected":false},"author":342,"featured_media":1017,"comment_status":"closed","ping_status":"closed","sticky":false,"template":"","format":"standard","meta":{"footnotes":"","jetpack_publicize_message":"","jetpack_publicize_feature_enabled":true,"jetpack_social_post_already_shared":true,"jetpack_social_options":{"image_generator_settings":{"template":"highway","default_image_id":0,"font":"","enabled":false},"version":2}},"categories":[37],"tags":[],"class_list":["post-944","post","type-post","status-publish","format-standard","has-post-thumbnail","hentry","category-blog"],"yoast_head":"<!-- This site is optimized with the Yoast SEO plugin v27.3 - https:\/\/yoast.com\/product\/yoast-seo-wordpress\/ -->\n<title>C\u00e1maras PTZ: Qu\u00e9 son y por qu\u00e9 son esenciales en salas grandes<\/title>\n<meta name=\"description\" content=\"Conoce qu\u00e9 es una c\u00e1mara para videoconferencia PTZ, c\u00f3mo funciona y por qu\u00e9 son esenciales para salas de juntas grandes\" \/>\n<meta name=\"robots\" content=\"index, follow, max-snippet:-1, max-image-preview:large, max-video-preview:-1\" \/>\n<link rel=\"canonical\" href=\"https:\/\/daxel.mx\/blog\/2025\/02\/05\/camaras-ptz-que-son-y-por-que-son-esenciales-en-salas-grandes\/\" \/>\n<meta property=\"og:locale\" content=\"es_MX\" \/>\n<meta property=\"og:type\" content=\"article\" \/>\n<meta property=\"og:title\" content=\"C\u00e1maras PTZ: Qu\u00e9 son y por qu\u00e9 son esenciales en salas grandes\" \/>\n<meta property=\"og:description\" content=\"Conoce qu\u00e9 es una c\u00e1mara para videoconferencia PTZ, c\u00f3mo funciona y por qu\u00e9 son esenciales para salas de juntas grandes\" \/>\n<meta property=\"og:url\" content=\"https:\/\/daxel.mx\/blog\/2025\/02\/05\/camaras-ptz-que-son-y-por-que-son-esenciales-en-salas-grandes\/\" \/>\n<meta property=\"og:site_name\" content=\"D\u00e1xel Blog\" \/>\n<meta property=\"article:publisher\" content=\"https:\/\/www.facebook.com\/DaxelDomoticaAudiovisual\/\" \/>\n<meta property=\"article:published_time\" content=\"2025-02-05T18:42:03+00:00\" \/>\n<meta property=\"article:modified_time\" content=\"2025-05-22T15:57:40+00:00\" \/>\n<meta property=\"og:image\" content=\"https:\/\/daxel.mx\/blog\/wp-content\/uploads\/2025\/05\/master_photo_a-IV-CAM-P20-W_PTZ_-min.png\" \/>\n\t<meta property=\"og:image:width\" content=\"1750\" \/>\n\t<meta property=\"og:image:height\" content=\"1473\" \/>\n\t<meta property=\"og:image:type\" content=\"image\/png\" \/>\n<meta name=\"author\" content=\"programacion\" \/>\n<meta name=\"twitter:card\" content=\"summary_large_image\" \/>\n<meta name=\"twitter:label1\" content=\"Escrito por\" \/>\n\t<meta name=\"twitter:data1\" content=\"programacion\" \/>\n\t<meta name=\"twitter:label2\" content=\"Tiempo de lectura\" \/>\n\t<meta name=\"twitter:data2\" content=\"5 minutos\" \/>\n<script type=\"application\/ld+json\" class=\"yoast-schema-graph\">{\"@context\":\"https:\\\/\\\/schema.org\",\"@graph\":[{\"@type\":\"Article\",\"@id\":\"https:\\\/\\\/daxel.mx\\\/blog\\\/2025\\\/02\\\/05\\\/camaras-ptz-que-son-y-por-que-son-esenciales-en-salas-grandes\\\/#article\",\"isPartOf\":{\"@id\":\"https:\\\/\\\/daxel.mx\\\/blog\\\/2025\\\/02\\\/05\\\/camaras-ptz-que-son-y-por-que-son-esenciales-en-salas-grandes\\\/\"},\"author\":{\"name\":\"programacion\",\"@id\":\"https:\\\/\\\/daxel.mx\\\/blog\\\/#\\\/schema\\\/person\\\/da4f122a1134e8607516450127da9dfa\"},\"headline\":\"C\u00e1maras PTZ: Qu\u00e9 son y por qu\u00e9 son esenciales en salas grandes\",\"datePublished\":\"2025-02-05T18:42:03+00:00\",\"dateModified\":\"2025-05-22T15:57:40+00:00\",\"mainEntityOfPage\":{\"@id\":\"https:\\\/\\\/daxel.mx\\\/blog\\\/2025\\\/02\\\/05\\\/camaras-ptz-que-son-y-por-que-son-esenciales-en-salas-grandes\\\/\"},\"wordCount\":1096,\"publisher\":{\"@id\":\"https:\\\/\\\/daxel.mx\\\/blog\\\/#organization\"},\"image\":{\"@id\":\"https:\\\/\\\/daxel.mx\\\/blog\\\/2025\\\/02\\\/05\\\/camaras-ptz-que-son-y-por-que-son-esenciales-en-salas-grandes\\\/#primaryimage\"},\"thumbnailUrl\":\"https:\\\/\\\/daxel.mx\\\/blog\\\/wp-content\\\/uploads\\\/2025\\\/05\\\/master_photo_a-IV-CAM-P20-W_PTZ_-min.png\",\"articleSection\":[\"blog\"],\"inLanguage\":\"es\"},{\"@type\":\"WebPage\",\"@id\":\"https:\\\/\\\/daxel.mx\\\/blog\\\/2025\\\/02\\\/05\\\/camaras-ptz-que-son-y-por-que-son-esenciales-en-salas-grandes\\\/\",\"url\":\"https:\\\/\\\/daxel.mx\\\/blog\\\/2025\\\/02\\\/05\\\/camaras-ptz-que-son-y-por-que-son-esenciales-en-salas-grandes\\\/\",\"name\":\"C\u00e1maras PTZ: Qu\u00e9 son y por qu\u00e9 son esenciales en salas grandes\",\"isPartOf\":{\"@id\":\"https:\\\/\\\/daxel.mx\\\/blog\\\/#website\"},\"primaryImageOfPage\":{\"@id\":\"https:\\\/\\\/daxel.mx\\\/blog\\\/2025\\\/02\\\/05\\\/camaras-ptz-que-son-y-por-que-son-esenciales-en-salas-grandes\\\/#primaryimage\"},\"image\":{\"@id\":\"https:\\\/\\\/daxel.mx\\\/blog\\\/2025\\\/02\\\/05\\\/camaras-ptz-que-son-y-por-que-son-esenciales-en-salas-grandes\\\/#primaryimage\"},\"thumbnailUrl\":\"https:\\\/\\\/daxel.mx\\\/blog\\\/wp-content\\\/uploads\\\/2025\\\/05\\\/master_photo_a-IV-CAM-P20-W_PTZ_-min.png\",\"datePublished\":\"2025-02-05T18:42:03+00:00\",\"dateModified\":\"2025-05-22T15:57:40+00:00\",\"description\":\"Conoce qu\u00e9 es una c\u00e1mara para videoconferencia PTZ, c\u00f3mo funciona y por qu\u00e9 son esenciales para salas de juntas grandes\",\"breadcrumb\":{\"@id\":\"https:\\\/\\\/daxel.mx\\\/blog\\\/2025\\\/02\\\/05\\\/camaras-ptz-que-son-y-por-que-son-esenciales-en-salas-grandes\\\/#breadcrumb\"},\"inLanguage\":\"es\",\"potentialAction\":[{\"@type\":\"ReadAction\",\"target\":[\"https:\\\/\\\/daxel.mx\\\/blog\\\/2025\\\/02\\\/05\\\/camaras-ptz-que-son-y-por-que-son-esenciales-en-salas-grandes\\\/\"]}]},{\"@type\":\"ImageObject\",\"inLanguage\":\"es\",\"@id\":\"https:\\\/\\\/daxel.mx\\\/blog\\\/2025\\\/02\\\/05\\\/camaras-ptz-que-son-y-por-que-son-esenciales-en-salas-grandes\\\/#primaryimage\",\"url\":\"https:\\\/\\\/daxel.mx\\\/blog\\\/wp-content\\\/uploads\\\/2025\\\/05\\\/master_photo_a-IV-CAM-P20-W_PTZ_-min.png\",\"contentUrl\":\"https:\\\/\\\/daxel.mx\\\/blog\\\/wp-content\\\/uploads\\\/2025\\\/05\\\/master_photo_a-IV-CAM-P20-W_PTZ_-min.png\",\"width\":1750,\"height\":1473,\"caption\":\"C\u00e1mara para videoconferencia\"},{\"@type\":\"BreadcrumbList\",\"@id\":\"https:\\\/\\\/daxel.mx\\\/blog\\\/2025\\\/02\\\/05\\\/camaras-ptz-que-son-y-por-que-son-esenciales-en-salas-grandes\\\/#breadcrumb\",\"itemListElement\":[{\"@type\":\"ListItem\",\"position\":1,\"name\":\"Inicio\",\"item\":\"https:\\\/\\\/daxel.mx\\\/blog\\\/\"},{\"@type\":\"ListItem\",\"position\":2,\"name\":\"C\u00e1maras PTZ: Qu\u00e9 son y por qu\u00e9 son esenciales en salas grandes\"}]},{\"@type\":\"WebSite\",\"@id\":\"https:\\\/\\\/daxel.mx\\\/blog\\\/#website\",\"url\":\"https:\\\/\\\/daxel.mx\\\/blog\\\/\",\"name\":\"D\u00e1xel Blog\",\"description\":\"Temas de Dom\u00f3tica Audiovisual\",\"publisher\":{\"@id\":\"https:\\\/\\\/daxel.mx\\\/blog\\\/#organization\"},\"potentialAction\":[{\"@type\":\"SearchAction\",\"target\":{\"@type\":\"EntryPoint\",\"urlTemplate\":\"https:\\\/\\\/daxel.mx\\\/blog\\\/?s={search_term_string}\"},\"query-input\":{\"@type\":\"PropertyValueSpecification\",\"valueRequired\":true,\"valueName\":\"search_term_string\"}}],\"inLanguage\":\"es\"},{\"@type\":\"Organization\",\"@id\":\"https:\\\/\\\/daxel.mx\\\/blog\\\/#organization\",\"name\":\"D\u00e1xel\",\"url\":\"https:\\\/\\\/daxel.mx\\\/blog\\\/\",\"logo\":{\"@type\":\"ImageObject\",\"inLanguage\":\"es\",\"@id\":\"https:\\\/\\\/daxel.mx\\\/blog\\\/#\\\/schema\\\/logo\\\/image\\\/\",\"url\":\"https:\\\/\\\/daxel.mx\\\/blog\\\/wp-content\\\/uploads\\\/2018\\\/01\\\/Horizontal-Gradiente.png\",\"contentUrl\":\"https:\\\/\\\/daxel.mx\\\/blog\\\/wp-content\\\/uploads\\\/2018\\\/01\\\/Horizontal-Gradiente.png\",\"width\":2748,\"height\":1152,\"caption\":\"D\u00e1xel\"},\"image\":{\"@id\":\"https:\\\/\\\/daxel.mx\\\/blog\\\/#\\\/schema\\\/logo\\\/image\\\/\"},\"sameAs\":[\"https:\\\/\\\/www.facebook.com\\\/DaxelDomoticaAudiovisual\\\/\",\"https:\\\/\\\/www.linkedin.com\\\/company\\\/d\u00e1xel\\\/\"]},{\"@type\":\"Person\",\"@id\":\"https:\\\/\\\/daxel.mx\\\/blog\\\/#\\\/schema\\\/person\\\/da4f122a1134e8607516450127da9dfa\",\"name\":\"programacion\",\"image\":{\"@type\":\"ImageObject\",\"inLanguage\":\"es\",\"@id\":\"https:\\\/\\\/secure.gravatar.com\\\/avatar\\\/9d3dfe9b12b7a0a3e2fb00f12839f14fd06d5319a3517c04f2fd4ba0024ec4f0?s=96&d=identicon&r=g\",\"url\":\"https:\\\/\\\/secure.gravatar.com\\\/avatar\\\/9d3dfe9b12b7a0a3e2fb00f12839f14fd06d5319a3517c04f2fd4ba0024ec4f0?s=96&d=identicon&r=g\",\"contentUrl\":\"https:\\\/\\\/secure.gravatar.com\\\/avatar\\\/9d3dfe9b12b7a0a3e2fb00f12839f14fd06d5319a3517c04f2fd4ba0024ec4f0?s=96&d=identicon&r=g\",\"caption\":\"programacion\"},\"url\":\"https:\\\/\\\/daxel.mx\\\/blog\\\/author\\\/programacion\\\/\"}]}<\/script>\n<!-- \/ Yoast SEO plugin. -->","yoast_head_json":{"title":"C\u00e1maras PTZ: Qu\u00e9 son y por qu\u00e9 son esenciales en salas grandes","description":"Conoce qu\u00e9 es una c\u00e1mara para videoconferencia PTZ, c\u00f3mo funciona y por qu\u00e9 son esenciales para salas de juntas grandes","robots":{"index":"index","follow":"follow","max-snippet":"max-snippet:-1","max-image-preview":"max-image-preview:large","max-video-preview":"max-video-preview:-1"},"canonical":"https:\/\/daxel.mx\/blog\/2025\/02\/05\/camaras-ptz-que-son-y-por-que-son-esenciales-en-salas-grandes\/","og_locale":"es_MX","og_type":"article","og_title":"C\u00e1maras PTZ: Qu\u00e9 son y por qu\u00e9 son esenciales en salas grandes","og_description":"Conoce qu\u00e9 es una c\u00e1mara para videoconferencia PTZ, c\u00f3mo funciona y por qu\u00e9 son esenciales para salas de juntas grandes","og_url":"https:\/\/daxel.mx\/blog\/2025\/02\/05\/camaras-ptz-que-son-y-por-que-son-esenciales-en-salas-grandes\/","og_site_name":"D\u00e1xel Blog","article_publisher":"https:\/\/www.facebook.com\/DaxelDomoticaAudiovisual\/","article_published_time":"2025-02-05T18:42:03+00:00","article_modified_time":"2025-05-22T15:57:40+00:00","og_image":[{"width":1750,"height":1473,"url":"https:\/\/daxel.mx\/blog\/wp-content\/uploads\/2025\/05\/master_photo_a-IV-CAM-P20-W_PTZ_-min.png","type":"image\/png"}],"author":"programacion","twitter_card":"summary_large_image","twitter_misc":{"Escrito por":"programacion","Tiempo de lectura":"5 minutos"},"schema":{"@context":"https:\/\/schema.org","@graph":[{"@type":"Article","@id":"https:\/\/daxel.mx\/blog\/2025\/02\/05\/camaras-ptz-que-son-y-por-que-son-esenciales-en-salas-grandes\/#article","isPartOf":{"@id":"https:\/\/daxel.mx\/blog\/2025\/02\/05\/camaras-ptz-que-son-y-por-que-son-esenciales-en-salas-grandes\/"},"author":{"name":"programacion","@id":"https:\/\/daxel.mx\/blog\/#\/schema\/person\/da4f122a1134e8607516450127da9dfa"},"headline":"C\u00e1maras PTZ: Qu\u00e9 son y por qu\u00e9 son esenciales en salas grandes","datePublished":"2025-02-05T18:42:03+00:00","dateModified":"2025-05-22T15:57:40+00:00","mainEntityOfPage":{"@id":"https:\/\/daxel.mx\/blog\/2025\/02\/05\/camaras-ptz-que-son-y-por-que-son-esenciales-en-salas-grandes\/"},"wordCount":1096,"publisher":{"@id":"https:\/\/daxel.mx\/blog\/#organization"},"image":{"@id":"https:\/\/daxel.mx\/blog\/2025\/02\/05\/camaras-ptz-que-son-y-por-que-son-esenciales-en-salas-grandes\/#primaryimage"},"thumbnailUrl":"https:\/\/daxel.mx\/blog\/wp-content\/uploads\/2025\/05\/master_photo_a-IV-CAM-P20-W_PTZ_-min.png","articleSection":["blog"],"inLanguage":"es"},{"@type":"WebPage","@id":"https:\/\/daxel.mx\/blog\/2025\/02\/05\/camaras-ptz-que-son-y-por-que-son-esenciales-en-salas-grandes\/","url":"https:\/\/daxel.mx\/blog\/2025\/02\/05\/camaras-ptz-que-son-y-por-que-son-esenciales-en-salas-grandes\/","name":"C\u00e1maras PTZ: Qu\u00e9 son y por qu\u00e9 son esenciales en salas grandes","isPartOf":{"@id":"https:\/\/daxel.mx\/blog\/#website"},"primaryImageOfPage":{"@id":"https:\/\/daxel.mx\/blog\/2025\/02\/05\/camaras-ptz-que-son-y-por-que-son-esenciales-en-salas-grandes\/#primaryimage"},"image":{"@id":"https:\/\/daxel.mx\/blog\/2025\/02\/05\/camaras-ptz-que-son-y-por-que-son-esenciales-en-salas-grandes\/#primaryimage"},"thumbnailUrl":"https:\/\/daxel.mx\/blog\/wp-content\/uploads\/2025\/05\/master_photo_a-IV-CAM-P20-W_PTZ_-min.png","datePublished":"2025-02-05T18:42:03+00:00","dateModified":"2025-05-22T15:57:40+00:00","description":"Conoce qu\u00e9 es una c\u00e1mara para videoconferencia PTZ, c\u00f3mo funciona y por qu\u00e9 son esenciales para salas de juntas grandes","breadcrumb":{"@id":"https:\/\/daxel.mx\/blog\/2025\/02\/05\/camaras-ptz-que-son-y-por-que-son-esenciales-en-salas-grandes\/#breadcrumb"},"inLanguage":"es","potentialAction":[{"@type":"ReadAction","target":["https:\/\/daxel.mx\/blog\/2025\/02\/05\/camaras-ptz-que-son-y-por-que-son-esenciales-en-salas-grandes\/"]}]},{"@type":"ImageObject","inLanguage":"es","@id":"https:\/\/daxel.mx\/blog\/2025\/02\/05\/camaras-ptz-que-son-y-por-que-son-esenciales-en-salas-grandes\/#primaryimage","url":"https:\/\/daxel.mx\/blog\/wp-content\/uploads\/2025\/05\/master_photo_a-IV-CAM-P20-W_PTZ_-min.png","contentUrl":"https:\/\/daxel.mx\/blog\/wp-content\/uploads\/2025\/05\/master_photo_a-IV-CAM-P20-W_PTZ_-min.png","width":1750,"height":1473,"caption":"C\u00e1mara para videoconferencia"},{"@type":"BreadcrumbList","@id":"https:\/\/daxel.mx\/blog\/2025\/02\/05\/camaras-ptz-que-son-y-por-que-son-esenciales-en-salas-grandes\/#breadcrumb","itemListElement":[{"@type":"ListItem","position":1,"name":"Inicio","item":"https:\/\/daxel.mx\/blog\/"},{"@type":"ListItem","position":2,"name":"C\u00e1maras PTZ: Qu\u00e9 son y por qu\u00e9 son esenciales en salas grandes"}]},{"@type":"WebSite","@id":"https:\/\/daxel.mx\/blog\/#website","url":"https:\/\/daxel.mx\/blog\/","name":"D\u00e1xel Blog","description":"Temas de Dom\u00f3tica Audiovisual","publisher":{"@id":"https:\/\/daxel.mx\/blog\/#organization"},"potentialAction":[{"@type":"SearchAction","target":{"@type":"EntryPoint","urlTemplate":"https:\/\/daxel.mx\/blog\/?s={search_term_string}"},"query-input":{"@type":"PropertyValueSpecification","valueRequired":true,"valueName":"search_term_string"}}],"inLanguage":"es"},{"@type":"Organization","@id":"https:\/\/daxel.mx\/blog\/#organization","name":"D\u00e1xel","url":"https:\/\/daxel.mx\/blog\/","logo":{"@type":"ImageObject","inLanguage":"es","@id":"https:\/\/daxel.mx\/blog\/#\/schema\/logo\/image\/","url":"https:\/\/daxel.mx\/blog\/wp-content\/uploads\/2018\/01\/Horizontal-Gradiente.png","contentUrl":"https:\/\/daxel.mx\/blog\/wp-content\/uploads\/2018\/01\/Horizontal-Gradiente.png","width":2748,"height":1152,"caption":"D\u00e1xel"},"image":{"@id":"https:\/\/daxel.mx\/blog\/#\/schema\/logo\/image\/"},"sameAs":["https:\/\/www.facebook.com\/DaxelDomoticaAudiovisual\/","https:\/\/www.linkedin.com\/company\/d\u00e1xel\/"]},{"@type":"Person","@id":"https:\/\/daxel.mx\/blog\/#\/schema\/person\/da4f122a1134e8607516450127da9dfa","name":"programacion","image":{"@type":"ImageObject","inLanguage":"es","@id":"https:\/\/secure.gravatar.com\/avatar\/9d3dfe9b12b7a0a3e2fb00f12839f14fd06d5319a3517c04f2fd4ba0024ec4f0?s=96&d=identicon&r=g","url":"https:\/\/secure.gravatar.com\/avatar\/9d3dfe9b12b7a0a3e2fb00f12839f14fd06d5319a3517c04f2fd4ba0024ec4f0?s=96&d=identicon&r=g","contentUrl":"https:\/\/secure.gravatar.com\/avatar\/9d3dfe9b12b7a0a3e2fb00f12839f14fd06d5319a3517c04f2fd4ba0024ec4f0?s=96&d=identicon&r=g","caption":"programacion"},"url":"https:\/\/daxel.mx\/blog\/author\/programacion\/"}]}},"jetpack_publicize_connections":[],"_links":{"self":[{"href":"https:\/\/daxel.mx\/blog\/wp-json\/wp\/v2\/posts\/944","targetHints":{"allow":["GET"]}}],"collection":[{"href":"https:\/\/daxel.mx\/blog\/wp-json\/wp\/v2\/posts"}],"about":[{"href":"https:\/\/daxel.mx\/blog\/wp-json\/wp\/v2\/types\/post"}],"author":[{"embeddable":true,"href":"https:\/\/daxel.mx\/blog\/wp-json\/wp\/v2\/users\/342"}],"replies":[{"embeddable":true,"href":"https:\/\/daxel.mx\/blog\/wp-json\/wp\/v2\/comments?post=944"}],"version-history":[{"count":1,"href":"https:\/\/daxel.mx\/blog\/wp-json\/wp\/v2\/posts\/944\/revisions"}],"predecessor-version":[{"id":954,"href":"https:\/\/daxel.mx\/blog\/wp-json\/wp\/v2\/posts\/944\/revisions\/954"}],"wp:featuredmedia":[{"embeddable":true,"href":"https:\/\/daxel.mx\/blog\/wp-json\/wp\/v2\/media\/1017"}],"wp:attachment":[{"href":"https:\/\/daxel.mx\/blog\/wp-json\/wp\/v2\/media?parent=944"}],"wp:term":[{"taxonomy":"category","embeddable":true,"href":"https:\/\/daxel.mx\/blog\/wp-json\/wp\/v2\/categories?post=944"},{"taxonomy":"post_tag","embeddable":true,"href":"https:\/\/daxel.mx\/blog\/wp-json\/wp\/v2\/tags?post=944"}],"curies":[{"name":"wp","href":"https:\/\/api.w.org\/{rel}","templated":true}]}}