{"id":991,"date":"2025-06-11T11:27:54","date_gmt":"2025-06-11T17:27:54","guid":{"rendered":"https:\/\/daxel.mx\/blog\/?p=991"},"modified":"2025-05-13T11:46:08","modified_gmt":"2025-05-13T17:46:08","slug":"el-microfono-para-sala-de-juntas-y-una-adecuada-comunicacion","status":"publish","type":"post","link":"https:\/\/daxel.mx\/blog\/2025\/06\/11\/el-microfono-para-sala-de-juntas-y-una-adecuada-comunicacion\/","title":{"rendered":"El micr\u00f3fono para sala de juntas y una adecuada comunicaci\u00f3n"},"content":{"rendered":"<p>Muchos no lo saben, pero el <a href=\"https:\/\/daxel.mx\/microfono-para-sala-de-juntas.php\"><strong>micr\u00f3fono <\/strong><\/a><a href=\"https:\/\/daxel.mx\/microfono-para-sala-de-juntas.php\"><strong>para sala<\/strong><\/a><a href=\"https:\/\/daxel.mx\/microfono-para-sala-de-juntas.php\"><strong> de juntas<\/strong><\/a> es un dispositivo que contribuye enormemente en una adecuada comunicaci\u00f3n con los participantes. Permite que cada uno pueda escuchar de manera clara todo lo que se est\u00e1 diciendo o explicando durante el proceso. Estos dispositivos cuentan con tecnolog\u00eda de \u00faltima generaci\u00f3n que brinda una nitidez ideal y un funcionamiento pr\u00e1ctico para que cualquiera pueda aprovecharlo.<\/p>\n<p>Esto \u00faltimo resulta crucial pues se podr\u00e1n evitar las distorsiones en el sonido y llegar a cada rinc\u00f3n de la sala. Algo que se traduce como un proceso realmente beneficioso que contribuye en el aprendizaje de los colaboradores.<\/p>\n<h2><strong>Micr\u00f3fono para sala de juntas<\/strong>, \u00bfc\u00f3mo contribuye en la comunicaci\u00f3n?<\/h2>\n<p>El <a href=\"https:\/\/daxel.mx\/microfono-para-sala-de-juntas.php\"><strong>micr\u00f3fono para sala de juntas<\/strong><\/a> de alta calidad de D\u00e1xel se asegura que la voz del hablante sea capturada con claridad para evitar las distorsiones. Esto es de suma importancia pues se evitar\u00e1n las interferencias y las confusiones por parte de los asistentes y participantes. En reuniones donde se abordan temas complejos o en empresas remotas con colaboradores de diferentes partes del mundo, un sonido de alta calidad resulta fundamental.<\/p>\n<p>Una caracter\u00edstica clave que no todos conocen sobre estos dispositivos es la posibilidad de contar con tecnolog\u00edas de cancelaci\u00f3n de ruidos. Lo que permite evitar los sonidos distractores como zumbidos, ruido de computadores o el de conversaciones cercanas. De manera que los participantes podr\u00e1n enfocar su atenci\u00f3n con facilidad en la informaci\u00f3n que se est\u00e1 intentando transmitir.<\/p>\n<p>Existen distintos tipos de micr\u00f3fonos que se pueden adaptar a las necesidades de cada sala al igual que existen distintas opciones en <a href=\"https:\/\/daxel.mx\/camara-para-videoconferencia.php\"><strong>c\u00e1mara para videoconferencia<\/strong><\/a>. Esto permite asegurar la implementaci\u00f3n de elementos realmente adaptados a los requerimientos espec\u00edficos de cada espacio.<\/p>\n<h3>Eliminaci\u00f3n efectiva del eco y la reverberaci\u00f3n<\/h3>\n<p>Los ecos y la reverberaci\u00f3n tienen lugar en las salas de juntas m\u00e1s de lo que se desea admitir debido a las superficies duras que causan ruidos adicionales. Esto puede llegar a dificultar la comprensi\u00f3n de lo que se est\u00e1 intentando escuchar. Mediante un micr\u00f3fono de alta calidad esto no representa un problema pues precisamente cuentan con eliminaci\u00f3n efectiva de ecos y ruidos. Lo que permite disfrutar de un sonido claro en todo momento.<\/p>\n<h3>Grabaciones claras y n\u00edtidas<\/h3>\n<p>En algunas empresas se tiende a grabar las reuniones y conferencias que se llevan a cabo, esto resulta ideal si se cuenta con un micr\u00f3fono pues se contar\u00e1 con un registro de calidad. Algo similar sucede cuando se implementan <a href=\"https:\/\/daxel.mx\/bocinas-hi-fi.php\"><strong>bocinas hi fi<\/strong><\/a> pues el sonido captado y grabado ser\u00e1 n\u00edtido y se podr\u00e1 utilizar para futuras referencias o en caso de que alguien no haya asistido.<\/p>\n<h3>Imagen profesional y de confianza<\/h3>\n<p>Los equipos y dispositivos que facilitan mejorar la calidad de los procesos tambi\u00e9n permiten mejorar la imagen profesional y de confianza ante el p\u00fablico, inversores, empresas externas y profesionales. Principalmente debido a que se contar\u00e1 con el equipo necesario para garantizar procesos de alta calidad de igual forma que se reafirma la credibilidad de la organizaci\u00f3n.<\/p>\n<h3>Adi\u00f3s a las constantes interrupciones y repeticiones<\/h3>\n<p>Cuando no se cuenta con dispositivos adecuados en la sala de junta, las reuniones suelen ser interrumpidas constantemente debido a que se requiere repetir informaci\u00f3n que no se comprendi\u00f3. Esto no es un problema de comunicaci\u00f3n al implementar un micr\u00f3fono de alta calidad ya que estos garantizan mayor fluidez y claridad en cada reuni\u00f3n y conferencia.<\/p>\n<h2>\u00bfD\u00f3nde puedo adquirir micr\u00f3fonos de alta calidad para salas de juntas?<\/h2>\n<p>Existen distintas empresas comercializadoras y proveedoras de tecnolog\u00eda de alta calidad para las empresas, un claro ejemplo de esto es D\u00e1xel. Esta es una empresa que cuenta con un amplio cat\u00e1logo de soluciones tecnol\u00f3gicas que se adaptan a las necesidades de cada organizaci\u00f3n.<\/p>\n<p>De igual forma, cuentan con personal altamente capacitado dispuesto a brindar asesoramiento e informaci\u00f3n sobre los diferentes dispositivos y equipos. Algo que resulta sumamente \u00fatil para realizar comparaciones y elegir las mejores alternativas. Podr\u00e1s asegurar una compra realmente beneficiosa para los procesos de reuni\u00f3n de tu organizaci\u00f3n o empresa.<\/p>\n<h2>D\u00e1xel tiene las mejores opciones en dispositivos de alta calidad para salas de juntas<\/h2>\n<p>El <a href=\"https:\/\/daxel.mx\/microfono-para-sala-de-juntas.php\"><strong>micr\u00f3fono para sala de juntas<\/strong><\/a> marca una enorme diferencia en la claridad de la informaci\u00f3n que se desea transmitir al mismo tiempo que permite a cada participante o\u00edr cada dato. Esto, por supuesto, sin importar si est\u00e1 frente al presentador o en la pared m\u00e1s lejana o de fondo. Sin embargo, es necesario contar con micr\u00f3fonos de alta calidad que ofrecen tecnolog\u00eda de primera para asegurar un sonido realmente preciso y libre de interferencias.<\/p>\n<p>En D\u00e1xel somos una empresa con a\u00f1os de experiencia en el mercado ofreciendo las mejores soluciones tecnol\u00f3gicas para las necesidades de las empresas de la actualidad. Desde c\u00e1maras, micr\u00f3fonos e instalaci\u00f3n de proyectores hasta instalaci\u00f3n de videowall, automatizaci\u00f3n y mucho m\u00e1s.<\/p>\n<p>\u00bfDeseas saber m\u00e1s sobre nuestros productos o servicios? Comun\u00edcate mediante el correo electr\u00f3nico <a href=\"mailto:contacto@daxel.mx\">contacto@daxel.mx<\/a> o a trav\u00e9s de los n\u00fameros de WhatsApp <a href=\"https:\/\/wa.me\/524771147307\">+52 (477) 114 7307<\/a> y <a href=\"https:\/\/wa.me\/525581361829\">+52 (55) 8136 1829<\/a> y con gusto te ofreceremos toda la informaci\u00f3n necesaria.<\/p>\n","protected":false},"excerpt":{"rendered":"<p>Muchos no lo saben, pero el micr\u00f3fono para sala de juntas es un dispositivo que contribuye enormemente en una adecuada comunicaci\u00f3n con los participantes. Permite que cada uno pueda escuchar de manera clara todo lo que se est\u00e1 diciendo o explicando durante el proceso. Estos dispositivos cuentan con tecnolog\u00eda de \u00faltima generaci\u00f3n que brinda una&hellip; <br \/> <a class=\"read-more\" href=\"https:\/\/daxel.mx\/blog\/2025\/06\/11\/el-microfono-para-sala-de-juntas-y-una-adecuada-comunicacion\/\">Leer m\u00e1s<\/a><\/p>\n","protected":false},"author":342,"featured_media":130,"comment_status":"closed","ping_status":"closed","sticky":false,"template":"","format":"standard","meta":{"footnotes":"","jetpack_publicize_message":"","jetpack_publicize_feature_enabled":true,"jetpack_social_post_already_shared":true,"jetpack_social_options":{"image_generator_settings":{"template":"highway","default_image_id":0,"font":"","enabled":false},"version":2}},"categories":[37],"tags":[],"class_list":["post-991","post","type-post","status-publish","format-standard","has-post-thumbnail","hentry","category-blog"],"yoast_head":"<!-- This site is optimized with the Yoast SEO plugin v27.3 - https:\/\/yoast.com\/product\/yoast-seo-wordpress\/ -->\n<title>El micr\u00f3fono para sala de juntas y una adecuada comunicaci\u00f3n<\/title>\n<meta name=\"description\" content=\"Comprende a profundidad c\u00f3mo el micr\u00f3fono para sala de juntas contribuye en una adecuada comunicaci\u00f3n\" \/>\n<meta name=\"robots\" content=\"index, follow, max-snippet:-1, max-image-preview:large, max-video-preview:-1\" \/>\n<link rel=\"canonical\" href=\"https:\/\/daxel.mx\/blog\/2025\/06\/11\/el-microfono-para-sala-de-juntas-y-una-adecuada-comunicacion\/\" \/>\n<meta property=\"og:locale\" content=\"es_MX\" \/>\n<meta property=\"og:type\" content=\"article\" \/>\n<meta property=\"og:title\" content=\"El micr\u00f3fono para sala de juntas y una adecuada comunicaci\u00f3n\" \/>\n<meta property=\"og:description\" content=\"Comprende a profundidad c\u00f3mo el micr\u00f3fono para sala de juntas contribuye en una adecuada comunicaci\u00f3n\" \/>\n<meta property=\"og:url\" content=\"https:\/\/daxel.mx\/blog\/2025\/06\/11\/el-microfono-para-sala-de-juntas-y-una-adecuada-comunicacion\/\" \/>\n<meta property=\"og:site_name\" content=\"D\u00e1xel Blog\" \/>\n<meta property=\"article:publisher\" content=\"https:\/\/www.facebook.com\/DaxelDomoticaAudiovisual\/\" \/>\n<meta property=\"article:published_time\" content=\"2025-06-11T17:27:54+00:00\" \/>\n<meta property=\"og:image\" content=\"https:\/\/daxel.mx\/blog\/wp-content\/uploads\/2018\/06\/ugn-silao-cap-13.jpg\" \/>\n\t<meta property=\"og:image:width\" content=\"2048\" \/>\n\t<meta property=\"og:image:height\" content=\"1536\" \/>\n\t<meta property=\"og:image:type\" content=\"image\/jpeg\" \/>\n<meta name=\"author\" content=\"programacion\" \/>\n<meta name=\"twitter:card\" content=\"summary_large_image\" \/>\n<meta name=\"twitter:label1\" content=\"Escrito por\" \/>\n\t<meta name=\"twitter:data1\" content=\"programacion\" \/>\n\t<meta name=\"twitter:label2\" content=\"Tiempo de lectura\" \/>\n\t<meta name=\"twitter:data2\" content=\"5 minutos\" \/>\n<script type=\"application\/ld+json\" class=\"yoast-schema-graph\">{\"@context\":\"https:\\\/\\\/schema.org\",\"@graph\":[{\"@type\":\"Article\",\"@id\":\"https:\\\/\\\/daxel.mx\\\/blog\\\/2025\\\/06\\\/11\\\/el-microfono-para-sala-de-juntas-y-una-adecuada-comunicacion\\\/#article\",\"isPartOf\":{\"@id\":\"https:\\\/\\\/daxel.mx\\\/blog\\\/2025\\\/06\\\/11\\\/el-microfono-para-sala-de-juntas-y-una-adecuada-comunicacion\\\/\"},\"author\":{\"name\":\"programacion\",\"@id\":\"https:\\\/\\\/daxel.mx\\\/blog\\\/#\\\/schema\\\/person\\\/da4f122a1134e8607516450127da9dfa\"},\"headline\":\"El micr\u00f3fono para sala de juntas y una adecuada comunicaci\u00f3n\",\"datePublished\":\"2025-06-11T17:27:54+00:00\",\"mainEntityOfPage\":{\"@id\":\"https:\\\/\\\/daxel.mx\\\/blog\\\/2025\\\/06\\\/11\\\/el-microfono-para-sala-de-juntas-y-una-adecuada-comunicacion\\\/\"},\"wordCount\":911,\"publisher\":{\"@id\":\"https:\\\/\\\/daxel.mx\\\/blog\\\/#organization\"},\"image\":{\"@id\":\"https:\\\/\\\/daxel.mx\\\/blog\\\/2025\\\/06\\\/11\\\/el-microfono-para-sala-de-juntas-y-una-adecuada-comunicacion\\\/#primaryimage\"},\"thumbnailUrl\":\"https:\\\/\\\/daxel.mx\\\/blog\\\/wp-content\\\/uploads\\\/2018\\\/06\\\/ugn-silao-cap-13.jpg\",\"articleSection\":[\"blog\"],\"inLanguage\":\"es\"},{\"@type\":\"WebPage\",\"@id\":\"https:\\\/\\\/daxel.mx\\\/blog\\\/2025\\\/06\\\/11\\\/el-microfono-para-sala-de-juntas-y-una-adecuada-comunicacion\\\/\",\"url\":\"https:\\\/\\\/daxel.mx\\\/blog\\\/2025\\\/06\\\/11\\\/el-microfono-para-sala-de-juntas-y-una-adecuada-comunicacion\\\/\",\"name\":\"El micr\u00f3fono para sala de juntas y una adecuada comunicaci\u00f3n\",\"isPartOf\":{\"@id\":\"https:\\\/\\\/daxel.mx\\\/blog\\\/#website\"},\"primaryImageOfPage\":{\"@id\":\"https:\\\/\\\/daxel.mx\\\/blog\\\/2025\\\/06\\\/11\\\/el-microfono-para-sala-de-juntas-y-una-adecuada-comunicacion\\\/#primaryimage\"},\"image\":{\"@id\":\"https:\\\/\\\/daxel.mx\\\/blog\\\/2025\\\/06\\\/11\\\/el-microfono-para-sala-de-juntas-y-una-adecuada-comunicacion\\\/#primaryimage\"},\"thumbnailUrl\":\"https:\\\/\\\/daxel.mx\\\/blog\\\/wp-content\\\/uploads\\\/2018\\\/06\\\/ugn-silao-cap-13.jpg\",\"datePublished\":\"2025-06-11T17:27:54+00:00\",\"description\":\"Comprende a profundidad c\u00f3mo el micr\u00f3fono para sala de juntas contribuye en una adecuada comunicaci\u00f3n\",\"breadcrumb\":{\"@id\":\"https:\\\/\\\/daxel.mx\\\/blog\\\/2025\\\/06\\\/11\\\/el-microfono-para-sala-de-juntas-y-una-adecuada-comunicacion\\\/#breadcrumb\"},\"inLanguage\":\"es\",\"potentialAction\":[{\"@type\":\"ReadAction\",\"target\":[\"https:\\\/\\\/daxel.mx\\\/blog\\\/2025\\\/06\\\/11\\\/el-microfono-para-sala-de-juntas-y-una-adecuada-comunicacion\\\/\"]}]},{\"@type\":\"ImageObject\",\"inLanguage\":\"es\",\"@id\":\"https:\\\/\\\/daxel.mx\\\/blog\\\/2025\\\/06\\\/11\\\/el-microfono-para-sala-de-juntas-y-una-adecuada-comunicacion\\\/#primaryimage\",\"url\":\"https:\\\/\\\/daxel.mx\\\/blog\\\/wp-content\\\/uploads\\\/2018\\\/06\\\/ugn-silao-cap-13.jpg\",\"contentUrl\":\"https:\\\/\\\/daxel.mx\\\/blog\\\/wp-content\\\/uploads\\\/2018\\\/06\\\/ugn-silao-cap-13.jpg\",\"width\":2048,\"height\":1536,\"caption\":\"Sala de capacitaci\u00f3n en la planta de UGN en Silao, Gto.\"},{\"@type\":\"BreadcrumbList\",\"@id\":\"https:\\\/\\\/daxel.mx\\\/blog\\\/2025\\\/06\\\/11\\\/el-microfono-para-sala-de-juntas-y-una-adecuada-comunicacion\\\/#breadcrumb\",\"itemListElement\":[{\"@type\":\"ListItem\",\"position\":1,\"name\":\"Inicio\",\"item\":\"https:\\\/\\\/daxel.mx\\\/blog\\\/\"},{\"@type\":\"ListItem\",\"position\":2,\"name\":\"El micr\u00f3fono para sala de juntas y una adecuada comunicaci\u00f3n\"}]},{\"@type\":\"WebSite\",\"@id\":\"https:\\\/\\\/daxel.mx\\\/blog\\\/#website\",\"url\":\"https:\\\/\\\/daxel.mx\\\/blog\\\/\",\"name\":\"D\u00e1xel Blog\",\"description\":\"Temas de Dom\u00f3tica Audiovisual\",\"publisher\":{\"@id\":\"https:\\\/\\\/daxel.mx\\\/blog\\\/#organization\"},\"potentialAction\":[{\"@type\":\"SearchAction\",\"target\":{\"@type\":\"EntryPoint\",\"urlTemplate\":\"https:\\\/\\\/daxel.mx\\\/blog\\\/?s={search_term_string}\"},\"query-input\":{\"@type\":\"PropertyValueSpecification\",\"valueRequired\":true,\"valueName\":\"search_term_string\"}}],\"inLanguage\":\"es\"},{\"@type\":\"Organization\",\"@id\":\"https:\\\/\\\/daxel.mx\\\/blog\\\/#organization\",\"name\":\"D\u00e1xel\",\"url\":\"https:\\\/\\\/daxel.mx\\\/blog\\\/\",\"logo\":{\"@type\":\"ImageObject\",\"inLanguage\":\"es\",\"@id\":\"https:\\\/\\\/daxel.mx\\\/blog\\\/#\\\/schema\\\/logo\\\/image\\\/\",\"url\":\"https:\\\/\\\/daxel.mx\\\/blog\\\/wp-content\\\/uploads\\\/2018\\\/01\\\/Horizontal-Gradiente.png\",\"contentUrl\":\"https:\\\/\\\/daxel.mx\\\/blog\\\/wp-content\\\/uploads\\\/2018\\\/01\\\/Horizontal-Gradiente.png\",\"width\":2748,\"height\":1152,\"caption\":\"D\u00e1xel\"},\"image\":{\"@id\":\"https:\\\/\\\/daxel.mx\\\/blog\\\/#\\\/schema\\\/logo\\\/image\\\/\"},\"sameAs\":[\"https:\\\/\\\/www.facebook.com\\\/DaxelDomoticaAudiovisual\\\/\",\"https:\\\/\\\/www.linkedin.com\\\/company\\\/d\u00e1xel\\\/\"]},{\"@type\":\"Person\",\"@id\":\"https:\\\/\\\/daxel.mx\\\/blog\\\/#\\\/schema\\\/person\\\/da4f122a1134e8607516450127da9dfa\",\"name\":\"programacion\",\"image\":{\"@type\":\"ImageObject\",\"inLanguage\":\"es\",\"@id\":\"https:\\\/\\\/secure.gravatar.com\\\/avatar\\\/9d3dfe9b12b7a0a3e2fb00f12839f14fd06d5319a3517c04f2fd4ba0024ec4f0?s=96&d=identicon&r=g\",\"url\":\"https:\\\/\\\/secure.gravatar.com\\\/avatar\\\/9d3dfe9b12b7a0a3e2fb00f12839f14fd06d5319a3517c04f2fd4ba0024ec4f0?s=96&d=identicon&r=g\",\"contentUrl\":\"https:\\\/\\\/secure.gravatar.com\\\/avatar\\\/9d3dfe9b12b7a0a3e2fb00f12839f14fd06d5319a3517c04f2fd4ba0024ec4f0?s=96&d=identicon&r=g\",\"caption\":\"programacion\"},\"url\":\"https:\\\/\\\/daxel.mx\\\/blog\\\/author\\\/programacion\\\/\"}]}<\/script>\n<!-- \/ Yoast SEO plugin. -->","yoast_head_json":{"title":"El micr\u00f3fono para sala de juntas y una adecuada comunicaci\u00f3n","description":"Comprende a profundidad c\u00f3mo el micr\u00f3fono para sala de juntas contribuye en una adecuada comunicaci\u00f3n","robots":{"index":"index","follow":"follow","max-snippet":"max-snippet:-1","max-image-preview":"max-image-preview:large","max-video-preview":"max-video-preview:-1"},"canonical":"https:\/\/daxel.mx\/blog\/2025\/06\/11\/el-microfono-para-sala-de-juntas-y-una-adecuada-comunicacion\/","og_locale":"es_MX","og_type":"article","og_title":"El micr\u00f3fono para sala de juntas y una adecuada comunicaci\u00f3n","og_description":"Comprende a profundidad c\u00f3mo el micr\u00f3fono para sala de juntas contribuye en una adecuada comunicaci\u00f3n","og_url":"https:\/\/daxel.mx\/blog\/2025\/06\/11\/el-microfono-para-sala-de-juntas-y-una-adecuada-comunicacion\/","og_site_name":"D\u00e1xel Blog","article_publisher":"https:\/\/www.facebook.com\/DaxelDomoticaAudiovisual\/","article_published_time":"2025-06-11T17:27:54+00:00","og_image":[{"width":2048,"height":1536,"url":"https:\/\/daxel.mx\/blog\/wp-content\/uploads\/2018\/06\/ugn-silao-cap-13.jpg","type":"image\/jpeg"}],"author":"programacion","twitter_card":"summary_large_image","twitter_misc":{"Escrito por":"programacion","Tiempo de lectura":"5 minutos"},"schema":{"@context":"https:\/\/schema.org","@graph":[{"@type":"Article","@id":"https:\/\/daxel.mx\/blog\/2025\/06\/11\/el-microfono-para-sala-de-juntas-y-una-adecuada-comunicacion\/#article","isPartOf":{"@id":"https:\/\/daxel.mx\/blog\/2025\/06\/11\/el-microfono-para-sala-de-juntas-y-una-adecuada-comunicacion\/"},"author":{"name":"programacion","@id":"https:\/\/daxel.mx\/blog\/#\/schema\/person\/da4f122a1134e8607516450127da9dfa"},"headline":"El micr\u00f3fono para sala de juntas y una adecuada comunicaci\u00f3n","datePublished":"2025-06-11T17:27:54+00:00","mainEntityOfPage":{"@id":"https:\/\/daxel.mx\/blog\/2025\/06\/11\/el-microfono-para-sala-de-juntas-y-una-adecuada-comunicacion\/"},"wordCount":911,"publisher":{"@id":"https:\/\/daxel.mx\/blog\/#organization"},"image":{"@id":"https:\/\/daxel.mx\/blog\/2025\/06\/11\/el-microfono-para-sala-de-juntas-y-una-adecuada-comunicacion\/#primaryimage"},"thumbnailUrl":"https:\/\/daxel.mx\/blog\/wp-content\/uploads\/2018\/06\/ugn-silao-cap-13.jpg","articleSection":["blog"],"inLanguage":"es"},{"@type":"WebPage","@id":"https:\/\/daxel.mx\/blog\/2025\/06\/11\/el-microfono-para-sala-de-juntas-y-una-adecuada-comunicacion\/","url":"https:\/\/daxel.mx\/blog\/2025\/06\/11\/el-microfono-para-sala-de-juntas-y-una-adecuada-comunicacion\/","name":"El micr\u00f3fono para sala de juntas y una adecuada comunicaci\u00f3n","isPartOf":{"@id":"https:\/\/daxel.mx\/blog\/#website"},"primaryImageOfPage":{"@id":"https:\/\/daxel.mx\/blog\/2025\/06\/11\/el-microfono-para-sala-de-juntas-y-una-adecuada-comunicacion\/#primaryimage"},"image":{"@id":"https:\/\/daxel.mx\/blog\/2025\/06\/11\/el-microfono-para-sala-de-juntas-y-una-adecuada-comunicacion\/#primaryimage"},"thumbnailUrl":"https:\/\/daxel.mx\/blog\/wp-content\/uploads\/2018\/06\/ugn-silao-cap-13.jpg","datePublished":"2025-06-11T17:27:54+00:00","description":"Comprende a profundidad c\u00f3mo el micr\u00f3fono para sala de juntas contribuye en una adecuada comunicaci\u00f3n","breadcrumb":{"@id":"https:\/\/daxel.mx\/blog\/2025\/06\/11\/el-microfono-para-sala-de-juntas-y-una-adecuada-comunicacion\/#breadcrumb"},"inLanguage":"es","potentialAction":[{"@type":"ReadAction","target":["https:\/\/daxel.mx\/blog\/2025\/06\/11\/el-microfono-para-sala-de-juntas-y-una-adecuada-comunicacion\/"]}]},{"@type":"ImageObject","inLanguage":"es","@id":"https:\/\/daxel.mx\/blog\/2025\/06\/11\/el-microfono-para-sala-de-juntas-y-una-adecuada-comunicacion\/#primaryimage","url":"https:\/\/daxel.mx\/blog\/wp-content\/uploads\/2018\/06\/ugn-silao-cap-13.jpg","contentUrl":"https:\/\/daxel.mx\/blog\/wp-content\/uploads\/2018\/06\/ugn-silao-cap-13.jpg","width":2048,"height":1536,"caption":"Sala de capacitaci\u00f3n en la planta de UGN en Silao, Gto."},{"@type":"BreadcrumbList","@id":"https:\/\/daxel.mx\/blog\/2025\/06\/11\/el-microfono-para-sala-de-juntas-y-una-adecuada-comunicacion\/#breadcrumb","itemListElement":[{"@type":"ListItem","position":1,"name":"Inicio","item":"https:\/\/daxel.mx\/blog\/"},{"@type":"ListItem","position":2,"name":"El micr\u00f3fono para sala de juntas y una adecuada comunicaci\u00f3n"}]},{"@type":"WebSite","@id":"https:\/\/daxel.mx\/blog\/#website","url":"https:\/\/daxel.mx\/blog\/","name":"D\u00e1xel Blog","description":"Temas de Dom\u00f3tica Audiovisual","publisher":{"@id":"https:\/\/daxel.mx\/blog\/#organization"},"potentialAction":[{"@type":"SearchAction","target":{"@type":"EntryPoint","urlTemplate":"https:\/\/daxel.mx\/blog\/?s={search_term_string}"},"query-input":{"@type":"PropertyValueSpecification","valueRequired":true,"valueName":"search_term_string"}}],"inLanguage":"es"},{"@type":"Organization","@id":"https:\/\/daxel.mx\/blog\/#organization","name":"D\u00e1xel","url":"https:\/\/daxel.mx\/blog\/","logo":{"@type":"ImageObject","inLanguage":"es","@id":"https:\/\/daxel.mx\/blog\/#\/schema\/logo\/image\/","url":"https:\/\/daxel.mx\/blog\/wp-content\/uploads\/2018\/01\/Horizontal-Gradiente.png","contentUrl":"https:\/\/daxel.mx\/blog\/wp-content\/uploads\/2018\/01\/Horizontal-Gradiente.png","width":2748,"height":1152,"caption":"D\u00e1xel"},"image":{"@id":"https:\/\/daxel.mx\/blog\/#\/schema\/logo\/image\/"},"sameAs":["https:\/\/www.facebook.com\/DaxelDomoticaAudiovisual\/","https:\/\/www.linkedin.com\/company\/d\u00e1xel\/"]},{"@type":"Person","@id":"https:\/\/daxel.mx\/blog\/#\/schema\/person\/da4f122a1134e8607516450127da9dfa","name":"programacion","image":{"@type":"ImageObject","inLanguage":"es","@id":"https:\/\/secure.gravatar.com\/avatar\/9d3dfe9b12b7a0a3e2fb00f12839f14fd06d5319a3517c04f2fd4ba0024ec4f0?s=96&d=identicon&r=g","url":"https:\/\/secure.gravatar.com\/avatar\/9d3dfe9b12b7a0a3e2fb00f12839f14fd06d5319a3517c04f2fd4ba0024ec4f0?s=96&d=identicon&r=g","contentUrl":"https:\/\/secure.gravatar.com\/avatar\/9d3dfe9b12b7a0a3e2fb00f12839f14fd06d5319a3517c04f2fd4ba0024ec4f0?s=96&d=identicon&r=g","caption":"programacion"},"url":"https:\/\/daxel.mx\/blog\/author\/programacion\/"}]}},"jetpack_publicize_connections":[],"_links":{"self":[{"href":"https:\/\/daxel.mx\/blog\/wp-json\/wp\/v2\/posts\/991","targetHints":{"allow":["GET"]}}],"collection":[{"href":"https:\/\/daxel.mx\/blog\/wp-json\/wp\/v2\/posts"}],"about":[{"href":"https:\/\/daxel.mx\/blog\/wp-json\/wp\/v2\/types\/post"}],"author":[{"embeddable":true,"href":"https:\/\/daxel.mx\/blog\/wp-json\/wp\/v2\/users\/342"}],"replies":[{"embeddable":true,"href":"https:\/\/daxel.mx\/blog\/wp-json\/wp\/v2\/comments?post=991"}],"version-history":[{"count":1,"href":"https:\/\/daxel.mx\/blog\/wp-json\/wp\/v2\/posts\/991\/revisions"}],"predecessor-version":[{"id":1001,"href":"https:\/\/daxel.mx\/blog\/wp-json\/wp\/v2\/posts\/991\/revisions\/1001"}],"wp:featuredmedia":[{"embeddable":true,"href":"https:\/\/daxel.mx\/blog\/wp-json\/wp\/v2\/media\/130"}],"wp:attachment":[{"href":"https:\/\/daxel.mx\/blog\/wp-json\/wp\/v2\/media?parent=991"}],"wp:term":[{"taxonomy":"category","embeddable":true,"href":"https:\/\/daxel.mx\/blog\/wp-json\/wp\/v2\/categories?post=991"},{"taxonomy":"post_tag","embeddable":true,"href":"https:\/\/daxel.mx\/blog\/wp-json\/wp\/v2\/tags?post=991"}],"curies":[{"name":"wp","href":"https:\/\/api.w.org\/{rel}","templated":true}]}}